{"id":6527,"date":"2026-09-04T17:23:01","date_gmt":"2026-09-04T15:23:01","guid":{"rendered":"https:\/\/afea.fr\/news\/?p=6527"},"modified":"2026-09-04T17:24:37","modified_gmt":"2026-09-04T15:24:37","slug":"international-conference-urban-writings-forms-and-practices-universite-gustave-eiffel-30-06-02-07-2027","status":"publish","type":"post","link":"https:\/\/afea.fr\/news\/cfp\/international-conference-urban-writings-forms-and-practices-universite-gustave-eiffel-30-06-02-07-2027\/6527\/","title":{"rendered":"International Conference \u201cUrban Writings: Forms and Practices,&#8221; Universit\u00e9 Gustave Eiffel, (30.06-02.07.2027)"},"content":{"rendered":"<p>Le comit\u00e9 d\u2019organisation du colloque international \u00ab \u00c9critures urbaines : Formes et Pratiques \u00bb, qui se tiendra \u00e0 l\u2019Universit\u00e9 Gustave Eiffel du 30 juin au 2 juillet 2027, a le plaisir d\u2019annoncer la publication de son appel \u00e0 communications \u00e0<br \/>\n<a href=\"https:\/\/ecrituresurbaines.org\">https:\/\/ecrituresurbaines.org<\/a>. Ce colloque pluridisciplinaire invite chercheuses et chercheurs en litt\u00e9rature, architecture, urbanisme, g\u00e9ographie et histoire urbaine \u00e0 interroger les \u00ab \u00e9critures urbaines \u00bb comme corpus partag\u00e9, entre ce que la ville fait \u00e0 l\u2019\u00e9criture et ce que l\u2019\u00e9criture fait \u00e0 la ville.<\/p>\n<p>Les propositions de communication (titre, sous-titre \u00e9ventuel et r\u00e9sum\u00e9 probl\u00e9matis\u00e9, une page maximum) sont \u00e0 envoyer avant le 1er octobre 2026 \u00e0 contact@ecrituresurbaines.org. Les r\u00e9ponses du comit\u00e9 scientifique seront communiqu\u00e9es avant le 1er novembre 2026.<\/p>\n<p>The organizing committee of the international conference \u201cUrban Writings: Forms and Practices,\u201d to be held at Gustave Eiffel University from June 30 to July 2, 2027, is pleased to announce the publication of its call for papers: <a href=\"https:\/\/ecrituresurbaines.org\">https:\/\/ecrituresurbaines.org<\/a>.. This multidisciplinary conference invites researchers in literature, architecture, urban planning, geography, and urban history to explore \u201curban writings\u201d as a shared corpus, examining both what the city does to writing and what writing does to the city.<\/p>\n<p>Proposals (title, optional subtitle, and problem-oriented abstract, one page maximum) should be submitted by October 1, 2026 to contact@ecrituresurbaines.org<br \/>\nThe scientific committee will notify authors of its decisions by November 1, 2026.<\/p>\n<p>Source: Olivier Brossard<\/p>\n","protected":false},"excerpt":{"rendered":"<p>Le comit\u00e9 d\u2019organisation du colloque international \u00ab \u00c9critures urbaines : Formes et Pratiques \u00bb, qui se tiendra \u00e0 l\u2019Universit\u00e9 Gustave [&hellip;]<\/p>\n","protected":false},"author":1,"featured_media":0,"comment_status":"closed","ping_status":"open","sticky":false,"template":"","format":"standard","meta":{"_uag_custom_page_level_css":"","site-sidebar-layout":"default","site-content-layout":"","ast-site-content-layout":"default","site-content-style":"default","site-sidebar-style":"default","ast-global-header-display":"","ast-banner-title-visibility":"","ast-main-header-display":"","ast-hfb-above-header-display":"","ast-hfb-below-header-display":"","ast-hfb-mobile-header-display":"","site-post-title":"","ast-breadcrumbs-content":"","ast-featured-img":"","footer-sml-layout":"","ast-disable-related-posts":"","theme-transparent-header-meta":"","adv-header-id-meta":"","stick-header-meta":"","header-above-stick-meta":"","header-main-stick-meta":"","header-below-stick-meta":"","astra-migrate-meta-layouts":"default","ast-page-background-enabled":"default","ast-page-background-meta":{"desktop":{"background-color":"var(--ast-global-color-5)","background-image":"","background-repeat":"repeat","background-position":"center center","background-size":"auto","background-attachment":"scroll","background-type":"","background-media":"","overlay-type":"","overlay-color":"","overlay-opacity":"","overlay-gradient":""},"tablet":{"background-color":"","background-image":"","background-repeat":"repeat","background-position":"center center","background-size":"auto","background-attachment":"scroll","background-type":"","background-media":"","overlay-type":"","overlay-color":"","overlay-opacity":"","overlay-gradient":""},"mobile":{"background-color":"","background-image":"","background-repeat":"repeat","background-position":"center center","background-size":"auto","background-attachment":"scroll","background-type":"","background-media":"","overlay-type":"","overlay-color":"","overlay-opacity":"","overlay-gradient":""}},"ast-content-background-meta":{"desktop":{"background-color":"var(--ast-global-color-4)","background-image":"","background-repeat":"repeat","background-position":"center center","background-size":"auto","background-attachment":"scroll","background-type":"","background-media":"","overlay-type":"","overlay-color":"","overlay-opacity":"","overlay-gradient":""},"tablet":{"background-color":"var(--ast-global-color-4)","background-image":"","background-repeat":"repeat","background-position":"center center","background-size":"auto","background-attachment":"scroll","background-type":"","background-media":"","overlay-type":"","overlay-color":"","overlay-opacity":"","overlay-gradient":""},"mobile":{"background-color":"var(--ast-global-color-4)","background-image":"","background-repeat":"repeat","background-position":"center center","background-size":"auto","background-attachment":"scroll","background-type":"","background-media":"","overlay-type":"","overlay-color":"","overlay-opacity":"","overlay-gradient":""}},"_jetpack_memberships_contains_paid_content":false,"footnotes":""},"categories":[99],"tags":[1989,188,633,1988],"class_list":["post-6527","post","type-post","status-publish","format-standard","hentry","category-cfp","tag-2027_06","tag-cfp","tag-universite-gustave-eiffel","tag-urban-writings"],"uagb_featured_image_src":{"full":false,"thumbnail":false,"medium":false,"medium_large":false,"large":false,"1536x1536":false,"2048x2048":false},"uagb_author_info":{"display_name":"Admin","author_link":"https:\/\/afea.fr\/news\/author\/yanb\/"},"uagb_comment_info":0,"uagb_excerpt":"Le comit\u00e9 d\u2019organisation du colloque international \u00ab \u00c9critures urbaines : Formes et Pratiques \u00bb, qui se tiendra \u00e0 l\u2019Universit\u00e9 Gustave [&hellip;]","jetpack_featured_media_url":"","jetpack_sharing_enabled":true,"_links":{"self":[{"href":"https:\/\/afea.fr\/news\/wp-json\/wp\/v2\/posts\/6527"}],"collection":[{"href":"https:\/\/afea.fr\/news\/wp-json\/wp\/v2\/posts"}],"about":[{"href":"https:\/\/afea.fr\/news\/wp-json\/wp\/v2\/types\/post"}],"author":[{"embeddable":true,"href":"https:\/\/afea.fr\/news\/wp-json\/wp\/v2\/users\/1"}],"replies":[{"embeddable":true,"href":"https:\/\/afea.fr\/news\/wp-json\/wp\/v2\/comments?post=6527"}],"version-history":[{"count":1,"href":"https:\/\/afea.fr\/news\/wp-json\/wp\/v2\/posts\/6527\/revisions"}],"predecessor-version":[{"id":6528,"href":"https:\/\/afea.fr\/news\/wp-json\/wp\/v2\/posts\/6527\/revisions\/6528"}],"wp:attachment":[{"href":"https:\/\/afea.fr\/news\/wp-json\/wp\/v2\/media?parent=6527"}],"wp:term":[{"taxonomy":"category","embeddable":true,"href":"https:\/\/afea.fr\/news\/wp-json\/wp\/v2\/categories?post=6527"},{"taxonomy":"post_tag","embeddable":true,"href":"https:\/\/afea.fr\/news\/wp-json\/wp\/v2\/tags?post=6527"}],"curies":[{"name":"wp","href":"https:\/\/api.w.org\/{rel}","templated":true}]}}