{"id":5321,"date":"2024-11-14T12:22:02","date_gmt":"2024-11-14T11:22:02","guid":{"rendered":"https:\/\/afea.fr\/news\/cfp\/comment-imager-le-xxie-siecle-figurer-la-realite-dans-les-arts-visuels-what-can-pictures-still-do-in-the-21st-century-figuring-reality-in-visual-arts\/5321\/"},"modified":"2024-11-14T12:22:02","modified_gmt":"2024-11-14T11:22:02","slug":"comment-imager-le-xxie-siecle-figurer-la-realite-dans-les-arts-visuels-what-can-pictures-still-do-in-the-21st-century-figuring-reality-in-visual-arts","status":"publish","type":"post","link":"https:\/\/afea.fr\/news\/cfp\/comment-imager-le-xxie-siecle-figurer-la-realite-dans-les-arts-visuels-what-can-pictures-still-do-in-the-21st-century-figuring-reality-in-visual-arts\/5321\/","title":{"rendered":"Comment imager le XXIe si\u00e8cle ? Figurer la r\u00e9alit\u00e9 dans les arts visuels\/What can pictures still do in the 21st century? Figuring reality in visual arts"},"content":{"rendered":"<p>Ce colloque se propose d\u2019examiner la question de la repr\u00e9sentation figurative dans les arts visuels au d\u00e9but de XXIe si\u00e8cle. Les pratiques artistiques figuratives sont en effet confront\u00e9es \u00e0 des modalit\u00e9s de sophistication technologique de plus en plus \u00e9lev\u00e9es qui remettent en question la d\u00e9finition du \u00ab r\u00e9el \u00bb, et plus particuli\u00e8rement, de la r\u00e9alit\u00e9. Les images g\u00e9n\u00e9r\u00e9es par l\u2019intelligence artificielle tendent \u00e0 normaliser une vision manipul\u00e9e et d\u00e9form\u00e9e du monde qui nous entoure, quand elles n\u2019en proposent pas une version totalement fausse et fabriqu\u00e9e (\u00ab deepfake \u00bb).<\/p>\n<p>This conference aims to examine the question of figurative art at the beginning of the 21st century. Nowadays, figurative artistic models are challenged by increasingly sophisticated technologies that reshape our definition of \u201cthe real,\u201d and more particularly, of reality. AI-generated images tend to normalize manipulated and distorted representations of the world we live in and can sometimes become indistinguishable from real images (\u201cdeepfakes\u201d)<br \/>\nThe deadline for submission is January 6, 2025.<br \/>\nThe complete CFP can be found here: <a href=\"https:\/\/figurer.sciencesconf.org\/\">https:\/\/figurer.sciencesconf.org\/<\/a><\/p>\n<p>Source: Nicolas Labarre &lt;nicolas.labarre&gt;<\/p>\n","protected":false},"excerpt":{"rendered":"<p>Ce colloque se propose d\u2019examiner la question de la repr\u00e9sentation figurative dans les arts visuels au d\u00e9but de XXIe si\u00e8cle. [&hellip;]<\/p>\n","protected":false},"author":1,"featured_media":0,"comment_status":"closed","ping_status":"open","sticky":false,"template":"","format":"standard","meta":{"_uag_custom_page_level_css":"","site-sidebar-layout":"default","site-content-layout":"","ast-site-content-layout":"default","site-content-style":"default","site-sidebar-style":"default","ast-global-header-display":"","ast-banner-title-visibility":"","ast-main-header-display":"","ast-hfb-above-header-display":"","ast-hfb-below-header-display":"","ast-hfb-mobile-header-display":"","site-post-title":"","ast-breadcrumbs-content":"","ast-featured-img":"","footer-sml-layout":"","ast-disable-related-posts":"","theme-transparent-header-meta":"","adv-header-id-meta":"","stick-header-meta":"","header-above-stick-meta":"","header-main-stick-meta":"","header-below-stick-meta":"","astra-migrate-meta-layouts":"default","ast-page-background-enabled":"default","ast-page-background-meta":{"desktop":{"background-color":"var(--ast-global-color-5)","background-image":"","background-repeat":"repeat","background-position":"center center","background-size":"auto","background-attachment":"scroll","background-type":"","background-media":"","overlay-type":"","overlay-color":"","overlay-opacity":"","overlay-gradient":""},"tablet":{"background-color":"","background-image":"","background-repeat":"repeat","background-position":"center center","background-size":"auto","background-attachment":"scroll","background-type":"","background-media":"","overlay-type":"","overlay-color":"","overlay-opacity":"","overlay-gradient":""},"mobile":{"background-color":"","background-image":"","background-repeat":"repeat","background-position":"center center","background-size":"auto","background-attachment":"scroll","background-type":"","background-media":"","overlay-type":"","overlay-color":"","overlay-opacity":"","overlay-gradient":""}},"ast-content-background-meta":{"desktop":{"background-color":"var(--ast-global-color-4)","background-image":"","background-repeat":"repeat","background-position":"center center","background-size":"auto","background-attachment":"scroll","background-type":"","background-media":"","overlay-type":"","overlay-color":"","overlay-opacity":"","overlay-gradient":""},"tablet":{"background-color":"var(--ast-global-color-4)","background-image":"","background-repeat":"repeat","background-position":"center center","background-size":"auto","background-attachment":"scroll","background-type":"","background-media":"","overlay-type":"","overlay-color":"","overlay-opacity":"","overlay-gradient":""},"mobile":{"background-color":"var(--ast-global-color-4)","background-image":"","background-repeat":"repeat","background-position":"center center","background-size":"auto","background-attachment":"scroll","background-type":"","background-media":"","overlay-type":"","overlay-color":"","overlay-opacity":"","overlay-gradient":""}},"_jetpack_memberships_contains_paid_content":false,"footnotes":""},"categories":[99],"tags":[289,1961,1962,447,1963,1417],"class_list":["post-5321","post","type-post","status-publish","format-standard","hentry","category-cfp","tag-ai","tag-figuration","tag-mimesis","tag-popular-culture","tag-post-truth","tag-visual-arts"],"jetpack_featured_media_url":"","uagb_featured_image_src":{"full":false,"thumbnail":false,"medium":false,"medium_large":false,"large":false,"1536x1536":false,"2048x2048":false},"uagb_author_info":{"display_name":"Admin","author_link":"https:\/\/afea.fr\/news\/author\/yanb\/"},"uagb_comment_info":0,"uagb_excerpt":"Ce colloque se propose d\u2019examiner la question de la repr\u00e9sentation figurative dans les arts visuels au d\u00e9but de XXIe si\u00e8cle. [&hellip;]","jetpack_sharing_enabled":true,"_links":{"self":[{"href":"https:\/\/afea.fr\/news\/wp-json\/wp\/v2\/posts\/5321"}],"collection":[{"href":"https:\/\/afea.fr\/news\/wp-json\/wp\/v2\/posts"}],"about":[{"href":"https:\/\/afea.fr\/news\/wp-json\/wp\/v2\/types\/post"}],"author":[{"embeddable":true,"href":"https:\/\/afea.fr\/news\/wp-json\/wp\/v2\/users\/1"}],"replies":[{"embeddable":true,"href":"https:\/\/afea.fr\/news\/wp-json\/wp\/v2\/comments?post=5321"}],"version-history":[{"count":0,"href":"https:\/\/afea.fr\/news\/wp-json\/wp\/v2\/posts\/5321\/revisions"}],"wp:attachment":[{"href":"https:\/\/afea.fr\/news\/wp-json\/wp\/v2\/media?parent=5321"}],"wp:term":[{"taxonomy":"category","embeddable":true,"href":"https:\/\/afea.fr\/news\/wp-json\/wp\/v2\/categories?post=5321"},{"taxonomy":"post_tag","embeddable":true,"href":"https:\/\/afea.fr\/news\/wp-json\/wp\/v2\/tags?post=5321"}],"curies":[{"name":"wp","href":"https:\/\/api.w.org\/{rel}","templated":true}]}}