{"id":5223,"date":"2024-10-17T19:07:16","date_gmt":"2024-10-17T17:07:16","guid":{"rendered":"https:\/\/afea.fr\/news\/?p=5223"},"modified":"2024-10-17T19:07:16","modified_gmt":"2024-10-17T17:07:16","slug":"triomphe-chute-et-renaissance-les-representations-de-la-ville-de-detroit-michigan-et-leurs-sous-textes-ideologiques-politiques-et-ethiques","status":"publish","type":"post","link":"https:\/\/afea.fr\/news\/cfp\/triomphe-chute-et-renaissance-les-representations-de-la-ville-de-detroit-michigan-et-leurs-sous-textes-ideologiques-politiques-et-ethiques\/5223\/","title":{"rendered":"Triomphe, chute et renaissance : les repr\u00e9sentations de la ville de D\u00e9troit (Michigan) et leurs sous-textes id\u00e9ologiques, politiques et \u00e9thiques"},"content":{"rendered":"<p>Ch\u00e8res et chers coll\u00e8gues,<\/p>\n<p>J&rsquo;ai le plaisir de vous transmettre un appel \u00e0 communication pour le colloque international bilingue (fran\u00e7ais et anglais) intitul\u00e9 &quot;Triomphe, chute et renaissance : les repr\u00e9sentations de la ville de D\u00e9troit (Michigan) et leurs sous-textes id\u00e9ologiques, politiques et \u00e9thiques&quot;, qui aura lieu \u00e0 la cit\u00e9 du Design de Saint-Etienne du 11 au 13 juin 2025. L&rsquo;appel, en fran\u00e7ais et en anglais, est disponible ici :<br \/>\n<a href=\"https:\/\/eclla.univ-st-etienne.fr\/fr\/manifestations\/appels-a-communication\/appels-a-communication-triomphe-chute-et-renaissance.html\">https:\/\/eclla.univ-st-etienne.fr\/fr\/manifestations\/appels-a-communication\/appels-a-communication-triomphe-chute-et-renaissance.html<\/a><\/p>\n<p>Ce colloque est le second volet d&rsquo;un programme de recherche que je porte dans le cadre du dispositif ELAN recherche 2024 de l&rsquo;Universit\u00e9 Jean Monnet Saint-Etienne, avec le soutien de l&rsquo;unit\u00e9 de recherche ECLLA.<\/p>\n<p>Le colloque comprendra trois conf\u00e9rences pl\u00e9ni\u00e8res, assur\u00e9es par Rebecca J. Kinney (Bowling Green University), Rapha\u00eblle Guid\u00e9e (Universit\u00e9 Paris 8) et Aude Le Gallou (Universit\u00e9 de Gen\u00e8ve).<\/p>\n<p>Merci d\u2019envoyer vos propositions de communication en fran\u00e7ais ou, de pr\u00e9f\u00e9rence, en anglais (300 mots), accompagn\u00e9es d\u2019une courte notice bio-bibliographique, \u00e0 detroitconference2025 avant le 10 f\u00e9vrier 2025.<\/p>\n<p>Source: Vincent Jaunas &lt;vincent.jaunas&gt;<\/p>\n<p><a href=\"https:\/\/afea.fr\/news\/wp-content\/uploads\/sites\/2\/2024\/10\/Detroit-appel-bilingue.pdf\">Detroit-appel-bilingue.pdf<\/a><\/p>\n","protected":false},"excerpt":{"rendered":"<p>Ch\u00e8res et chers coll\u00e8gues, J&rsquo;ai le plaisir de vous transmettre un appel \u00e0 communication pour le colloque international bilingue (fran\u00e7ais [&hellip;]<\/p>\n","protected":false},"author":1,"featured_media":0,"comment_status":"closed","ping_status":"open","sticky":false,"template":"","format":"standard","meta":{"_uag_custom_page_level_css":"","site-sidebar-layout":"default","site-content-layout":"","ast-site-content-layout":"default","site-content-style":"default","site-sidebar-style":"default","ast-global-header-display":"","ast-banner-title-visibility":"","ast-main-header-display":"","ast-hfb-above-header-display":"","ast-hfb-below-header-display":"","ast-hfb-mobile-header-display":"","site-post-title":"","ast-breadcrumbs-content":"","ast-featured-img":"","footer-sml-layout":"","ast-disable-related-posts":"","theme-transparent-header-meta":"","adv-header-id-meta":"","stick-header-meta":"","header-above-stick-meta":"","header-main-stick-meta":"","header-below-stick-meta":"","astra-migrate-meta-layouts":"default","ast-page-background-enabled":"default","ast-page-background-meta":{"desktop":{"background-color":"var(--ast-global-color-5)","background-image":"","background-repeat":"repeat","background-position":"center center","background-size":"auto","background-attachment":"scroll","background-type":"","background-media":"","overlay-type":"","overlay-color":"","overlay-opacity":"","overlay-gradient":""},"tablet":{"background-color":"","background-image":"","background-repeat":"repeat","background-position":"center center","background-size":"auto","background-attachment":"scroll","background-type":"","background-media":"","overlay-type":"","overlay-color":"","overlay-opacity":"","overlay-gradient":""},"mobile":{"background-color":"","background-image":"","background-repeat":"repeat","background-position":"center center","background-size":"auto","background-attachment":"scroll","background-type":"","background-media":"","overlay-type":"","overlay-color":"","overlay-opacity":"","overlay-gradient":""}},"ast-content-background-meta":{"desktop":{"background-color":"var(--ast-global-color-4)","background-image":"","background-repeat":"repeat","background-position":"center center","background-size":"auto","background-attachment":"scroll","background-type":"","background-media":"","overlay-type":"","overlay-color":"","overlay-opacity":"","overlay-gradient":""},"tablet":{"background-color":"var(--ast-global-color-4)","background-image":"","background-repeat":"repeat","background-position":"center center","background-size":"auto","background-attachment":"scroll","background-type":"","background-media":"","overlay-type":"","overlay-color":"","overlay-opacity":"","overlay-gradient":""},"mobile":{"background-color":"var(--ast-global-color-4)","background-image":"","background-repeat":"repeat","background-position":"center center","background-size":"auto","background-attachment":"scroll","background-type":"","background-media":"","overlay-type":"","overlay-color":"","overlay-opacity":"","overlay-gradient":""}},"_jetpack_memberships_contains_paid_content":false,"footnotes":""},"categories":[99],"tags":[188,1920,760,1921],"class_list":["post-5223","post","type-post","status-publish","format-standard","hentry","category-cfp","tag-cfp","tag-detroit","tag-representations","tag-saint-etienne"],"jetpack_featured_media_url":"","uagb_featured_image_src":{"full":false,"thumbnail":false,"medium":false,"medium_large":false,"large":false,"1536x1536":false,"2048x2048":false},"uagb_author_info":{"display_name":"Admin","author_link":"https:\/\/afea.fr\/news\/author\/yanb\/"},"uagb_comment_info":0,"uagb_excerpt":"Ch\u00e8res et chers coll\u00e8gues, J&rsquo;ai le plaisir de vous transmettre un appel \u00e0 communication pour le colloque international bilingue (fran\u00e7ais [&hellip;]","jetpack_sharing_enabled":true,"_links":{"self":[{"href":"https:\/\/afea.fr\/news\/wp-json\/wp\/v2\/posts\/5223"}],"collection":[{"href":"https:\/\/afea.fr\/news\/wp-json\/wp\/v2\/posts"}],"about":[{"href":"https:\/\/afea.fr\/news\/wp-json\/wp\/v2\/types\/post"}],"author":[{"embeddable":true,"href":"https:\/\/afea.fr\/news\/wp-json\/wp\/v2\/users\/1"}],"replies":[{"embeddable":true,"href":"https:\/\/afea.fr\/news\/wp-json\/wp\/v2\/comments?post=5223"}],"version-history":[{"count":1,"href":"https:\/\/afea.fr\/news\/wp-json\/wp\/v2\/posts\/5223\/revisions"}],"predecessor-version":[{"id":5225,"href":"https:\/\/afea.fr\/news\/wp-json\/wp\/v2\/posts\/5223\/revisions\/5225"}],"wp:attachment":[{"href":"https:\/\/afea.fr\/news\/wp-json\/wp\/v2\/media?parent=5223"}],"wp:term":[{"taxonomy":"category","embeddable":true,"href":"https:\/\/afea.fr\/news\/wp-json\/wp\/v2\/categories?post=5223"},{"taxonomy":"post_tag","embeddable":true,"href":"https:\/\/afea.fr\/news\/wp-json\/wp\/v2\/tags?post=5223"}],"curies":[{"name":"wp","href":"https:\/\/api.w.org\/{rel}","templated":true}]}}