{"id":5220,"date":"2024-10-16T21:59:17","date_gmt":"2024-10-16T19:59:17","guid":{"rendered":"https:\/\/afea.fr\/news\/seminar\/seminaire-de-lobservatoire-de-recherche-sur-les-etats-unis-orus-politiques-americaines-universite-paris-nanterre-johan-wurzburg\/5220\/"},"modified":"2024-10-16T21:59:17","modified_gmt":"2024-10-16T19:59:17","slug":"seminaire-de-lobservatoire-de-recherche-sur-les-etats-unis-orus-politiques-americaines-universite-paris-nanterre-johan-wurzburg","status":"publish","type":"post","link":"https:\/\/afea.fr\/news\/seminar\/seminaire-de-lobservatoire-de-recherche-sur-les-etats-unis-orus-politiques-americaines-universite-paris-nanterre-johan-wurzburg\/5220\/","title":{"rendered":"S\u00e9minaire de l&#39;Observatoire de Recherche sur les \u00c9tats-Unis (ORUS\/Politiques Am\u00e9ricaines, Universit\u00e9 Paris Nanterre) \u2013 Johan Wurzburg"},"content":{"rendered":"<p>Nous avons le plaisir de vous inviter \u00e0 la nouvelle s\u00e9ance du s\u00e9minaire de l&rsquo;Observatoire de Recherche sur les \u00c9tats-Unis (ORUS \/ Politiques Am\u00e9ricaines), qui aura lieu en hybride mardi 22 octobre prochain \u00e0 17h30 en salle de s\u00e9minaire 1 (RDC) du b\u00e2timent Weber (W).<\/p>\n<p>Nous recevrons Johan Wurzburg pour une pr\u00e9sentation intitul\u00e9e : L\u2019impact de l\u2019\u00ab \u00e9pid\u00e9mie d\u2019opio\u00efdes \u00bb nord-am\u00e9ricaine sur la politique des drogues \u00e9tatsunienne et les repr\u00e9sentations de la d\u00e9pendance au prisme du local : entre coercition bienveillante et remise en cause du mod\u00e8le prohibitionniste. Le cas du Vermont (1990s \u2013 2010s).<\/p>\n<p>Vous retrouverez sur le site du CREA tous les d\u00e9tails concernant cette s\u00e9ance (<a href=\"https:\/\/crea.parisnanterre.fr\/apercu\/1194656\/\">https:\/\/crea.parisnanterre.fr\/apercu\/1194656\/<\/a>) ainsi que le calendrier complet du s\u00e9minaire (<a href=\"https:\/\/crea.parisnanterre.fr\/groupes-de-recherche-et-projets-thematiques\/politiques-americaines\">https:\/\/crea.parisnanterre.fr\/groupes-de-recherche-et-projets-thematiques\/politiques-americaines<\/a>).<\/p>\n<p>Pour obtenir le lien de connexion de la s\u00e9ance, merci d&rsquo;\u00e9crire \u00e0 Elisabeth Fauquert (efauquert) et\/ou \u00e0 H\u00e9l\u00e8ne Solot (h.solot).<\/p>\n<p>En esp\u00e9rant vous y retrouver nombreux et nombreuses,<\/p>\n<p>Bien cordialement,<\/p>\n<p>Elisabeth Fauquert et H\u00e9l\u00e8ne Solot<\/p>\n<p>Source: Elisabeth Fauquert &lt;efauquert&gt;<\/p>\n","protected":false},"excerpt":{"rendered":"<p>Nous avons le plaisir de vous inviter \u00e0 la nouvelle s\u00e9ance du s\u00e9minaire de l&rsquo;Observatoire de Recherche sur les \u00c9tats-Unis [&hellip;]<\/p>\n","protected":false},"author":1,"featured_media":0,"comment_status":"closed","ping_status":"open","sticky":false,"template":"","format":"standard","meta":{"_uag_custom_page_level_css":"","site-sidebar-layout":"default","site-content-layout":"","ast-site-content-layout":"default","site-content-style":"default","site-sidebar-style":"default","ast-global-header-display":"","ast-banner-title-visibility":"","ast-main-header-display":"","ast-hfb-above-header-display":"","ast-hfb-below-header-display":"","ast-hfb-mobile-header-display":"","site-post-title":"","ast-breadcrumbs-content":"","ast-featured-img":"","footer-sml-layout":"","ast-disable-related-posts":"","theme-transparent-header-meta":"","adv-header-id-meta":"","stick-header-meta":"","header-above-stick-meta":"","header-main-stick-meta":"","header-below-stick-meta":"","astra-migrate-meta-layouts":"default","ast-page-background-enabled":"default","ast-page-background-meta":{"desktop":{"background-color":"var(--ast-global-color-5)","background-image":"","background-repeat":"repeat","background-position":"center center","background-size":"auto","background-attachment":"scroll","background-type":"","background-media":"","overlay-type":"","overlay-color":"","overlay-opacity":"","overlay-gradient":""},"tablet":{"background-color":"","background-image":"","background-repeat":"repeat","background-position":"center center","background-size":"auto","background-attachment":"scroll","background-type":"","background-media":"","overlay-type":"","overlay-color":"","overlay-opacity":"","overlay-gradient":""},"mobile":{"background-color":"","background-image":"","background-repeat":"repeat","background-position":"center center","background-size":"auto","background-attachment":"scroll","background-type":"","background-media":"","overlay-type":"","overlay-color":"","overlay-opacity":"","overlay-gradient":""}},"ast-content-background-meta":{"desktop":{"background-color":"var(--ast-global-color-4)","background-image":"","background-repeat":"repeat","background-position":"center center","background-size":"auto","background-attachment":"scroll","background-type":"","background-media":"","overlay-type":"","overlay-color":"","overlay-opacity":"","overlay-gradient":""},"tablet":{"background-color":"var(--ast-global-color-4)","background-image":"","background-repeat":"repeat","background-position":"center center","background-size":"auto","background-attachment":"scroll","background-type":"","background-media":"","overlay-type":"","overlay-color":"","overlay-opacity":"","overlay-gradient":""},"mobile":{"background-color":"var(--ast-global-color-4)","background-image":"","background-repeat":"repeat","background-position":"center center","background-size":"auto","background-attachment":"scroll","background-type":"","background-media":"","overlay-type":"","overlay-color":"","overlay-opacity":"","overlay-gradient":""}},"_jetpack_memberships_contains_paid_content":false,"footnotes":""},"categories":[100],"tags":[1919],"class_list":["post-5220","post","type-post","status-publish","format-standard","hentry","category-seminar","tag-opioids-public-health-vermont-crea-nanterre"],"jetpack_featured_media_url":"","uagb_featured_image_src":{"full":false,"thumbnail":false,"medium":false,"medium_large":false,"large":false,"1536x1536":false,"2048x2048":false},"uagb_author_info":{"display_name":"Admin","author_link":"https:\/\/afea.fr\/news\/author\/yanb\/"},"uagb_comment_info":0,"uagb_excerpt":"Nous avons le plaisir de vous inviter \u00e0 la nouvelle s\u00e9ance du s\u00e9minaire de l&rsquo;Observatoire de Recherche sur les \u00c9tats-Unis [&hellip;]","jetpack_sharing_enabled":true,"_links":{"self":[{"href":"https:\/\/afea.fr\/news\/wp-json\/wp\/v2\/posts\/5220"}],"collection":[{"href":"https:\/\/afea.fr\/news\/wp-json\/wp\/v2\/posts"}],"about":[{"href":"https:\/\/afea.fr\/news\/wp-json\/wp\/v2\/types\/post"}],"author":[{"embeddable":true,"href":"https:\/\/afea.fr\/news\/wp-json\/wp\/v2\/users\/1"}],"replies":[{"embeddable":true,"href":"https:\/\/afea.fr\/news\/wp-json\/wp\/v2\/comments?post=5220"}],"version-history":[{"count":0,"href":"https:\/\/afea.fr\/news\/wp-json\/wp\/v2\/posts\/5220\/revisions"}],"wp:attachment":[{"href":"https:\/\/afea.fr\/news\/wp-json\/wp\/v2\/media?parent=5220"}],"wp:term":[{"taxonomy":"category","embeddable":true,"href":"https:\/\/afea.fr\/news\/wp-json\/wp\/v2\/categories?post=5220"},{"taxonomy":"post_tag","embeddable":true,"href":"https:\/\/afea.fr\/news\/wp-json\/wp\/v2\/tags?post=5220"}],"curies":[{"name":"wp","href":"https:\/\/api.w.org\/{rel}","templated":true}]}}