{"id":5206,"date":"2024-10-15T22:27:10","date_gmt":"2024-10-15T20:27:10","guid":{"rendered":"https:\/\/afea.fr\/news\/seminar\/popular-culture-politics-and-identity-rennes-2-24-10-24-bob-dylan\/5206\/"},"modified":"2024-10-15T22:27:10","modified_gmt":"2024-10-15T20:27:10","slug":"popular-culture-politics-and-identity-rennes-2-24-10-24-bob-dylan","status":"publish","type":"post","link":"https:\/\/afea.fr\/news\/seminar\/popular-culture-politics-and-identity-rennes-2-24-10-24-bob-dylan\/5206\/","title":{"rendered":"Popular culture, politics and identity (Rennes 2, 24\/10\/24) \u2013 Bob Dylan"},"content":{"rendered":"<p>Bonjour \u00e0 toutes et tous,<\/p>\n<p>L&rsquo;\u00e9quipe ACE de l&rsquo;Universit\u00e9 Rennes 2 a le plaisir de vous annoncer la poursuite du s\u00e9minaire amorc\u00e9 l&rsquo;an dernier sur le th\u00e8me &quot;Popular culture, politics and identity&quot;, \u00e0 pr\u00e9sent ouvert au monde anglophone dans son ensemble.<\/p>\n<p>Nous d\u00e9butons ce cycle de s\u00e9minaires en accueillant dans deux semaines Erin Callahan (San Jacinto College, Houston, TX) qui viendra nous parler de la dimension politique de l\u2019\u0153uvre de Bob Dylan.<\/p>\n<p>Vous trouverez ci-dessous plus de pr\u00e9cisions, ainsi que le programme du s\u00e9minaire et les informations pour nous rejoindre en visioconf\u00e9rence.<\/p>\n<p>Programme 2024-2025:<\/p>\n<p>24 octobre (14h-16h, salle L201): Erin Callahan (San Jacinto College, Houston, TX): \u00ab The Politics of Bob Dylan \u00bb \/\/ S\u00e9ance accessible en visio sur demande.<br \/>\n30 janvier (14h-16h): Guillaume Thomas (Universit\u00e9 Lyon 3): \u00ab The political and cultural impacts of the OJ Simpson trial \u00bb<br \/>\n13 f\u00e9vrier (14h-16h): Claire Dutriaux (Sorbonne Universit\u00e9): \u00ab \u2018So-called Southern Speech:\u2019 the Racial Politics of Southern Accents in Hollywood Cinema, 1927-1964. \u00bb<br \/>\n13 mars (14h-16h): John Denham (University of Southampton \u2013 former Labour MP and Secretary of State): \u00ab Englishness and politics: identity and ideas of the nation \u00bb.<br \/>\n11 avril (14h-16h): Elsa Grassy (Universit\u00e9 de Strasbourg): \u00ab The Chronopolitics of folk: from Katrina to Helena \u00bb.<br \/>\n<a href=\"https:\/\/sites-recherche.univ-rennes2.fr\/ace\/activites\/seminaire-popular-culture-politics-and-identity\/\">https:\/\/sites-recherche.univ-rennes2.fr\/ace\/activites\/seminaire-popular-culture-politics-and-identity\/<\/a><\/p>\n<p>Bien cordialement,<\/p>\n<p>Guillaume Cl\u00e9ment et David Haigron<\/p>\n<p>Source: Guillaume Clement &lt;guillaume.clement&gt;<\/p>\n","protected":false},"excerpt":{"rendered":"<p>Bonjour \u00e0 toutes et tous, L&rsquo;\u00e9quipe ACE de l&rsquo;Universit\u00e9 Rennes 2 a le plaisir de vous annoncer la poursuite du [&hellip;]<\/p>\n","protected":false},"author":1,"featured_media":0,"comment_status":"closed","ping_status":"open","sticky":false,"template":"","format":"standard","meta":{"_uag_custom_page_level_css":"","site-sidebar-layout":"default","site-content-layout":"","ast-site-content-layout":"default","site-content-style":"default","site-sidebar-style":"default","ast-global-header-display":"","ast-banner-title-visibility":"","ast-main-header-display":"","ast-hfb-above-header-display":"","ast-hfb-below-header-display":"","ast-hfb-mobile-header-display":"","site-post-title":"","ast-breadcrumbs-content":"","ast-featured-img":"","footer-sml-layout":"","ast-disable-related-posts":"","theme-transparent-header-meta":"","adv-header-id-meta":"","stick-header-meta":"","header-above-stick-meta":"","header-main-stick-meta":"","header-below-stick-meta":"","astra-migrate-meta-layouts":"default","ast-page-background-enabled":"default","ast-page-background-meta":{"desktop":{"background-color":"var(--ast-global-color-5)","background-image":"","background-repeat":"repeat","background-position":"center center","background-size":"auto","background-attachment":"scroll","background-type":"","background-media":"","overlay-type":"","overlay-color":"","overlay-opacity":"","overlay-gradient":""},"tablet":{"background-color":"","background-image":"","background-repeat":"repeat","background-position":"center center","background-size":"auto","background-attachment":"scroll","background-type":"","background-media":"","overlay-type":"","overlay-color":"","overlay-opacity":"","overlay-gradient":""},"mobile":{"background-color":"","background-image":"","background-repeat":"repeat","background-position":"center center","background-size":"auto","background-attachment":"scroll","background-type":"","background-media":"","overlay-type":"","overlay-color":"","overlay-opacity":"","overlay-gradient":""}},"ast-content-background-meta":{"desktop":{"background-color":"var(--ast-global-color-4)","background-image":"","background-repeat":"repeat","background-position":"center center","background-size":"auto","background-attachment":"scroll","background-type":"","background-media":"","overlay-type":"","overlay-color":"","overlay-opacity":"","overlay-gradient":""},"tablet":{"background-color":"var(--ast-global-color-4)","background-image":"","background-repeat":"repeat","background-position":"center center","background-size":"auto","background-attachment":"scroll","background-type":"","background-media":"","overlay-type":"","overlay-color":"","overlay-opacity":"","overlay-gradient":""},"mobile":{"background-color":"var(--ast-global-color-4)","background-image":"","background-repeat":"repeat","background-position":"center center","background-size":"auto","background-attachment":"scroll","background-type":"","background-media":"","overlay-type":"","overlay-color":"","overlay-opacity":"","overlay-gradient":""}},"_jetpack_memberships_contains_paid_content":false,"footnotes":""},"categories":[100],"tags":[1897,348,158,1910,800],"class_list":["post-5206","post","type-post","status-publish","format-standard","hentry","category-seminar","tag-identity","tag-music","tag-politics","tag-united-kingdom","tag-united-states"],"jetpack_featured_media_url":"","uagb_featured_image_src":{"full":false,"thumbnail":false,"medium":false,"medium_large":false,"large":false,"1536x1536":false,"2048x2048":false},"uagb_author_info":{"display_name":"Admin","author_link":"https:\/\/afea.fr\/news\/author\/yanb\/"},"uagb_comment_info":0,"uagb_excerpt":"Bonjour \u00e0 toutes et tous, L&rsquo;\u00e9quipe ACE de l&rsquo;Universit\u00e9 Rennes 2 a le plaisir de vous annoncer la poursuite du [&hellip;]","jetpack_sharing_enabled":true,"_links":{"self":[{"href":"https:\/\/afea.fr\/news\/wp-json\/wp\/v2\/posts\/5206"}],"collection":[{"href":"https:\/\/afea.fr\/news\/wp-json\/wp\/v2\/posts"}],"about":[{"href":"https:\/\/afea.fr\/news\/wp-json\/wp\/v2\/types\/post"}],"author":[{"embeddable":true,"href":"https:\/\/afea.fr\/news\/wp-json\/wp\/v2\/users\/1"}],"replies":[{"embeddable":true,"href":"https:\/\/afea.fr\/news\/wp-json\/wp\/v2\/comments?post=5206"}],"version-history":[{"count":0,"href":"https:\/\/afea.fr\/news\/wp-json\/wp\/v2\/posts\/5206\/revisions"}],"wp:attachment":[{"href":"https:\/\/afea.fr\/news\/wp-json\/wp\/v2\/media?parent=5206"}],"wp:term":[{"taxonomy":"category","embeddable":true,"href":"https:\/\/afea.fr\/news\/wp-json\/wp\/v2\/categories?post=5206"},{"taxonomy":"post_tag","embeddable":true,"href":"https:\/\/afea.fr\/news\/wp-json\/wp\/v2\/tags?post=5206"}],"curies":[{"name":"wp","href":"https:\/\/api.w.org\/{rel}","templated":true}]}}