{"id":5168,"date":"2024-10-08T10:45:46","date_gmt":"2024-10-08T08:45:46","guid":{"rendered":"https:\/\/afea.fr\/news\/?p=5168"},"modified":"2024-10-08T10:45:46","modified_gmt":"2024-10-08T08:45:46","slug":"seminaire-capitalisme-et-education-14-novembre-14h-16h30-institut-detudes-avancees","status":"publish","type":"post","link":"https:\/\/afea.fr\/news\/seminar\/seminaire-capitalisme-et-education-14-novembre-14h-16h30-institut-detudes-avancees\/5168\/","title":{"rendered":"S\u00e9minaire Capitalisme et \u00e9ducation, 14 novembre, 14h-16h30, Institut d&#39;Etudes Avanc\u00e9es"},"content":{"rendered":"<p>Le s\u00e9minaire \u201cCapitalisme et \u00e9ducation\u201d tiendra sa seconde s\u00e9ance le jeudi 14 novembre 2024 (accueil et pause caf\u00e9 \u00e0 14h ; s\u00e9ance de 14h30-16h30) \u00e0 l&rsquo;Institut d&rsquo;\u00c9tudes Avanc\u00e9es \u00e0 Paris. Elle est intitul\u00e9e &quot; Les \u00e9coles alternatives: un nouveau march\u00e9?&quot;.<\/p>\n<p>Nous accueillerons Am\u00e9lia Legavre, ma\u00eetresse de conf\u00e9rences en sociologie \u00e0 l\u2019INSPE de Bretagne, Universit\u00e9 Rennes 2, CREAD, pour une pr\u00e9sentation intitul\u00e9e \u201cLa mobilisation du discours de l\u2019innovation par les r\u00e9seaux de la libert\u00e9 scolaire\u201d, ainsi qu&rsquo;Aur\u00e9lie Delage, ma\u00eetresse de conf\u00e9rences en am\u00e9nagement et urbanisme \u00e0 l\u2019Universit\u00e9 de Perpignan Via Domitia, UMR ART-Dev, et Nora Nafaa (CNRS, TELEMMe), pour une pr\u00e9sentation intitul\u00e9e \u201cDes \u00e9dupreneurs malgr\u00e9 eux? Les porteurs de projet des \u00e9coles alternatives rurales en Occitanie\u201d.<\/p>\n<p>Le s\u00e9minaire se d\u00e9roule cette fois \u00e0 l&rsquo;Institut d&rsquo;Etudes Avanc\u00e9es (IEA) de Paris, au 17 quai d&rsquo;Anjou (75004). L&rsquo;entr\u00e9e est libre sur inscription. Un lien visio pourra \u00eatre communiqu\u00e9 .<\/p>\n<p>Toutes les informations sur le s\u00e9minaire et les s\u00e9ances \u00e0 venir sont ou seront disponibles via ce lien : <a href=\"https:\/\/edcapitalism.hypotheses.org\/537\">https:\/\/edcapitalism.hypotheses.org\/537<\/a>.<\/p>\n<p>Le s\u00e9minaire \u201cCapitalisme et \u00e9ducation\u201d d\u00e9marr\u00e9 \u00e0 la rentr\u00e9e 2024 est articul\u00e9 autour de s\u00e9ances th\u00e9matiques et pluridisciplinaires, et r\u00e9alis\u00e9 avec le soutien de l\u2019OI SCult de l\u2019Universit\u00e9 Paris-Saclay. Il est co-organis\u00e9 par Esther Cyna (UVSQ, Paris-Saclay), Marie M\u00e9nard (CNAM, UPEC) et Nora Nafaa (CNRS, TELEMMe).<\/p>\n<p>Source: Esther Cyna &lt;esther.cyna&gt;<\/p>\n<p><a href=\"https:\/\/i0.wp.com\/afea.fr\/news\/wp-content\/uploads\/sites\/2\/2024\/10\/affiche-CAPED-novembre.jpg?ssl=1\" rel=\"attachment wp-att-5169\"><img data-recalc-dims=\"1\" loading=\"lazy\" decoding=\"async\" src=\"https:\/\/i0.wp.com\/afea.fr\/news\/wp-content\/uploads\/sites\/2\/2024\/10\/affiche-CAPED-novembre.jpg?resize=1024%2C1024&#038;ssl=1\" alt=\"\" title=\"affiche-caped-novembre-jpg\" width=\"1024\" height=\"1024\" class=\"alignnone size-full wp-image-5169\" \/><\/a><\/p>\n","protected":false},"excerpt":{"rendered":"<p>Le s\u00e9minaire \u201cCapitalisme et \u00e9ducation\u201d tiendra sa seconde s\u00e9ance le jeudi 14 novembre 2024 (accueil et pause caf\u00e9 \u00e0 14h [&hellip;]<\/p>\n","protected":false},"author":1,"featured_media":0,"comment_status":"closed","ping_status":"open","sticky":false,"template":"","format":"standard","meta":{"_uag_custom_page_level_css":"","site-sidebar-layout":"default","site-content-layout":"","ast-site-content-layout":"default","site-content-style":"default","site-sidebar-style":"default","ast-global-header-display":"","ast-banner-title-visibility":"","ast-main-header-display":"","ast-hfb-above-header-display":"","ast-hfb-below-header-display":"","ast-hfb-mobile-header-display":"","site-post-title":"","ast-breadcrumbs-content":"","ast-featured-img":"","footer-sml-layout":"","ast-disable-related-posts":"","theme-transparent-header-meta":"","adv-header-id-meta":"","stick-header-meta":"","header-above-stick-meta":"","header-main-stick-meta":"","header-below-stick-meta":"","astra-migrate-meta-layouts":"default","ast-page-background-enabled":"default","ast-page-background-meta":{"desktop":{"background-color":"var(--ast-global-color-5)","background-image":"","background-repeat":"repeat","background-position":"center center","background-size":"auto","background-attachment":"scroll","background-type":"","background-media":"","overlay-type":"","overlay-color":"","overlay-opacity":"","overlay-gradient":""},"tablet":{"background-color":"","background-image":"","background-repeat":"repeat","background-position":"center center","background-size":"auto","background-attachment":"scroll","background-type":"","background-media":"","overlay-type":"","overlay-color":"","overlay-opacity":"","overlay-gradient":""},"mobile":{"background-color":"","background-image":"","background-repeat":"repeat","background-position":"center center","background-size":"auto","background-attachment":"scroll","background-type":"","background-media":"","overlay-type":"","overlay-color":"","overlay-opacity":"","overlay-gradient":""}},"ast-content-background-meta":{"desktop":{"background-color":"var(--ast-global-color-4)","background-image":"","background-repeat":"repeat","background-position":"center center","background-size":"auto","background-attachment":"scroll","background-type":"","background-media":"","overlay-type":"","overlay-color":"","overlay-opacity":"","overlay-gradient":""},"tablet":{"background-color":"var(--ast-global-color-4)","background-image":"","background-repeat":"repeat","background-position":"center center","background-size":"auto","background-attachment":"scroll","background-type":"","background-media":"","overlay-type":"","overlay-color":"","overlay-opacity":"","overlay-gradient":""},"mobile":{"background-color":"var(--ast-global-color-4)","background-image":"","background-repeat":"repeat","background-position":"center center","background-size":"auto","background-attachment":"scroll","background-type":"","background-media":"","overlay-type":"","overlay-color":"","overlay-opacity":"","overlay-gradient":""}},"_jetpack_memberships_contains_paid_content":false,"footnotes":""},"categories":[100],"tags":[1095,152],"class_list":["post-5168","post","type-post","status-publish","format-standard","hentry","category-seminar","tag-capitalisme","tag-education"],"jetpack_featured_media_url":"","uagb_featured_image_src":{"full":false,"thumbnail":false,"medium":false,"medium_large":false,"large":false,"1536x1536":false,"2048x2048":false},"uagb_author_info":{"display_name":"Admin","author_link":"https:\/\/afea.fr\/news\/author\/yanb\/"},"uagb_comment_info":0,"uagb_excerpt":"Le s\u00e9minaire \u201cCapitalisme et \u00e9ducation\u201d tiendra sa seconde s\u00e9ance le jeudi 14 novembre 2024 (accueil et pause caf\u00e9 \u00e0 14h [&hellip;]","jetpack_sharing_enabled":true,"_links":{"self":[{"href":"https:\/\/afea.fr\/news\/wp-json\/wp\/v2\/posts\/5168"}],"collection":[{"href":"https:\/\/afea.fr\/news\/wp-json\/wp\/v2\/posts"}],"about":[{"href":"https:\/\/afea.fr\/news\/wp-json\/wp\/v2\/types\/post"}],"author":[{"embeddable":true,"href":"https:\/\/afea.fr\/news\/wp-json\/wp\/v2\/users\/1"}],"replies":[{"embeddable":true,"href":"https:\/\/afea.fr\/news\/wp-json\/wp\/v2\/comments?post=5168"}],"version-history":[{"count":1,"href":"https:\/\/afea.fr\/news\/wp-json\/wp\/v2\/posts\/5168\/revisions"}],"predecessor-version":[{"id":5170,"href":"https:\/\/afea.fr\/news\/wp-json\/wp\/v2\/posts\/5168\/revisions\/5170"}],"wp:attachment":[{"href":"https:\/\/afea.fr\/news\/wp-json\/wp\/v2\/media?parent=5168"}],"wp:term":[{"taxonomy":"category","embeddable":true,"href":"https:\/\/afea.fr\/news\/wp-json\/wp\/v2\/categories?post=5168"},{"taxonomy":"post_tag","embeddable":true,"href":"https:\/\/afea.fr\/news\/wp-json\/wp\/v2\/tags?post=5168"}],"curies":[{"name":"wp","href":"https:\/\/api.w.org\/{rel}","templated":true}]}}