{"id":5159,"date":"2024-10-02T23:58:44","date_gmt":"2024-10-02T21:58:44","guid":{"rendered":"https:\/\/afea.fr\/news\/seminar\/sem-observatoire-de-recherche-sur-les-etats-unis-universite-paris-nanterre-8-octobre-soukayna-mniai\/5159\/"},"modified":"2024-10-02T23:58:44","modified_gmt":"2024-10-02T21:58:44","slug":"sem-observatoire-de-recherche-sur-les-etats-unis-universite-paris-nanterre-8-octobre-soukayna-mniai","status":"publish","type":"post","link":"https:\/\/afea.fr\/news\/seminar\/sem-observatoire-de-recherche-sur-les-etats-unis-universite-paris-nanterre-8-octobre-soukayna-mniai\/5159\/","title":{"rendered":"SEM Observatoire de recherche sur les Etats-Unis (Universit\u00e9 Paris Nanterre) \u2013 8 octobre \u2013 Soukayna Mnia\u00ef"},"content":{"rendered":"<p>Ch\u00e8res et chers coll\u00e8gues,<\/p>\n<p>Nous avons le plaisir de vous inviter \u00e0 la prochaine s\u00e9ance du s\u00e9minaire de l&rsquo;Observatoire de Recherche sur les \u00c9tats-Unis \u2013 ORUS (anciennement Politiques am\u00e9ricaines) qui aura lieu en hybride le mardi 8 octobre prochain \u00e0 17h30 en salle 503 du b\u00e2timent Maier (b\u00e2timent V) \u00e0 l&rsquo;Universit\u00e9 Paris Nanterre.<\/p>\n<p>Nous recevrons Soukayna Mnia\u00ef (Universit\u00e9 Paris Nanterre) pour une s\u00e9ance intitul\u00e9e &quot;Repenser les violences sexuelles dans l\u2019enseignement sup\u00e9rieur aux \u00c9tats-Unis : une \u00e9tude des cadrages m\u00e9diatiques dans le Los Angeles Times (1960-2023).&quot;<\/p>\n<p>Vous retrouverez tous les d\u00e9tails concernant cette s\u00e9ance ici: <a href=\"https:\/\/crea.parisnanterre.fr\/seminaires\/seminaire-de-lobservatoire-de-recherche-sur-les-etats-unis-orus-soukayna-mniai\">https:\/\/crea.parisnanterre.fr\/seminaires\/seminaire-de-lobservatoire-de-recherche-sur-les-etats-unis-orus-soukayna-mniai<\/a><\/p>\n<p>Le calendrier du s\u00e9minaire est quant \u00e0 lui disponible ici : <a href=\"https:\/\/crea.parisnanterre.fr\/groupes-de-recherche-et-projets-thematiques\/politiques-americaines\">https:\/\/crea.parisnanterre.fr\/groupes-de-recherche-et-projets-thematiques\/politiques-americaines<\/a><\/p>\n<p>Pour obtenir le lien de connexion et\/ou le texte qui servira de support \u00e0 la s\u00e9ance, merci d&rsquo;\u00e9crire \u00e0 Elisabeth Fauquert (efauquert) ou \u00e0 H\u00e9l\u00e8ne Solot (h.solot).<\/p>\n<p>Bien cordialement,<br \/>\nElisabeth Fauquert et H\u00e9l\u00e8ne Solot<\/p>\n<p>Source: H\u00e9l\u00e8ne Solot &lt;h.solot&gt;<\/p>\n","protected":false},"excerpt":{"rendered":"<p>Ch\u00e8res et chers coll\u00e8gues, Nous avons le plaisir de vous inviter \u00e0 la prochaine s\u00e9ance du s\u00e9minaire de l&rsquo;Observatoire de [&hellip;]<\/p>\n","protected":false},"author":1,"featured_media":0,"comment_status":"closed","ping_status":"open","sticky":false,"template":"","format":"standard","meta":{"_uag_custom_page_level_css":"","site-sidebar-layout":"default","site-content-layout":"","ast-site-content-layout":"default","site-content-style":"default","site-sidebar-style":"default","ast-global-header-display":"","ast-banner-title-visibility":"","ast-main-header-display":"","ast-hfb-above-header-display":"","ast-hfb-below-header-display":"","ast-hfb-mobile-header-display":"","site-post-title":"","ast-breadcrumbs-content":"","ast-featured-img":"","footer-sml-layout":"","ast-disable-related-posts":"","theme-transparent-header-meta":"","adv-header-id-meta":"","stick-header-meta":"","header-above-stick-meta":"","header-main-stick-meta":"","header-below-stick-meta":"","astra-migrate-meta-layouts":"default","ast-page-background-enabled":"default","ast-page-background-meta":{"desktop":{"background-color":"var(--ast-global-color-5)","background-image":"","background-repeat":"repeat","background-position":"center center","background-size":"auto","background-attachment":"scroll","background-type":"","background-media":"","overlay-type":"","overlay-color":"","overlay-opacity":"","overlay-gradient":""},"tablet":{"background-color":"","background-image":"","background-repeat":"repeat","background-position":"center center","background-size":"auto","background-attachment":"scroll","background-type":"","background-media":"","overlay-type":"","overlay-color":"","overlay-opacity":"","overlay-gradient":""},"mobile":{"background-color":"","background-image":"","background-repeat":"repeat","background-position":"center center","background-size":"auto","background-attachment":"scroll","background-type":"","background-media":"","overlay-type":"","overlay-color":"","overlay-opacity":"","overlay-gradient":""}},"ast-content-background-meta":{"desktop":{"background-color":"var(--ast-global-color-4)","background-image":"","background-repeat":"repeat","background-position":"center center","background-size":"auto","background-attachment":"scroll","background-type":"","background-media":"","overlay-type":"","overlay-color":"","overlay-opacity":"","overlay-gradient":""},"tablet":{"background-color":"var(--ast-global-color-4)","background-image":"","background-repeat":"repeat","background-position":"center center","background-size":"auto","background-attachment":"scroll","background-type":"","background-media":"","overlay-type":"","overlay-color":"","overlay-opacity":"","overlay-gradient":""},"mobile":{"background-color":"var(--ast-global-color-4)","background-image":"","background-repeat":"repeat","background-position":"center center","background-size":"auto","background-attachment":"scroll","background-type":"","background-media":"","overlay-type":"","overlay-color":"","overlay-opacity":"","overlay-gradient":""}},"_jetpack_memberships_contains_paid_content":false,"footnotes":""},"categories":[100],"tags":[156,242,434],"class_list":["post-5159","post","type-post","status-publish","format-standard","hentry","category-seminar","tag-higher-education","tag-media","tag-sexual-violence"],"jetpack_featured_media_url":"","uagb_featured_image_src":{"full":false,"thumbnail":false,"medium":false,"medium_large":false,"large":false,"1536x1536":false,"2048x2048":false},"uagb_author_info":{"display_name":"Admin","author_link":"https:\/\/afea.fr\/news\/author\/yanb\/"},"uagb_comment_info":0,"uagb_excerpt":"Ch\u00e8res et chers coll\u00e8gues, Nous avons le plaisir de vous inviter \u00e0 la prochaine s\u00e9ance du s\u00e9minaire de l&rsquo;Observatoire de [&hellip;]","jetpack_sharing_enabled":true,"_links":{"self":[{"href":"https:\/\/afea.fr\/news\/wp-json\/wp\/v2\/posts\/5159"}],"collection":[{"href":"https:\/\/afea.fr\/news\/wp-json\/wp\/v2\/posts"}],"about":[{"href":"https:\/\/afea.fr\/news\/wp-json\/wp\/v2\/types\/post"}],"author":[{"embeddable":true,"href":"https:\/\/afea.fr\/news\/wp-json\/wp\/v2\/users\/1"}],"replies":[{"embeddable":true,"href":"https:\/\/afea.fr\/news\/wp-json\/wp\/v2\/comments?post=5159"}],"version-history":[{"count":0,"href":"https:\/\/afea.fr\/news\/wp-json\/wp\/v2\/posts\/5159\/revisions"}],"wp:attachment":[{"href":"https:\/\/afea.fr\/news\/wp-json\/wp\/v2\/media?parent=5159"}],"wp:term":[{"taxonomy":"category","embeddable":true,"href":"https:\/\/afea.fr\/news\/wp-json\/wp\/v2\/categories?post=5159"},{"taxonomy":"post_tag","embeddable":true,"href":"https:\/\/afea.fr\/news\/wp-json\/wp\/v2\/tags?post=5159"}],"curies":[{"name":"wp","href":"https:\/\/api.w.org\/{rel}","templated":true}]}}