{"id":5117,"date":"2024-09-27T14:07:48","date_gmt":"2024-09-27T12:07:48","guid":{"rendered":"https:\/\/afea.fr\/news\/seminar\/sem-poetry-beyond-vale-cycle-la-poesie-exposee-jeu-3-oct-17h-elise-angioi-paris-8-les-installations-poemes-plurilingues-de-caroline-bergvall\/5117\/"},"modified":"2024-09-27T14:07:48","modified_gmt":"2024-09-27T12:07:48","slug":"sem-poetry-beyond-vale-cycle-la-poesie-exposee-jeu-3-oct-17h-elise-angioi-paris-8-les-installations-poemes-plurilingues-de-caroline-bergvall","status":"publish","type":"post","link":"https:\/\/afea.fr\/news\/seminar\/sem-poetry-beyond-vale-cycle-la-poesie-exposee-jeu-3-oct-17h-elise-angioi-paris-8-les-installations-poemes-plurilingues-de-caroline-bergvall\/5117\/","title":{"rendered":"SEM \u2013 Poetry Beyond (VALE) \u2013 Cycle La po\u00e9sie expos\u00e9e \u2013 Jeu. 3 oct 17h \/ Elise Angioi (Paris 8) \u00ab Les installations-po\u00e8mes plurilingues de Caroline Bergvall \u00bb"},"content":{"rendered":"<p>Ch\u00e8res et chers Coll\u00e8gues,<\/p>\n<p>Dans le cadre du Cycle interdisciplinaire \u00ab Du livre au mur ! La po\u00e9sie expos\u00e9e (mus\u00e9es, galeries, biblioth\u00e8ques) \u00bb, l\u2019\u00e9quipe de Poetry Beyond (VALE UR 4085) accueillera Elise Angioi (Paris 8 \/ TransCrit) le jeudi 3 octobre 2024 de 17h \u00e0 18h30, dans la Salle des Th\u00e8ses du Campus des Cordeliers, 15 rue de l\u2019Ecole de M\u00e9decine, Paris 6e (M\u00e9tro : Od\u00e9on), pour une conf\u00e9rence intitul\u00e9e \u00ab Les installations-po\u00e8mes plurilingues de Caroline Bergvall : pour une esth\u00e9tique participative \u00bb. Vous trouverez un r\u00e9sum\u00e9 de la conf\u00e9rence ici : <a href=\"https:\/\/vale.sorbonne-universite.fr\/sem-poetry-beyond-cycle-la-poesie-exposee-3-oct-2024-a-17h-elise-angioi-paris-8-les-installations-poemes-plurilingues-de-caroline-bergvall-pour-une-esthetique-participative\/\">https:\/\/vale.sorbonne-universite.fr\/sem-poetry-beyond-cycle-la-poesie-exposee-3-oct-2024-a-17h-elise-angioi-paris-8-les-installations-poemes-plurilingues-de-caroline-bergvall-pour-une-esthetique-participative\/<\/a><\/p>\n<p>Programme pr\u00e9visionnel 2024-2025 : <a href=\"https:\/\/vale.sorbonne-universite.fr\/poetry-beyond\/\">https:\/\/vale.sorbonne-universite.fr\/poetry-beyond\/<\/a><\/p>\n<p>Bien cordialement,<br \/>\nJuliette Utard, pour Poetry Beyond<\/p>\n<p>Source: Juliette Utard &lt;juliette.utard&gt;<\/p>\n","protected":false},"excerpt":{"rendered":"<p>Ch\u00e8res et chers Coll\u00e8gues, Dans le cadre du Cycle interdisciplinaire \u00ab Du livre au mur ! La po\u00e9sie expos\u00e9e (mus\u00e9es, [&hellip;]<\/p>\n","protected":false},"author":1,"featured_media":0,"comment_status":"closed","ping_status":"open","sticky":false,"template":"","format":"standard","meta":{"_uag_custom_page_level_css":"","site-sidebar-layout":"default","site-content-layout":"","ast-site-content-layout":"default","site-content-style":"default","site-sidebar-style":"default","ast-global-header-display":"","ast-banner-title-visibility":"","ast-main-header-display":"","ast-hfb-above-header-display":"","ast-hfb-below-header-display":"","ast-hfb-mobile-header-display":"","site-post-title":"","ast-breadcrumbs-content":"","ast-featured-img":"","footer-sml-layout":"","ast-disable-related-posts":"","theme-transparent-header-meta":"","adv-header-id-meta":"","stick-header-meta":"","header-above-stick-meta":"","header-main-stick-meta":"","header-below-stick-meta":"","astra-migrate-meta-layouts":"default","ast-page-background-enabled":"default","ast-page-background-meta":{"desktop":{"background-color":"var(--ast-global-color-5)","background-image":"","background-repeat":"repeat","background-position":"center center","background-size":"auto","background-attachment":"scroll","background-type":"","background-media":"","overlay-type":"","overlay-color":"","overlay-opacity":"","overlay-gradient":""},"tablet":{"background-color":"","background-image":"","background-repeat":"repeat","background-position":"center center","background-size":"auto","background-attachment":"scroll","background-type":"","background-media":"","overlay-type":"","overlay-color":"","overlay-opacity":"","overlay-gradient":""},"mobile":{"background-color":"","background-image":"","background-repeat":"repeat","background-position":"center center","background-size":"auto","background-attachment":"scroll","background-type":"","background-media":"","overlay-type":"","overlay-color":"","overlay-opacity":"","overlay-gradient":""}},"ast-content-background-meta":{"desktop":{"background-color":"var(--ast-global-color-4)","background-image":"","background-repeat":"repeat","background-position":"center center","background-size":"auto","background-attachment":"scroll","background-type":"","background-media":"","overlay-type":"","overlay-color":"","overlay-opacity":"","overlay-gradient":""},"tablet":{"background-color":"var(--ast-global-color-4)","background-image":"","background-repeat":"repeat","background-position":"center center","background-size":"auto","background-attachment":"scroll","background-type":"","background-media":"","overlay-type":"","overlay-color":"","overlay-opacity":"","overlay-gradient":""},"mobile":{"background-color":"var(--ast-global-color-4)","background-image":"","background-repeat":"repeat","background-position":"center center","background-size":"auto","background-attachment":"scroll","background-type":"","background-media":"","overlay-type":"","overlay-color":"","overlay-opacity":"","overlay-gradient":""}},"_jetpack_memberships_contains_paid_content":false,"footnotes":""},"categories":[100],"tags":[1892,1893,1894,1049],"class_list":["post-5117","post","type-post","status-publish","format-standard","hentry","category-seminar","tag-caroline-bergvall","tag-installation-poems","tag-poetry-on-exhibit","tag-us-poetry"],"jetpack_featured_media_url":"","uagb_featured_image_src":{"full":false,"thumbnail":false,"medium":false,"medium_large":false,"large":false,"1536x1536":false,"2048x2048":false},"uagb_author_info":{"display_name":"Admin","author_link":"https:\/\/afea.fr\/news\/author\/yanb\/"},"uagb_comment_info":0,"uagb_excerpt":"Ch\u00e8res et chers Coll\u00e8gues, Dans le cadre du Cycle interdisciplinaire \u00ab Du livre au mur ! La po\u00e9sie expos\u00e9e (mus\u00e9es, [&hellip;]","jetpack_sharing_enabled":true,"_links":{"self":[{"href":"https:\/\/afea.fr\/news\/wp-json\/wp\/v2\/posts\/5117"}],"collection":[{"href":"https:\/\/afea.fr\/news\/wp-json\/wp\/v2\/posts"}],"about":[{"href":"https:\/\/afea.fr\/news\/wp-json\/wp\/v2\/types\/post"}],"author":[{"embeddable":true,"href":"https:\/\/afea.fr\/news\/wp-json\/wp\/v2\/users\/1"}],"replies":[{"embeddable":true,"href":"https:\/\/afea.fr\/news\/wp-json\/wp\/v2\/comments?post=5117"}],"version-history":[{"count":0,"href":"https:\/\/afea.fr\/news\/wp-json\/wp\/v2\/posts\/5117\/revisions"}],"wp:attachment":[{"href":"https:\/\/afea.fr\/news\/wp-json\/wp\/v2\/media?parent=5117"}],"wp:term":[{"taxonomy":"category","embeddable":true,"href":"https:\/\/afea.fr\/news\/wp-json\/wp\/v2\/categories?post=5117"},{"taxonomy":"post_tag","embeddable":true,"href":"https:\/\/afea.fr\/news\/wp-json\/wp\/v2\/tags?post=5117"}],"curies":[{"name":"wp","href":"https:\/\/api.w.org\/{rel}","templated":true}]}}