{"id":4995,"date":"2024-08-29T16:50:13","date_gmt":"2024-08-29T14:50:13","guid":{"rendered":"https:\/\/afea.fr\/news\/seminar\/seminaire-mediamerica-programme-2024-2025\/4995\/"},"modified":"2024-08-29T16:50:13","modified_gmt":"2024-08-29T14:50:13","slug":"seminaire-mediamerica-programme-2024-2025","status":"publish","type":"post","link":"https:\/\/afea.fr\/news\/seminar\/seminaire-mediamerica-programme-2024-2025\/4995\/","title":{"rendered":"S\u00e9minaire M\u00e9diamerica \u2013 Programme 2024-2025"},"content":{"rendered":"<p>Ch\u00e8res et chers coll\u00e8gues,<\/p>\n<p>Nous avons le grand plaisir de vous faier part du programme du s\u00e9minaire M\u00e9diam\u00e9rica, anim\u00e9 par des chercheuses et chercheurs qui travaillent en France sur les m\u00e9dias d\u2019information \u00e9tatsuniens.<br \/>\nLa premi\u00e8re s\u00e9ance aura lieu en ligne le 7 octobre 2024 (17h30-19h00). Nous y accueillerons Josh Shepperd, auteur de Shadow of the New Deal : the Victory of Public Broadcasting, pour une intervention intitul\u00e9e \u201cThe Shape and Design of American Public Media\u201d.<br \/>\nLe programme complet est disponible sur le carnet Hypoth\u00e8ses du s\u00e9minaire (<a href=\"https:\/\/mediamerica.hypotheses.org\">https:\/\/mediamerica.hypotheses.org<\/a>)<\/p>\n<p>M\u00e9diamerica a pour objectif de faire vivre la recherche sur les liens entre processus de communication, fabrique de l\u2019information et politique dans le contexte nord-am\u00e9ricain. Il rassemble des chercheur\u00b7ses dont les terrains vari\u00e9s permettent l\u2019exploration de probl\u00e9matiques aff\u00e9rentes \u00e0 ces questions dans une perspective historique et contemporaine.<\/p>\n<p>N&rsquo;h\u00e9sitez pas \u00e0 vous inscrire \u00e0 la liste de diffusion (<a href=\"https:\/\/framagroupes.org\/sympa\/subscribe\/mediamerica_info\">https:\/\/framagroupes.org\/sympa\/subscribe\/mediamerica_info<\/a>) pour rester inform\u00e9\u00b7e du programme et recevoir les liens de connexion aux s\u00e9ances en ligne et hybride.<br \/>\nEn esp\u00e9rant avoir le plaisir de vous accueillir nombreux\u00b7ses lors de nos s\u00e9ances, nous vous souhaitons une tr\u00e8s bonne rentr\u00e9e.<\/p>\n<p>Bien cordialement,<br \/>\nCarole Darmon (Universit\u00e9 Angers), Jonathan Dentler (Institut Catholique de Paris), Ana\u00efs Le F\u00e8vre-Berthelot (Universit\u00e9 Rennes 2), et S\u00e9bastien Mort (Universit\u00e9 de Lorraine, site de Metz)<\/p>\n<p>Source: Ana\u00efs Le F\u00e8vre-Berthelot &lt;anais.lefevre&gt;<\/p>\n","protected":false},"excerpt":{"rendered":"<p>Ch\u00e8res et chers coll\u00e8gues, Nous avons le grand plaisir de vous faier part du programme du s\u00e9minaire M\u00e9diam\u00e9rica, anim\u00e9 par [&hellip;]<\/p>\n","protected":false},"author":1,"featured_media":0,"comment_status":"closed","ping_status":"open","sticky":false,"template":"","format":"standard","meta":{"_uag_custom_page_level_css":"","site-sidebar-layout":"default","site-content-layout":"","ast-site-content-layout":"default","site-content-style":"default","site-sidebar-style":"default","ast-global-header-display":"","ast-banner-title-visibility":"","ast-main-header-display":"","ast-hfb-above-header-display":"","ast-hfb-below-header-display":"","ast-hfb-mobile-header-display":"","site-post-title":"","ast-breadcrumbs-content":"","ast-featured-img":"","footer-sml-layout":"","ast-disable-related-posts":"","theme-transparent-header-meta":"","adv-header-id-meta":"","stick-header-meta":"","header-above-stick-meta":"","header-main-stick-meta":"","header-below-stick-meta":"","astra-migrate-meta-layouts":"default","ast-page-background-enabled":"default","ast-page-background-meta":{"desktop":{"background-color":"var(--ast-global-color-5)","background-image":"","background-repeat":"repeat","background-position":"center center","background-size":"auto","background-attachment":"scroll","background-type":"","background-media":"","overlay-type":"","overlay-color":"","overlay-opacity":"","overlay-gradient":""},"tablet":{"background-color":"","background-image":"","background-repeat":"repeat","background-position":"center center","background-size":"auto","background-attachment":"scroll","background-type":"","background-media":"","overlay-type":"","overlay-color":"","overlay-opacity":"","overlay-gradient":""},"mobile":{"background-color":"","background-image":"","background-repeat":"repeat","background-position":"center center","background-size":"auto","background-attachment":"scroll","background-type":"","background-media":"","overlay-type":"","overlay-color":"","overlay-opacity":"","overlay-gradient":""}},"ast-content-background-meta":{"desktop":{"background-color":"var(--ast-global-color-4)","background-image":"","background-repeat":"repeat","background-position":"center center","background-size":"auto","background-attachment":"scroll","background-type":"","background-media":"","overlay-type":"","overlay-color":"","overlay-opacity":"","overlay-gradient":""},"tablet":{"background-color":"var(--ast-global-color-4)","background-image":"","background-repeat":"repeat","background-position":"center center","background-size":"auto","background-attachment":"scroll","background-type":"","background-media":"","overlay-type":"","overlay-color":"","overlay-opacity":"","overlay-gradient":""},"mobile":{"background-color":"var(--ast-global-color-4)","background-image":"","background-repeat":"repeat","background-position":"center center","background-size":"auto","background-attachment":"scroll","background-type":"","background-media":"","overlay-type":"","overlay-color":"","overlay-opacity":"","overlay-gradient":""}},"_jetpack_memberships_contains_paid_content":false,"footnotes":""},"categories":[100],"tags":[1879,242,1880,158],"class_list":["post-4995","post","type-post","status-publish","format-standard","hentry","category-seminar","tag-communication","tag-media","tag-news","tag-politics"],"jetpack_featured_media_url":"","uagb_featured_image_src":{"full":false,"thumbnail":false,"medium":false,"medium_large":false,"large":false,"1536x1536":false,"2048x2048":false},"uagb_author_info":{"display_name":"Admin","author_link":"https:\/\/afea.fr\/news\/author\/yanb\/"},"uagb_comment_info":0,"uagb_excerpt":"Ch\u00e8res et chers coll\u00e8gues, Nous avons le grand plaisir de vous faier part du programme du s\u00e9minaire M\u00e9diam\u00e9rica, anim\u00e9 par [&hellip;]","jetpack_sharing_enabled":true,"_links":{"self":[{"href":"https:\/\/afea.fr\/news\/wp-json\/wp\/v2\/posts\/4995"}],"collection":[{"href":"https:\/\/afea.fr\/news\/wp-json\/wp\/v2\/posts"}],"about":[{"href":"https:\/\/afea.fr\/news\/wp-json\/wp\/v2\/types\/post"}],"author":[{"embeddable":true,"href":"https:\/\/afea.fr\/news\/wp-json\/wp\/v2\/users\/1"}],"replies":[{"embeddable":true,"href":"https:\/\/afea.fr\/news\/wp-json\/wp\/v2\/comments?post=4995"}],"version-history":[{"count":0,"href":"https:\/\/afea.fr\/news\/wp-json\/wp\/v2\/posts\/4995\/revisions"}],"wp:attachment":[{"href":"https:\/\/afea.fr\/news\/wp-json\/wp\/v2\/media?parent=4995"}],"wp:term":[{"taxonomy":"category","embeddable":true,"href":"https:\/\/afea.fr\/news\/wp-json\/wp\/v2\/categories?post=4995"},{"taxonomy":"post_tag","embeddable":true,"href":"https:\/\/afea.fr\/news\/wp-json\/wp\/v2\/tags?post=4995"}],"curies":[{"name":"wp","href":"https:\/\/api.w.org\/{rel}","templated":true}]}}