{"id":4822,"date":"2024-05-20T17:03:03","date_gmt":"2024-05-20T15:03:03","guid":{"rendered":"https:\/\/afea.fr\/news\/?p=4822"},"modified":"2024-05-20T17:03:03","modified_gmt":"2024-05-20T15:03:03","slug":"sem-politiques-americaines-crea-28-mai-beth-bailey-a-nanterre-et-en-ligne","status":"publish","type":"post","link":"https:\/\/afea.fr\/news\/seminar\/sem-politiques-americaines-crea-28-mai-beth-bailey-a-nanterre-et-en-ligne\/4822\/","title":{"rendered":"SEM Politiques am\u00e9ricaines (CREA) \u2013 28 mai \u2013 Beth Bailey (\u00e0 Nanterre et en ligne)"},"content":{"rendered":"<p>Ch\u00e8res et chers coll\u00e8gues,<\/p>\n<p>Nous avons le plaisir de vous inviter \u00e0 la prochaine s\u00e9ance du s\u00e9minaire Politiques am\u00e9ricaines qui aura lieu le mardi 28 mai de 14h30 \u00e0 16h.<\/p>\n<p>Nous recevrons Beth Bailey (University of Kansas) pour une pr\u00e9sentation de son ouvrage An Army Afire: How the US Army Confronted Its Racial Crisis in the Vietnam Era (Chapel Hill, University of North Carolina Press, 2023).<\/p>\n<p>Nous nous retrouverons en salle de s\u00e9minaire 2 du b\u00e2timent Weber (Nanterre) mais la s\u00e9ance sera aussi accessible \u00e0 distance : merci d&rsquo;\u00e9crire \u00e0 H\u00e9l\u00e8ne Solot (h.solot) pour obtenir le lien de connexion.<\/p>\n<p>Vous retrouverez tous les d\u00e9tails concernant cette s\u00e9ance ici: <a href=\"https:\/\/crea.parisnanterre.fr\/seminaires\/seminaire-politiques-americaines-beth-bailey\">https:\/\/crea.parisnanterre.fr\/seminaires\/seminaire-politiques-americaines-beth-bailey<\/a><\/p>\n<p>Le calendrier complet du s\u00e9minaire est quant \u00e0 lui disponible ici : <a href=\"https:\/\/crea.parisnanterre.fr\/groupes-de-recherche-et-projets-thematiques\/politiques-americaines\">https:\/\/crea.parisnanterre.fr\/groupes-de-recherche-et-projets-thematiques\/politiques-americaines<\/a><\/p>\n<p>Bien cordialement,<br \/>\nElisabeth Fauquert et H\u00e9l\u00e8ne Solot<\/p>\n<p>Source: H\u00e9l\u00e8ne Solot &lt;h.solot&gt;<\/p>\n<p><a href=\"https:\/\/i0.wp.com\/afea.fr\/news\/wp-content\/uploads\/sites\/2\/2024\/05\/bailey_cover.jpg?ssl=1\" rel=\"attachment wp-att-4823\"><img data-recalc-dims=\"1\" loading=\"lazy\" decoding=\"async\" src=\"https:\/\/i0.wp.com\/afea.fr\/news\/wp-content\/uploads\/sites\/2\/2024\/05\/bailey_cover.jpg?resize=1024%2C1024&#038;ssl=1\" alt=\"\" title=\"bailey_cover-jpg\" width=\"1024\" height=\"1024\" class=\"alignnone size-full wp-image-4823\" \/><\/a><\/p>\n","protected":false},"excerpt":{"rendered":"<p>Ch\u00e8res et chers coll\u00e8gues, Nous avons le plaisir de vous inviter \u00e0 la prochaine s\u00e9ance du s\u00e9minaire Politiques am\u00e9ricaines qui [&hellip;]<\/p>\n","protected":false},"author":1,"featured_media":0,"comment_status":"closed","ping_status":"open","sticky":false,"template":"","format":"standard","meta":{"_uag_custom_page_level_css":"","site-sidebar-layout":"default","site-content-layout":"","ast-site-content-layout":"default","site-content-style":"default","site-sidebar-style":"default","ast-global-header-display":"","ast-banner-title-visibility":"","ast-main-header-display":"","ast-hfb-above-header-display":"","ast-hfb-below-header-display":"","ast-hfb-mobile-header-display":"","site-post-title":"","ast-breadcrumbs-content":"","ast-featured-img":"","footer-sml-layout":"","ast-disable-related-posts":"","theme-transparent-header-meta":"","adv-header-id-meta":"","stick-header-meta":"","header-above-stick-meta":"","header-main-stick-meta":"","header-below-stick-meta":"","astra-migrate-meta-layouts":"default","ast-page-background-enabled":"default","ast-page-background-meta":{"desktop":{"background-color":"var(--ast-global-color-5)","background-image":"","background-repeat":"repeat","background-position":"center center","background-size":"auto","background-attachment":"scroll","background-type":"","background-media":"","overlay-type":"","overlay-color":"","overlay-opacity":"","overlay-gradient":""},"tablet":{"background-color":"","background-image":"","background-repeat":"repeat","background-position":"center center","background-size":"auto","background-attachment":"scroll","background-type":"","background-media":"","overlay-type":"","overlay-color":"","overlay-opacity":"","overlay-gradient":""},"mobile":{"background-color":"","background-image":"","background-repeat":"repeat","background-position":"center center","background-size":"auto","background-attachment":"scroll","background-type":"","background-media":"","overlay-type":"","overlay-color":"","overlay-opacity":"","overlay-gradient":""}},"ast-content-background-meta":{"desktop":{"background-color":"var(--ast-global-color-4)","background-image":"","background-repeat":"repeat","background-position":"center center","background-size":"auto","background-attachment":"scroll","background-type":"","background-media":"","overlay-type":"","overlay-color":"","overlay-opacity":"","overlay-gradient":""},"tablet":{"background-color":"var(--ast-global-color-4)","background-image":"","background-repeat":"repeat","background-position":"center center","background-size":"auto","background-attachment":"scroll","background-type":"","background-media":"","overlay-type":"","overlay-color":"","overlay-opacity":"","overlay-gradient":""},"mobile":{"background-color":"var(--ast-global-color-4)","background-image":"","background-repeat":"repeat","background-position":"center center","background-size":"auto","background-attachment":"scroll","background-type":"","background-media":"","overlay-type":"","overlay-color":"","overlay-opacity":"","overlay-gradient":""}},"_jetpack_memberships_contains_paid_content":false,"footnotes":""},"categories":[100],"tags":[1833,954,1832,1834],"class_list":["post-4822","post","type-post","status-publish","format-standard","hentry","category-seminar","tag-army","tag-racial-justice","tag-social-change","tag-vietnam-war"],"jetpack_featured_media_url":"","uagb_featured_image_src":{"full":false,"thumbnail":false,"medium":false,"medium_large":false,"large":false,"1536x1536":false,"2048x2048":false},"uagb_author_info":{"display_name":"Admin","author_link":"https:\/\/afea.fr\/news\/author\/yanb\/"},"uagb_comment_info":0,"uagb_excerpt":"Ch\u00e8res et chers coll\u00e8gues, Nous avons le plaisir de vous inviter \u00e0 la prochaine s\u00e9ance du s\u00e9minaire Politiques am\u00e9ricaines qui [&hellip;]","jetpack_sharing_enabled":true,"_links":{"self":[{"href":"https:\/\/afea.fr\/news\/wp-json\/wp\/v2\/posts\/4822"}],"collection":[{"href":"https:\/\/afea.fr\/news\/wp-json\/wp\/v2\/posts"}],"about":[{"href":"https:\/\/afea.fr\/news\/wp-json\/wp\/v2\/types\/post"}],"author":[{"embeddable":true,"href":"https:\/\/afea.fr\/news\/wp-json\/wp\/v2\/users\/1"}],"replies":[{"embeddable":true,"href":"https:\/\/afea.fr\/news\/wp-json\/wp\/v2\/comments?post=4822"}],"version-history":[{"count":1,"href":"https:\/\/afea.fr\/news\/wp-json\/wp\/v2\/posts\/4822\/revisions"}],"predecessor-version":[{"id":4824,"href":"https:\/\/afea.fr\/news\/wp-json\/wp\/v2\/posts\/4822\/revisions\/4824"}],"wp:attachment":[{"href":"https:\/\/afea.fr\/news\/wp-json\/wp\/v2\/media?parent=4822"}],"wp:term":[{"taxonomy":"category","embeddable":true,"href":"https:\/\/afea.fr\/news\/wp-json\/wp\/v2\/categories?post=4822"},{"taxonomy":"post_tag","embeddable":true,"href":"https:\/\/afea.fr\/news\/wp-json\/wp\/v2\/tags?post=4822"}],"curies":[{"name":"wp","href":"https:\/\/api.w.org\/{rel}","templated":true}]}}