{"id":3885,"date":"2024-04-15T18:33:23","date_gmt":"2024-04-15T16:33:23","guid":{"rendered":"https:\/\/afea.fr\/news\/?p=3885"},"modified":"2024-04-15T18:33:23","modified_gmt":"2024-04-15T16:33:23","slug":"je-polarisation-des-societes-britannique-et-etatsunienne-causes-consequences-enjeux","status":"publish","type":"post","link":"https:\/\/afea.fr\/news\/seminar\/je-polarisation-des-societes-britannique-et-etatsunienne-causes-consequences-enjeux\/3885\/","title":{"rendered":"JE &quot;Polarisation des soci\u00e9t\u00e9s britannique et \u00e9tatsunienne : causes, cons\u00e9quences, enjeux&quot;"},"content":{"rendered":"<p>Ch\u00e8res et chers coll\u00e8gues,<\/p>\n<p>J&rsquo;ai le plaisir de vous adresser cet appel \u00e0 communications pour une journ\u00e9e d&rsquo;\u00e9tudes que j&rsquo;organise conjointement avec ma coll\u00e8gue sp\u00e9cialiste du Royaule-Uni Laetitia Langlois sur le th\u00e8me suivant, &quot;Polarisation des soci\u00e9t\u00e9s britannique et \u00e9tatsunienne : causes, cons\u00e9quences, enjeux&quot;.<br \/>\nCette journ\u00e9e d&rsquo;\u00e9tude aura lieu en pr\u00e9sentiel le vendredi 18 octobre 2024 \u00e0 la Maison de la Recherche Germaine Tillion de l&rsquo;Universit\u00e9 d&rsquo;Angers. Nous serons ravis d&rsquo;accueillir des coll\u00e8gues qui travaillent depuis longtemps sur cette question comme des coll\u00e8gues qui sont au d\u00e9but de leurs recherches sur ce th\u00e8me.<br \/>\nCette journ\u00e9e d&rsquo;\u00e9tude sera suivie d&rsquo;une publication dans la revue en ligne Quaina, revue du laboratoire <a href=\"http:\/\/3L.AM\">3L.AM<\/a>.<\/p>\n<p>Merci d&rsquo;adresser vos propositions de communication en fran\u00e7ais ou en anglais ainsi qu&rsquo;une courte biographie avant le 15 juin 2024 \u00e0 moi-m\u00eame (clifford.baverel) et Laetitia Langlois (laetitia.langlois)<\/p>\n<p>Au plaisir,<br \/>\n\u2014<br \/>\nClifford Baverel, ma\u00eetre de conf\u00e9rences en histoire et civilisation \u00e9tatsunienne contemporaine \u00e0 l&rsquo;Universit\u00e9 d&rsquo;Angers, membre du laboratoire CIRPaLL<br \/>\nLaetitia Langlois, ma\u00eetre de conf\u00e9rences en histoire et civilisation britannique contemporaine \u00e0 l&rsquo;Universit\u00e9 d&rsquo;Angers, membre du laboratoire <a href=\"http:\/\/3L.AM\">3L.AM<\/a><\/p>\n<p>Source: Clifford BAVEREL &lt;clifford.baverel&gt;<\/p>\n<p><a href=\"https:\/\/afea.fr\/news\/wp-content\/uploads\/sites\/2\/2024\/04\/AAC-Polarisation.pdf\">AAC-Polarisation.pdf<\/a><\/p>\n","protected":false},"excerpt":{"rendered":"<p>Ch\u00e8res et chers coll\u00e8gues, J&rsquo;ai le plaisir de vous adresser cet appel \u00e0 communications pour une journ\u00e9e d&rsquo;\u00e9tudes que j&rsquo;organise [&hellip;]<\/p>\n","protected":false},"author":1,"featured_media":0,"comment_status":"closed","ping_status":"open","sticky":false,"template":"","format":"standard","meta":{"_uag_custom_page_level_css":"","site-sidebar-layout":"default","site-content-layout":"","ast-site-content-layout":"default","site-content-style":"default","site-sidebar-style":"default","ast-global-header-display":"","ast-banner-title-visibility":"","ast-main-header-display":"","ast-hfb-above-header-display":"","ast-hfb-below-header-display":"","ast-hfb-mobile-header-display":"","site-post-title":"","ast-breadcrumbs-content":"","ast-featured-img":"","footer-sml-layout":"","ast-disable-related-posts":"","theme-transparent-header-meta":"","adv-header-id-meta":"","stick-header-meta":"","header-above-stick-meta":"","header-main-stick-meta":"","header-below-stick-meta":"","astra-migrate-meta-layouts":"default","ast-page-background-enabled":"default","ast-page-background-meta":{"desktop":{"background-color":"var(--ast-global-color-5)","background-image":"","background-repeat":"repeat","background-position":"center center","background-size":"auto","background-attachment":"scroll","background-type":"","background-media":"","overlay-type":"","overlay-color":"","overlay-opacity":"","overlay-gradient":""},"tablet":{"background-color":"","background-image":"","background-repeat":"repeat","background-position":"center center","background-size":"auto","background-attachment":"scroll","background-type":"","background-media":"","overlay-type":"","overlay-color":"","overlay-opacity":"","overlay-gradient":""},"mobile":{"background-color":"","background-image":"","background-repeat":"repeat","background-position":"center center","background-size":"auto","background-attachment":"scroll","background-type":"","background-media":"","overlay-type":"","overlay-color":"","overlay-opacity":"","overlay-gradient":""}},"ast-content-background-meta":{"desktop":{"background-color":"var(--ast-global-color-4)","background-image":"","background-repeat":"repeat","background-position":"center center","background-size":"auto","background-attachment":"scroll","background-type":"","background-media":"","overlay-type":"","overlay-color":"","overlay-opacity":"","overlay-gradient":""},"tablet":{"background-color":"var(--ast-global-color-4)","background-image":"","background-repeat":"repeat","background-position":"center center","background-size":"auto","background-attachment":"scroll","background-type":"","background-media":"","overlay-type":"","overlay-color":"","overlay-opacity":"","overlay-gradient":""},"mobile":{"background-color":"var(--ast-global-color-4)","background-image":"","background-repeat":"repeat","background-position":"center center","background-size":"auto","background-attachment":"scroll","background-type":"","background-media":"","overlay-type":"","overlay-color":"","overlay-opacity":"","overlay-gradient":""}},"_jetpack_memberships_contains_paid_content":false,"footnotes":""},"categories":[100],"tags":[1822,1111,1820,1823,1821],"class_list":["post-3885","post","type-post","status-publish","format-standard","hentry","category-seminar","tag-brexit","tag-medias","tag-polarisation","tag-transformation-sociale","tag-trumpisme"],"jetpack_featured_media_url":"","uagb_featured_image_src":{"full":false,"thumbnail":false,"medium":false,"medium_large":false,"large":false,"1536x1536":false,"2048x2048":false},"uagb_author_info":{"display_name":"Admin","author_link":"https:\/\/afea.fr\/news\/author\/yanb\/"},"uagb_comment_info":0,"uagb_excerpt":"Ch\u00e8res et chers coll\u00e8gues, J&rsquo;ai le plaisir de vous adresser cet appel \u00e0 communications pour une journ\u00e9e d&rsquo;\u00e9tudes que j&rsquo;organise [&hellip;]","jetpack_sharing_enabled":true,"_links":{"self":[{"href":"https:\/\/afea.fr\/news\/wp-json\/wp\/v2\/posts\/3885"}],"collection":[{"href":"https:\/\/afea.fr\/news\/wp-json\/wp\/v2\/posts"}],"about":[{"href":"https:\/\/afea.fr\/news\/wp-json\/wp\/v2\/types\/post"}],"author":[{"embeddable":true,"href":"https:\/\/afea.fr\/news\/wp-json\/wp\/v2\/users\/1"}],"replies":[{"embeddable":true,"href":"https:\/\/afea.fr\/news\/wp-json\/wp\/v2\/comments?post=3885"}],"version-history":[{"count":1,"href":"https:\/\/afea.fr\/news\/wp-json\/wp\/v2\/posts\/3885\/revisions"}],"predecessor-version":[{"id":3887,"href":"https:\/\/afea.fr\/news\/wp-json\/wp\/v2\/posts\/3885\/revisions\/3887"}],"wp:attachment":[{"href":"https:\/\/afea.fr\/news\/wp-json\/wp\/v2\/media?parent=3885"}],"wp:term":[{"taxonomy":"category","embeddable":true,"href":"https:\/\/afea.fr\/news\/wp-json\/wp\/v2\/categories?post=3885"},{"taxonomy":"post_tag","embeddable":true,"href":"https:\/\/afea.fr\/news\/wp-json\/wp\/v2\/tags?post=3885"}],"curies":[{"name":"wp","href":"https:\/\/api.w.org\/{rel}","templated":true}]}}