{"id":3877,"date":"2024-04-08T11:24:05","date_gmt":"2024-04-08T09:24:05","guid":{"rendered":"https:\/\/afea.fr\/news\/seminar\/sem-politiques-americaines-crea-nanterre-11-avril-agnes-trouillet\/3877\/"},"modified":"2024-04-08T11:24:05","modified_gmt":"2024-04-08T09:24:05","slug":"sem-politiques-americaines-crea-nanterre-11-avril-agnes-trouillet","status":"publish","type":"post","link":"https:\/\/afea.fr\/news\/seminar\/sem-politiques-americaines-crea-nanterre-11-avril-agnes-trouillet\/3877\/","title":{"rendered":"SEM Politiques am\u00e9ricaines (CREA \u2013 Nanterre) \u2013 11 avril \u2013 Agn\u00e8s Trouillet"},"content":{"rendered":"<p>Ch\u00e8res et chers coll\u00e8gues,<\/p>\n<p>Nous avons le plaisir de vous inviter \u00e0 la prochaine s\u00e9ance du s\u00e9minaire Politiques am\u00e9ricaines qui aura lieu le jeudi 11 avril \u00e0 17h30 en salle de s\u00e9minaire 1 (rdc) du b\u00e2timent Weber (Universit\u00e9 Paris Nanterre).<\/p>\n<p>Nous recevrons Agn\u00e8s Trouillet (Universit\u00e9 Paris Nanterre) pour une s\u00e9ance intitul\u00e9e \u00ab \u201cUne nouvelle vague de l\u2019activisme informationnel\u201d : nouveaux m\u00e9dias en ligne, \u201cjournalistes citoyens conservateurs\u201d et contre-d\u00e9mocratie aux \u00c9tats-Unis. \u00bb<\/p>\n<p>Vous retrouverez tous les d\u00e9tails concernant cette s\u00e9ance ici: <a href=\"https:\/\/crea.parisnanterre.fr\/seminaires\/seminaire-politiques-americaines-agnes-trouillet\">https:\/\/crea.parisnanterre.fr\/seminaires\/seminaire-politiques-americaines-agnes-trouillet<\/a><\/p>\n<p>Le calendrier complet du s\u00e9minaire est quant \u00e0 lui disponible ici : <a href=\"https:\/\/crea.parisnanterre.fr\/groupes-de-recherche-et-projets-thematiques\/politiques-americaines\">https:\/\/crea.parisnanterre.fr\/groupes-de-recherche-et-projets-thematiques\/politiques-americaines<\/a><\/p>\n<p>Bien cordialement,<br \/>\nElisabeth Fauquert et H\u00e9l\u00e8ne Solot<\/p>\n<p>Source: H\u00e9l\u00e8ne Solot &lt;h.solot&gt;<\/p>\n","protected":false},"excerpt":{"rendered":"<p>Ch\u00e8res et chers coll\u00e8gues, Nous avons le plaisir de vous inviter \u00e0 la prochaine s\u00e9ance du s\u00e9minaire Politiques am\u00e9ricaines qui [&hellip;]<\/p>\n","protected":false},"author":1,"featured_media":0,"comment_status":"","ping_status":"open","sticky":false,"template":"","format":"standard","meta":{"_uag_custom_page_level_css":"","site-sidebar-layout":"default","site-content-layout":"","ast-site-content-layout":"default","site-content-style":"default","site-sidebar-style":"default","ast-global-header-display":"","ast-banner-title-visibility":"","ast-main-header-display":"","ast-hfb-above-header-display":"","ast-hfb-below-header-display":"","ast-hfb-mobile-header-display":"","site-post-title":"","ast-breadcrumbs-content":"","ast-featured-img":"","footer-sml-layout":"","ast-disable-related-posts":"","theme-transparent-header-meta":"","adv-header-id-meta":"","stick-header-meta":"","header-above-stick-meta":"","header-main-stick-meta":"","header-below-stick-meta":"","astra-migrate-meta-layouts":"default","ast-page-background-enabled":"default","ast-page-background-meta":{"desktop":{"background-color":"var(--ast-global-color-5)","background-image":"","background-repeat":"repeat","background-position":"center center","background-size":"auto","background-attachment":"scroll","background-type":"","background-media":"","overlay-type":"","overlay-color":"","overlay-opacity":"","overlay-gradient":""},"tablet":{"background-color":"","background-image":"","background-repeat":"repeat","background-position":"center center","background-size":"auto","background-attachment":"scroll","background-type":"","background-media":"","overlay-type":"","overlay-color":"","overlay-opacity":"","overlay-gradient":""},"mobile":{"background-color":"","background-image":"","background-repeat":"repeat","background-position":"center center","background-size":"auto","background-attachment":"scroll","background-type":"","background-media":"","overlay-type":"","overlay-color":"","overlay-opacity":"","overlay-gradient":""}},"ast-content-background-meta":{"desktop":{"background-color":"var(--ast-global-color-4)","background-image":"","background-repeat":"repeat","background-position":"center center","background-size":"auto","background-attachment":"scroll","background-type":"","background-media":"","overlay-type":"","overlay-color":"","overlay-opacity":"","overlay-gradient":""},"tablet":{"background-color":"var(--ast-global-color-4)","background-image":"","background-repeat":"repeat","background-position":"center center","background-size":"auto","background-attachment":"scroll","background-type":"","background-media":"","overlay-type":"","overlay-color":"","overlay-opacity":"","overlay-gradient":""},"mobile":{"background-color":"var(--ast-global-color-4)","background-image":"","background-repeat":"repeat","background-position":"center center","background-size":"auto","background-attachment":"scroll","background-type":"","background-media":"","overlay-type":"","overlay-color":"","overlay-opacity":"","overlay-gradient":""}},"_jetpack_memberships_contains_paid_content":false,"footnotes":""},"categories":[100],"tags":[408,1819,1818],"class_list":["post-3877","post","type-post","status-publish","format-standard","hentry","category-seminar","tag-conservatism","tag-online-media","tag-political-activism"],"jetpack_featured_media_url":"","uagb_featured_image_src":{"full":false,"thumbnail":false,"medium":false,"medium_large":false,"large":false,"1536x1536":false,"2048x2048":false},"uagb_author_info":{"display_name":"Admin","author_link":"https:\/\/afea.fr\/news\/author\/yanb\/"},"uagb_comment_info":0,"uagb_excerpt":"Ch\u00e8res et chers coll\u00e8gues, Nous avons le plaisir de vous inviter \u00e0 la prochaine s\u00e9ance du s\u00e9minaire Politiques am\u00e9ricaines qui [&hellip;]","jetpack_sharing_enabled":true,"_links":{"self":[{"href":"https:\/\/afea.fr\/news\/wp-json\/wp\/v2\/posts\/3877"}],"collection":[{"href":"https:\/\/afea.fr\/news\/wp-json\/wp\/v2\/posts"}],"about":[{"href":"https:\/\/afea.fr\/news\/wp-json\/wp\/v2\/types\/post"}],"author":[{"embeddable":true,"href":"https:\/\/afea.fr\/news\/wp-json\/wp\/v2\/users\/1"}],"replies":[{"embeddable":true,"href":"https:\/\/afea.fr\/news\/wp-json\/wp\/v2\/comments?post=3877"}],"version-history":[{"count":0,"href":"https:\/\/afea.fr\/news\/wp-json\/wp\/v2\/posts\/3877\/revisions"}],"wp:attachment":[{"href":"https:\/\/afea.fr\/news\/wp-json\/wp\/v2\/media?parent=3877"}],"wp:term":[{"taxonomy":"category","embeddable":true,"href":"https:\/\/afea.fr\/news\/wp-json\/wp\/v2\/categories?post=3877"},{"taxonomy":"post_tag","embeddable":true,"href":"https:\/\/afea.fr\/news\/wp-json\/wp\/v2\/tags?post=3877"}],"curies":[{"name":"wp","href":"https:\/\/api.w.org\/{rel}","templated":true}]}}