{"id":3862,"date":"2024-04-05T23:32:49","date_gmt":"2024-04-05T21:32:49","guid":{"rendered":"https:\/\/afea.fr\/news\/?p=3862"},"modified":"2024-04-06T11:45:58","modified_gmt":"2024-04-06T09:45:58","slug":"ouvrage-collectif-t-s-eliot-agoniste-presses-rue-classgmail_quote-category-publication","status":"publish","type":"post","link":"https:\/\/afea.fr\/news\/cfp\/ouvrage-collectif-t-s-eliot-agoniste-presses-rue-classgmail_quote-category-publication\/3862\/","title":{"rendered":"Ouvrage collectif \u00ab\u00a0T. S. Eliot Agoniste\u00a0\u00bb"},"content":{"rendered":"<p>Ch\u00e8res et chers coll\u00e8gues,<\/p>\n<p>Nous avons le plaisir d&rsquo;annoncer la parution de l\u2019ouvrage collectif que nous avons coordonn\u00e9 sur les po\u00e8mes de T. S. Eliot dans la collection \u00ab Les actes de la recherche \u00e0 l\u2019ENS \u00bb aux presses de la Rue d\u2019Ulm. Il contient un texte de Marjorie Perloff \u00e0 qui nous d\u00e9dions ce petit volume.<\/p>\n<p>Il est disponible en version \u00e9lectronique et en impression \u00e0 la demande gr\u00e2ce au lien suivant:<br \/>\n<a href=\"https:\/\/presses.ens.psl.eu\/t.s.-eliot-agoniste.html\">https:\/\/presses.ens.psl.eu\/t.s.-eliot-agoniste.html<\/a><\/p>\n<p>Tr\u00e8s cordialement,<\/p>\n<p>H\u00e9l\u00e8ne Aji, Agn\u00e8s Derail et Cl\u00e9ment Oudart<\/p>\n<p>T. S. ELIOT AGONISTE LECTURE DES POE\u0300MES<\/p>\n<p>HE\u0301LE\u0300NE AJI, AGNE\u0300S DERAIL et CLE\u0301MENT OUDART (e\u0301d.)<\/p>\n<p>LA COLLECTION ACTES DE LA RECHERCHE A\u0300 L\u2019ENS-PSL<br \/>\nCONSTITUE UNE SE\u0301RIE PLURIDISCIPLINAIRE<br \/>\n(DOCUMENTS, TE\u0301MOIGNAGES, RE\u0301E\u0301DITIONS, ME\u0301MOIRES DE RECHERCHE, OUVRAGES COLLECTIFS) COMPOSE\u0301E EXCLUSIVEMENT<br \/>\nDE PUBLICATIONS E\u0301LECTRONIQUES.<\/p>\n<p>Disponible en version e\u0301lectronique et impression a\u0300 la demande<\/p>\n<p>Collection \u00abActes de la recherche a\u0300 l\u2019ENS-PSL\u00bb n\u00b0 37<\/p>\n<p>12\u20ac\u2013180pages\u201315x21cm<\/p>\n<p>Le livre<\/p>\n<p>Ame\u0301ricain puis britannique, protestant puis anglican, moderniste puis classique, T. S. Eliot parcourt au fil de sa vie plusieurs trajectoires de transition, voire de conversion, qui font de lui un poe\u0300te pivot, repre\u0301sentant d\u2019un cosmopolitisme masculin et blanc qui a tre\u0300s fortement fac\u0327onne\u0301 le canon poe\u0301tique anglo-saxon du xxe sie\u0300cle. Il produit une critique subversive de la civilisation et de la modernite\u0301 telles qu\u2019elles se manifestent dans les premie\u0300res anne\u0301es de ce sie\u0300cle, de\u0301plorant une de\u0301cadence sociale et morale ge\u0301ne\u0301ralise\u0301e, pre\u0301cipite\u0301e, selon lui, par l\u2019e\u0300re industrielle, la guerre et leurs innovations technologiques mortelles et amorales. L\u2019utilisation elliptique et souvent cryptique des citations et de l\u2019intertexualite\u0301, de\u0301fiant les limites du langage, l\u2019ironie corrosive de ses observations des m\u0153urs contemporaines et la que\u0302te incessante d\u2019une transcendance individuelle et collective, la mise en question de l\u2019expression poe\u0301tique me\u0302me, telles sont les armes d\u2019un combat poe\u0301tique titanesque. Seul reme\u0300de a\u0300 cette condition humaine de\u0301grade\u0301e, la rede\u0301finition du ge\u0301nie poe\u0301tique, attribut d\u2019un nombre re\u0301duit d\u2019e\u0301lus, ouvrirait la voie hypothe\u0301tique d\u2019une re\u0301demption finale.<\/p>\n<p>Les auteurs<\/p>\n<p>He\u0301le\u0300ne Aji est professeure de litte\u0301rature ame\u0301ricaine a\u0300 l\u2019E\u0301cole normale supe\u0301rieure (ENS- PSL), directrice de l\u2019UAR \u00abRe\u0301publique des savoirs\u00bb et vice-pre\u0301sidente de l\u2019Institut des Ame\u0301riques. Elle pilote le projet de recherche \u00abPoetry Reading[s]\u00bb en coope\u0301ration avec la bibliothe\u0300que Ulm-LSH (ENS-PSL) et participe a\u0300 l\u2019action de mentoring \u00ab Femmes et Sciences \u00bb de l\u2019Universite\u0301 Paris Sciences et Lettres.<\/p>\n<p>Agne\u0300s Derail a e\u0301te\u0301 mai\u0302tre de confe\u0301rences a\u0300 l\u2019E\u0301cole normale supe\u0301rieure (ENS-PSL) et a publie\u0301 plusieurs e\u0301tudes sur la litte\u0301rature ame\u0301ricaine du long xxe sie\u0300cle. Elle a dirige\u0301 entre 2010 et 2023 la collection \u00ab Offshore \u00bb fonde\u0301e par Pierre-Yves Pe\u0301tillon.<\/p>\n<p>Cle\u0301ment Oudart est mai\u0302tre de confe\u0301rences en litte\u0301rature ame\u0301ricaine a\u0300 la faculte\u0301 des Lettres de Sorbonne Universite\u0301, ou\u0300 il me\u0300ne des recherches sur la poe\u0301sie ame\u0301ricaine du xxe sie\u0300cle dans le cadre de l\u2019unite\u0301 de recherche VALE.<\/p>\n<p>Avec les contributions de : Aurore Clavier (Universite\u0301 Paris Cite\u0301), Ame\u0301lie Ducroux (Universite\u0301 Lumie\u0300re-Lyon 2), Xavier Kalck (Universite\u0301 de Lille), Nicholas Manning (Universite\u0301 Grenoble Alpes et IUF), Fiona McMahon (Universite\u0301 Paul Vale\u0301ry Montpellier 3), Marjorie Perloff (Stanford University et Universite\u0301 de Californie du Sud), Antonia Rigaud (Universite\u0301 Sorbonne Nouvelle), Lacy Rumsey (ENS de Lyon et UMR 5317 IHRIM), Benoi\u0302t Tadie\u0301 (Universite\u0301 Paris Nanterre et Socie\u0301te\u0301 d\u2019e\u0301tudes modernistes).<\/p>\n<p>\u2013\u2013\u2013\u2013\u2013\u2013\u2013\u2013\u2013\u2013\u2013\u2013\u2013\u2013\u2013\u2013\u2013\u2013\u2013\u2013\u2013\u2013\u2013\u2013\u2013\u2013\u2013\u2013\u2013\u2013\u2013\u2013\u2013\u2013\u2013\u2013\u2013<br \/>\nH\u00e9l\u00e8ne Aji<br \/>\nProfesseur de litt\u00e9rature am\u00e9ricaine<br \/>\nVice-pr\u00e9sidente de l\u2019Institut des Am\u00e9riques<br \/>\nDirectrice de l\u2019UAR 3608 R\u00e9publique des savoirs<\/p>\n<p>D\u00e9partement Litt\u00e9ratures et Langage<br \/>\n\u00c9cole normale sup\u00e9rieure<br \/>\n45 rue d\u2019Ulm<br \/>\n75005 Paris, France<\/p>\n<p>Source: H\u00e9l\u00e8ne Aji &lt;helene.aji&gt;<\/p>\n<p><a href=\"https:\/\/afea.fr\/news\/wp-content\/uploads\/sites\/2\/2024\/04\/CP_Eliot_V2.pdf\">CP_Eliot_V2.pdf<\/a><\/p>\n","protected":false},"excerpt":{"rendered":"<p>Ch\u00e8res et chers coll\u00e8gues, Nous avons le plaisir d&rsquo;annoncer la parution de l\u2019ouvrage collectif que nous avons coordonn\u00e9 sur les [&hellip;]<\/p>\n","protected":false},"author":1,"featured_media":0,"comment_status":"closed","ping_status":"open","sticky":false,"template":"","format":"standard","meta":{"_uag_custom_page_level_css":"","site-sidebar-layout":"default","site-content-layout":"","ast-site-content-layout":"default","site-content-style":"default","site-sidebar-style":"default","ast-global-header-display":"","ast-banner-title-visibility":"","ast-main-header-display":"","ast-hfb-above-header-display":"","ast-hfb-below-header-display":"","ast-hfb-mobile-header-display":"","site-post-title":"","ast-breadcrumbs-content":"","ast-featured-img":"","footer-sml-layout":"","ast-disable-related-posts":"","theme-transparent-header-meta":"","adv-header-id-meta":"","stick-header-meta":"","header-above-stick-meta":"","header-main-stick-meta":"","header-below-stick-meta":"","astra-migrate-meta-layouts":"set","ast-page-background-enabled":"default","ast-page-background-meta":{"desktop":{"background-color":"var(--ast-global-color-5)","background-image":"","background-repeat":"repeat","background-position":"center center","background-size":"auto","background-attachment":"scroll","background-type":"","background-media":"","overlay-type":"","overlay-color":"","overlay-opacity":"","overlay-gradient":""},"tablet":{"background-color":"","background-image":"","background-repeat":"repeat","background-position":"center center","background-size":"auto","background-attachment":"scroll","background-type":"","background-media":"","overlay-type":"","overlay-color":"","overlay-opacity":"","overlay-gradient":""},"mobile":{"background-color":"","background-image":"","background-repeat":"repeat","background-position":"center center","background-size":"auto","background-attachment":"scroll","background-type":"","background-media":"","overlay-type":"","overlay-color":"","overlay-opacity":"","overlay-gradient":""}},"ast-content-background-meta":{"desktop":{"background-color":"var(--ast-global-color-4)","background-image":"","background-repeat":"repeat","background-position":"center center","background-size":"auto","background-attachment":"scroll","background-type":"","background-media":"","overlay-type":"","overlay-color":"","overlay-opacity":"","overlay-gradient":""},"tablet":{"background-color":"var(--ast-global-color-4)","background-image":"","background-repeat":"repeat","background-position":"center center","background-size":"auto","background-attachment":"scroll","background-type":"","background-media":"","overlay-type":"","overlay-color":"","overlay-opacity":"","overlay-gradient":""},"mobile":{"background-color":"var(--ast-global-color-4)","background-image":"","background-repeat":"repeat","background-position":"center center","background-size":"auto","background-attachment":"scroll","background-type":"","background-media":"","overlay-type":"","overlay-color":"","overlay-opacity":"","overlay-gradient":""}},"_jetpack_memberships_contains_paid_content":false,"footnotes":""},"categories":[99],"tags":[1803,183,1810],"class_list":["post-3862","post","type-post","status-publish","format-standard","hentry","category-cfp","tag-american-poetry","tag-publication","tag-t-s-eliot"],"jetpack_featured_media_url":"","uagb_featured_image_src":{"full":false,"thumbnail":false,"medium":false,"medium_large":false,"large":false,"1536x1536":false,"2048x2048":false},"uagb_author_info":{"display_name":"Admin","author_link":"https:\/\/afea.fr\/news\/author\/yanb\/"},"uagb_comment_info":0,"uagb_excerpt":"Ch\u00e8res et chers coll\u00e8gues, Nous avons le plaisir d&rsquo;annoncer la parution de l\u2019ouvrage collectif que nous avons coordonn\u00e9 sur les [&hellip;]","jetpack_sharing_enabled":true,"_links":{"self":[{"href":"https:\/\/afea.fr\/news\/wp-json\/wp\/v2\/posts\/3862"}],"collection":[{"href":"https:\/\/afea.fr\/news\/wp-json\/wp\/v2\/posts"}],"about":[{"href":"https:\/\/afea.fr\/news\/wp-json\/wp\/v2\/types\/post"}],"author":[{"embeddable":true,"href":"https:\/\/afea.fr\/news\/wp-json\/wp\/v2\/users\/1"}],"replies":[{"embeddable":true,"href":"https:\/\/afea.fr\/news\/wp-json\/wp\/v2\/comments?post=3862"}],"version-history":[{"count":2,"href":"https:\/\/afea.fr\/news\/wp-json\/wp\/v2\/posts\/3862\/revisions"}],"predecessor-version":[{"id":3865,"href":"https:\/\/afea.fr\/news\/wp-json\/wp\/v2\/posts\/3862\/revisions\/3865"}],"wp:attachment":[{"href":"https:\/\/afea.fr\/news\/wp-json\/wp\/v2\/media?parent=3862"}],"wp:term":[{"taxonomy":"category","embeddable":true,"href":"https:\/\/afea.fr\/news\/wp-json\/wp\/v2\/categories?post=3862"},{"taxonomy":"post_tag","embeddable":true,"href":"https:\/\/afea.fr\/news\/wp-json\/wp\/v2\/tags?post=3862"}],"curies":[{"name":"wp","href":"https:\/\/api.w.org\/{rel}","templated":true}]}}