{"id":3828,"date":"2024-03-28T09:09:57","date_gmt":"2024-03-28T08:09:57","guid":{"rendered":"https:\/\/afea.fr\/news\/seminar\/cycle-la-poesie-exposee-helene-aji-ens-rue-dulm-expogrammes-les-poemes-visuels-de-jackson-mac-low-jeu-4-avril-de-17h-a-18h30\/3828\/"},"modified":"2024-03-28T09:09:57","modified_gmt":"2024-03-28T08:09:57","slug":"cycle-la-poesie-exposee-helene-aji-ens-rue-dulm-expogrammes-les-poemes-visuels-de-jackson-mac-low-jeu-4-avril-de-17h-a-18h30","status":"publish","type":"post","link":"https:\/\/afea.fr\/news\/seminar\/cycle-la-poesie-exposee-helene-aji-ens-rue-dulm-expogrammes-les-poemes-visuels-de-jackson-mac-low-jeu-4-avril-de-17h-a-18h30\/3828\/","title":{"rendered":"Cycle La po\u00e9sie expos\u00e9e \u2013 H\u00e9l\u00e8ne Aji (ENS rue d\u2019Ulm) \u00ab \u2018Expogrammes\u2019 : les po\u00e8mes visuels de Jackson Mac Low \u00bb \u2013 Jeu. 4 avril de 17h \u00e0 18h30"},"content":{"rendered":"<p>Ch\u00e8res et chers Coll\u00e8gues,<\/p>\n<p>Dans le cadre du Cycle interdisciplinaire \u00ab Du livre au mur ! La po\u00e9sie expos\u00e9e (mus\u00e9es, galeries, biblioth\u00e8ques) \u00bb, l\u2019\u00e9quipe de Poetry Beyond (VALE UR 4085) vous invite \u00e0 venir \u00e9couter H\u00e9l\u00e8ne Aji (ENS rue d\u2019Ulm) pour une communication intitul\u00e9e \u00ab \u2018Expogrammes\u2019 : les po\u00e8mes visuels de Jackson Mac Low \u00bb le jeudi 4 avril 2024 de 17h \u00e0 18h30, dans la Salle des th\u00e8ses du Campus des Cordeliers, 15 rue de l\u2019Ecole de M\u00e9decine (M\u00e9tro : Od\u00e9on).<\/p>\n<p>Pour plus d\u2019informations sur ce cycle, consulter le texte de cadrage: <a href=\"https:\/\/vale.sorbonne-universite.fr\/wp-content\/uploads\/2023\/10\/Poetry-on-exhibit_cadrage-et-calendrier_EN_FR-.pdf\">https:\/\/vale.sorbonne-universite.fr\/wp-content\/uploads\/2023\/10\/Poetry-on-exhibit_cadrage-et-calendrier_EN_FR-.pdf<\/a><\/p>\n<p>Juliette Utard pour l\u2019\u00e9quipe de Poetry Beyond<br \/>\nFacult\u00e9 des Lettres de Sorbonne Universit\u00e9<\/p>\n<p>Source: Juliette Utard &lt;Juliette.utard&gt;<\/p>\n","protected":false},"excerpt":{"rendered":"<p>Ch\u00e8res et chers Coll\u00e8gues, Dans le cadre du Cycle interdisciplinaire \u00ab Du livre au mur ! La po\u00e9sie expos\u00e9e (mus\u00e9es, [&hellip;]<\/p>\n","protected":false},"author":1,"featured_media":0,"comment_status":"","ping_status":"open","sticky":false,"template":"","format":"standard","meta":{"_uag_custom_page_level_css":"","site-sidebar-layout":"default","site-content-layout":"","ast-site-content-layout":"default","site-content-style":"default","site-sidebar-style":"default","ast-global-header-display":"","ast-banner-title-visibility":"","ast-main-header-display":"","ast-hfb-above-header-display":"","ast-hfb-below-header-display":"","ast-hfb-mobile-header-display":"","site-post-title":"","ast-breadcrumbs-content":"","ast-featured-img":"","footer-sml-layout":"","ast-disable-related-posts":"","theme-transparent-header-meta":"","adv-header-id-meta":"","stick-header-meta":"","header-above-stick-meta":"","header-main-stick-meta":"","header-below-stick-meta":"","astra-migrate-meta-layouts":"default","ast-page-background-enabled":"default","ast-page-background-meta":{"desktop":{"background-color":"var(--ast-global-color-5)","background-image":"","background-repeat":"repeat","background-position":"center center","background-size":"auto","background-attachment":"scroll","background-type":"","background-media":"","overlay-type":"","overlay-color":"","overlay-opacity":"","overlay-gradient":""},"tablet":{"background-color":"","background-image":"","background-repeat":"repeat","background-position":"center center","background-size":"auto","background-attachment":"scroll","background-type":"","background-media":"","overlay-type":"","overlay-color":"","overlay-opacity":"","overlay-gradient":""},"mobile":{"background-color":"","background-image":"","background-repeat":"repeat","background-position":"center center","background-size":"auto","background-attachment":"scroll","background-type":"","background-media":"","overlay-type":"","overlay-color":"","overlay-opacity":"","overlay-gradient":""}},"ast-content-background-meta":{"desktop":{"background-color":"var(--ast-global-color-4)","background-image":"","background-repeat":"repeat","background-position":"center center","background-size":"auto","background-attachment":"scroll","background-type":"","background-media":"","overlay-type":"","overlay-color":"","overlay-opacity":"","overlay-gradient":""},"tablet":{"background-color":"var(--ast-global-color-4)","background-image":"","background-repeat":"repeat","background-position":"center center","background-size":"auto","background-attachment":"scroll","background-type":"","background-media":"","overlay-type":"","overlay-color":"","overlay-opacity":"","overlay-gradient":""},"mobile":{"background-color":"var(--ast-global-color-4)","background-image":"","background-repeat":"repeat","background-position":"center center","background-size":"auto","background-attachment":"scroll","background-type":"","background-media":"","overlay-type":"","overlay-color":"","overlay-opacity":"","overlay-gradient":""}},"_jetpack_memberships_contains_paid_content":false,"footnotes":""},"categories":[100],"tags":[1803,1805,1804,147],"class_list":["post-3828","post","type-post","status-publish","format-standard","hentry","category-seminar","tag-american-poetry","tag-jackson-mac-low","tag-museum-studies","tag-seminar"],"jetpack_featured_media_url":"","uagb_featured_image_src":{"full":false,"thumbnail":false,"medium":false,"medium_large":false,"large":false,"1536x1536":false,"2048x2048":false},"uagb_author_info":{"display_name":"Admin","author_link":"https:\/\/afea.fr\/news\/author\/yanb\/"},"uagb_comment_info":0,"uagb_excerpt":"Ch\u00e8res et chers Coll\u00e8gues, Dans le cadre du Cycle interdisciplinaire \u00ab Du livre au mur ! La po\u00e9sie expos\u00e9e (mus\u00e9es, [&hellip;]","jetpack_sharing_enabled":true,"_links":{"self":[{"href":"https:\/\/afea.fr\/news\/wp-json\/wp\/v2\/posts\/3828"}],"collection":[{"href":"https:\/\/afea.fr\/news\/wp-json\/wp\/v2\/posts"}],"about":[{"href":"https:\/\/afea.fr\/news\/wp-json\/wp\/v2\/types\/post"}],"author":[{"embeddable":true,"href":"https:\/\/afea.fr\/news\/wp-json\/wp\/v2\/users\/1"}],"replies":[{"embeddable":true,"href":"https:\/\/afea.fr\/news\/wp-json\/wp\/v2\/comments?post=3828"}],"version-history":[{"count":0,"href":"https:\/\/afea.fr\/news\/wp-json\/wp\/v2\/posts\/3828\/revisions"}],"wp:attachment":[{"href":"https:\/\/afea.fr\/news\/wp-json\/wp\/v2\/media?parent=3828"}],"wp:term":[{"taxonomy":"category","embeddable":true,"href":"https:\/\/afea.fr\/news\/wp-json\/wp\/v2\/categories?post=3828"},{"taxonomy":"post_tag","embeddable":true,"href":"https:\/\/afea.fr\/news\/wp-json\/wp\/v2\/tags?post=3828"}],"curies":[{"name":"wp","href":"https:\/\/api.w.org\/{rel}","templated":true}]}}