{"id":3827,"date":"2024-03-28T09:09:28","date_gmt":"2024-03-28T08:09:28","guid":{"rendered":"https:\/\/afea.fr\/news\/seminar\/prochaine-seance-du-seminaire-cultures-populaires-universite-de-reims-mercredi-3-avril-16h30-18h30-tristan-le-bras-ehess-prendre-les-ondes-prendre-le-pouvoir-les-disc-jocke\/3827\/"},"modified":"2024-03-28T09:09:28","modified_gmt":"2024-03-28T08:09:28","slug":"prochaine-seance-du-seminaire-cultures-populaires-universite-de-reims-mercredi-3-avril-16h30-18h30-tristan-le-bras-ehess-prendre-les-ondes-prendre-le-pouvoir-les-disc-jocke","status":"publish","type":"post","link":"https:\/\/afea.fr\/news\/seminar\/prochaine-seance-du-seminaire-cultures-populaires-universite-de-reims-mercredi-3-avril-16h30-18h30-tristan-le-bras-ehess-prendre-les-ondes-prendre-le-pouvoir-les-disc-jocke\/3827\/","title":{"rendered":"Prochaine s\u00e9ance du s\u00e9minaire &quot;Cultures populaires&quot;, Universit\u00e9 de Reims, Mercredi 3 avril, 16h30-18h30, Tristan Le Bras (EHESS), &quot;Prendre les ondes, prendre le pouvoir : les disc-jockeys entre charisme, musique et politique sur les radios afro-am\u00e9ricaines (1950s, 1960s)&quot;"},"content":{"rendered":"<p>Ch\u00e8res et chers coll\u00e8gues,<\/p>\n<p>La prochaine s\u00e9ance du s\u00e9minaire &quot;Cultures populaires&quot; de l&rsquo;Universit\u00e9 de Reims Champagne-Ardenne (CIRLEP) se tiendra le Mercredi 3 avril de 16h30-18h30, en salle E12 du B\u00e2timent 13 Recherche, Campus Croix -Rouge.<\/p>\n<p>Nous aurons le plaisir d&rsquo;accueillir Tristan Le Bras qui interviendra sur le sujet suivant: &quot;Prendre les ondes, prendre le pouvoir : les disc-jockeys entre charisme, musique et politique sur les radios afro-am\u00e9ricaines (1950s, 1960s)&quot;<\/p>\n<p>Tristan Le Bras est ATER \u00e0 l&rsquo;Universit\u00e9 de Versailles Saint-Quentin et pr\u00e9pare \u00e0 l&rsquo;EHESS (CENA-Mondes Am\u00e9ricains) une th\u00e8se provisoirement intitul\u00e9e \u00ab D\u00e9s\u00e9gr\u00e9guer les ondes ? Le r\u00f4le des disc-jockeys dans les reconfigurations politiques du Sud des Etats-Unis (1947-1979). \u00bb<\/p>\n<p>La s\u00e9ance peut-\u00eatre suivie \u00e0 distance par Zoom: demander le lien \u00e0 yann.philippe<\/p>\n<p>Source: Yann Philippe &lt;yann.philippe&gt;<\/p>\n","protected":false},"excerpt":{"rendered":"<p>Ch\u00e8res et chers coll\u00e8gues, La prochaine s\u00e9ance du s\u00e9minaire &quot;Cultures populaires&quot; de l&rsquo;Universit\u00e9 de Reims Champagne-Ardenne (CIRLEP) se tiendra le [&hellip;]<\/p>\n","protected":false},"author":1,"featured_media":0,"comment_status":"","ping_status":"open","sticky":false,"template":"","format":"standard","meta":{"_uag_custom_page_level_css":"","site-sidebar-layout":"default","site-content-layout":"","ast-site-content-layout":"default","site-content-style":"default","site-sidebar-style":"default","ast-global-header-display":"","ast-banner-title-visibility":"","ast-main-header-display":"","ast-hfb-above-header-display":"","ast-hfb-below-header-display":"","ast-hfb-mobile-header-display":"","site-post-title":"","ast-breadcrumbs-content":"","ast-featured-img":"","footer-sml-layout":"","ast-disable-related-posts":"","theme-transparent-header-meta":"","adv-header-id-meta":"","stick-header-meta":"","header-above-stick-meta":"","header-main-stick-meta":"","header-below-stick-meta":"","astra-migrate-meta-layouts":"default","ast-page-background-enabled":"default","ast-page-background-meta":{"desktop":{"background-color":"var(--ast-global-color-5)","background-image":"","background-repeat":"repeat","background-position":"center center","background-size":"auto","background-attachment":"scroll","background-type":"","background-media":"","overlay-type":"","overlay-color":"","overlay-opacity":"","overlay-gradient":""},"tablet":{"background-color":"","background-image":"","background-repeat":"repeat","background-position":"center center","background-size":"auto","background-attachment":"scroll","background-type":"","background-media":"","overlay-type":"","overlay-color":"","overlay-opacity":"","overlay-gradient":""},"mobile":{"background-color":"","background-image":"","background-repeat":"repeat","background-position":"center center","background-size":"auto","background-attachment":"scroll","background-type":"","background-media":"","overlay-type":"","overlay-color":"","overlay-opacity":"","overlay-gradient":""}},"ast-content-background-meta":{"desktop":{"background-color":"var(--ast-global-color-4)","background-image":"","background-repeat":"repeat","background-position":"center center","background-size":"auto","background-attachment":"scroll","background-type":"","background-media":"","overlay-type":"","overlay-color":"","overlay-opacity":"","overlay-gradient":""},"tablet":{"background-color":"var(--ast-global-color-4)","background-image":"","background-repeat":"repeat","background-position":"center center","background-size":"auto","background-attachment":"scroll","background-type":"","background-media":"","overlay-type":"","overlay-color":"","overlay-opacity":"","overlay-gradient":""},"mobile":{"background-color":"var(--ast-global-color-4)","background-image":"","background-repeat":"repeat","background-position":"center center","background-size":"auto","background-attachment":"scroll","background-type":"","background-media":"","overlay-type":"","overlay-color":"","overlay-opacity":"","overlay-gradient":""}},"_jetpack_memberships_contains_paid_content":false,"footnotes":""},"categories":[100],"tags":[1083,1802,1747,1748],"class_list":["post-3827","post","type-post","status-publish","format-standard","hentry","category-seminar","tag-cultures-populaires","tag-dj","tag-radio","tag-sud"],"jetpack_featured_media_url":"","uagb_featured_image_src":{"full":false,"thumbnail":false,"medium":false,"medium_large":false,"large":false,"1536x1536":false,"2048x2048":false},"uagb_author_info":{"display_name":"Admin","author_link":"https:\/\/afea.fr\/news\/author\/yanb\/"},"uagb_comment_info":0,"uagb_excerpt":"Ch\u00e8res et chers coll\u00e8gues, La prochaine s\u00e9ance du s\u00e9minaire &quot;Cultures populaires&quot; de l&rsquo;Universit\u00e9 de Reims Champagne-Ardenne (CIRLEP) se tiendra le [&hellip;]","jetpack_sharing_enabled":true,"_links":{"self":[{"href":"https:\/\/afea.fr\/news\/wp-json\/wp\/v2\/posts\/3827"}],"collection":[{"href":"https:\/\/afea.fr\/news\/wp-json\/wp\/v2\/posts"}],"about":[{"href":"https:\/\/afea.fr\/news\/wp-json\/wp\/v2\/types\/post"}],"author":[{"embeddable":true,"href":"https:\/\/afea.fr\/news\/wp-json\/wp\/v2\/users\/1"}],"replies":[{"embeddable":true,"href":"https:\/\/afea.fr\/news\/wp-json\/wp\/v2\/comments?post=3827"}],"version-history":[{"count":0,"href":"https:\/\/afea.fr\/news\/wp-json\/wp\/v2\/posts\/3827\/revisions"}],"wp:attachment":[{"href":"https:\/\/afea.fr\/news\/wp-json\/wp\/v2\/media?parent=3827"}],"wp:term":[{"taxonomy":"category","embeddable":true,"href":"https:\/\/afea.fr\/news\/wp-json\/wp\/v2\/categories?post=3827"},{"taxonomy":"post_tag","embeddable":true,"href":"https:\/\/afea.fr\/news\/wp-json\/wp\/v2\/tags?post=3827"}],"curies":[{"name":"wp","href":"https:\/\/api.w.org\/{rel}","templated":true}]}}