{"id":3823,"date":"2024-03-26T21:40:53","date_gmt":"2024-03-26T20:40:53","guid":{"rendered":"https:\/\/afea.fr\/news\/seminar\/sem-universite-paris-cite\/3823\/"},"modified":"2024-03-26T21:40:53","modified_gmt":"2024-03-26T20:40:53","slug":"sem-universite-paris-cite","status":"publish","type":"post","link":"https:\/\/afea.fr\/news\/seminar\/sem-universite-paris-cite\/3823\/","title":{"rendered":"[SEM Universit\u00e9 Paris Cit\u00e9"},"content":{"rendered":"<p>mardi 2 avril, 17h30-19h, James Sparrow (Chicago) &quot;From Racial Realist to Geopolitical Realist: Ralph Bunche, Democratic Thought, and the Global Challenge of Fascism&quot;]<\/p>\n<p>Dear all,<\/p>\n<p>Les membres de l&rsquo;axe Histoire du Politique du LARCA vous convient \u00e0 la prochaine s\u00e9ance du s\u00e9minaire de l&rsquo;axe, lors de laquelle nous recevrons l&rsquo;historien <a href=\"https:\/\/history.uchicago.edu\/directory\/James-T-Sparrow\">James Sparrow<\/a> (University of Chicago) pour une pr\u00e9sentation (en anglais) intitul\u00e9e &quot;From Racial Realist to Geopolitical Realist: Ralph Bunche, Democratic Thought, and the Global Challenge of Fascism (1930s-1940s)&quot;.<\/p>\n<p>James Sparrow pr\u00e9sentera un chapitre issu de son prochain ouvrage, N<em>ew Leviathan: The Problem of the Democratic State in the American Century<\/em>. The chapter is on Ralph Bunche\u2019s transformation from racial realist to geopolitical realist in the 1930s and 1940s, as he adapted his thinking about democracy to the global challenge of fascism.<\/p>\n<p>La s\u00e9ance sera discut\u00e9e par Jason Quidoz, doctorant au LARCA.<\/p>\n<p>Cette pr\u00e9sentation aura lieu le mardi 2 avril de 17h30 \u00e0 19h en salle 137 du b\u00e2timent Olympe de Gouges d&rsquo;Universit\u00e9 Paris Cit\u00e9, place Paul Ricoeur (75013 Paris).<\/p>\n<p>Bien cordialement,<br \/>\nL&rsquo;\u00e9quipe du s\u00e9minaire HISTPOL (<a href=\"https:\/\/histpol.hypotheses.org\/\">https:\/\/histpol.hypotheses.org\/<\/a>)<\/p>\n","protected":false},"excerpt":{"rendered":"<p>mardi 2 avril, 17h30-19h, James Sparrow (Chicago) &quot;From Racial Realist to Geopolitical Realist: Ralph Bunche, Democratic Thought, and the Global [&hellip;]<\/p>\n","protected":false},"author":1,"featured_media":0,"comment_status":"","ping_status":"open","sticky":false,"template":"","format":"standard","meta":{"_uag_custom_page_level_css":"","site-sidebar-layout":"default","site-content-layout":"","ast-site-content-layout":"default","site-content-style":"default","site-sidebar-style":"default","ast-global-header-display":"","ast-banner-title-visibility":"","ast-main-header-display":"","ast-hfb-above-header-display":"","ast-hfb-below-header-display":"","ast-hfb-mobile-header-display":"","site-post-title":"","ast-breadcrumbs-content":"","ast-featured-img":"","footer-sml-layout":"","ast-disable-related-posts":"","theme-transparent-header-meta":"","adv-header-id-meta":"","stick-header-meta":"","header-above-stick-meta":"","header-main-stick-meta":"","header-below-stick-meta":"","astra-migrate-meta-layouts":"default","ast-page-background-enabled":"default","ast-page-background-meta":{"desktop":{"background-color":"var(--ast-global-color-5)","background-image":"","background-repeat":"repeat","background-position":"center center","background-size":"auto","background-attachment":"scroll","background-type":"","background-media":"","overlay-type":"","overlay-color":"","overlay-opacity":"","overlay-gradient":""},"tablet":{"background-color":"","background-image":"","background-repeat":"repeat","background-position":"center center","background-size":"auto","background-attachment":"scroll","background-type":"","background-media":"","overlay-type":"","overlay-color":"","overlay-opacity":"","overlay-gradient":""},"mobile":{"background-color":"","background-image":"","background-repeat":"repeat","background-position":"center center","background-size":"auto","background-attachment":"scroll","background-type":"","background-media":"","overlay-type":"","overlay-color":"","overlay-opacity":"","overlay-gradient":""}},"ast-content-background-meta":{"desktop":{"background-color":"var(--ast-global-color-4)","background-image":"","background-repeat":"repeat","background-position":"center center","background-size":"auto","background-attachment":"scroll","background-type":"","background-media":"","overlay-type":"","overlay-color":"","overlay-opacity":"","overlay-gradient":""},"tablet":{"background-color":"var(--ast-global-color-4)","background-image":"","background-repeat":"repeat","background-position":"center center","background-size":"auto","background-attachment":"scroll","background-type":"","background-media":"","overlay-type":"","overlay-color":"","overlay-opacity":"","overlay-gradient":""},"mobile":{"background-color":"var(--ast-global-color-4)","background-image":"","background-repeat":"repeat","background-position":"center center","background-size":"auto","background-attachment":"scroll","background-type":"","background-media":"","overlay-type":"","overlay-color":"","overlay-opacity":"","overlay-gradient":""}},"_jetpack_memberships_contains_paid_content":false,"footnotes":""},"categories":[100],"tags":[184,1801,1800],"class_list":["post-3823","post","type-post","status-publish","format-standard","hentry","category-seminar","tag-democracy","tag-fascism","tag-ralph-bunche"],"jetpack_featured_media_url":"","uagb_featured_image_src":{"full":false,"thumbnail":false,"medium":false,"medium_large":false,"large":false,"1536x1536":false,"2048x2048":false},"uagb_author_info":{"display_name":"Admin","author_link":"https:\/\/afea.fr\/news\/author\/yanb\/"},"uagb_comment_info":0,"uagb_excerpt":"mardi 2 avril, 17h30-19h, James Sparrow (Chicago) &quot;From Racial Realist to Geopolitical Realist: Ralph Bunche, Democratic Thought, and the Global [&hellip;]","jetpack_sharing_enabled":true,"_links":{"self":[{"href":"https:\/\/afea.fr\/news\/wp-json\/wp\/v2\/posts\/3823"}],"collection":[{"href":"https:\/\/afea.fr\/news\/wp-json\/wp\/v2\/posts"}],"about":[{"href":"https:\/\/afea.fr\/news\/wp-json\/wp\/v2\/types\/post"}],"author":[{"embeddable":true,"href":"https:\/\/afea.fr\/news\/wp-json\/wp\/v2\/users\/1"}],"replies":[{"embeddable":true,"href":"https:\/\/afea.fr\/news\/wp-json\/wp\/v2\/comments?post=3823"}],"version-history":[{"count":0,"href":"https:\/\/afea.fr\/news\/wp-json\/wp\/v2\/posts\/3823\/revisions"}],"wp:attachment":[{"href":"https:\/\/afea.fr\/news\/wp-json\/wp\/v2\/media?parent=3823"}],"wp:term":[{"taxonomy":"category","embeddable":true,"href":"https:\/\/afea.fr\/news\/wp-json\/wp\/v2\/categories?post=3823"},{"taxonomy":"post_tag","embeddable":true,"href":"https:\/\/afea.fr\/news\/wp-json\/wp\/v2\/tags?post=3823"}],"curies":[{"name":"wp","href":"https:\/\/api.w.org\/{rel}","templated":true}]}}