{"id":3796,"date":"2024-03-21T19:56:47","date_gmt":"2024-03-21T18:56:47","guid":{"rendered":"https:\/\/afea.fr\/news\/conference-symposium\/journee-detude-identites-conflictuelles-discours-politiques-et-representations-dans-les-aires-culturelles-anglophone-et-hispanique\/3796\/"},"modified":"2024-03-21T19:56:47","modified_gmt":"2024-03-21T18:56:47","slug":"journee-detude-identites-conflictuelles-discours-politiques-et-representations-dans-les-aires-culturelles-anglophone-et-hispanique","status":"publish","type":"post","link":"https:\/\/afea.fr\/news\/conference-symposium\/journee-detude-identites-conflictuelles-discours-politiques-et-representations-dans-les-aires-culturelles-anglophone-et-hispanique\/3796\/","title":{"rendered":"Journ\u00e9e d&#39;\u00e9tude &quot;Identit\u00e9s conflictuelles : Discours politiques et repr\u00e9sentations dans les aires culturelles anglophone et hispanique&quot;"},"content":{"rendered":"<p>Ch\u00e8r.e.s coll\u00e8gues,<\/p>\n<p>J&rsquo;ai le plaisir de vous informer de la tenue, ce jeudi 28 mars 2024, d&rsquo;une journ\u00e9e d&rsquo;\u00e9tude intitul\u00e9e &quot;Identit\u00e9s conflictuelles : Discours politiques et repr\u00e9sentations dans les aires culturelles anglophone et hispanique&quot;, co-organis\u00e9e avec mes coll\u00e8gues C\u00e9cile Bazin et Orlando Manzano Guerrero. Elle se d\u00e9roulera \u00e0 Valenciennes, dans l&rsquo;amphi 208 du campus des Tertiales de l&rsquo;Universit\u00e9 Polytechnique des Hauts de France. Les personnes souhaitant y assister en pr\u00e9sentiel sont pri\u00e9es de contacter la gestionnaire du laboratoire en amont (nabila.daifi). La journ\u00e9e pourra \u00e9galement \u00eatre suivie en visioconf\u00e9rence \u00e0 l&rsquo;aide du lien suivant : <a href=\"https:\/\/bbb.uphf.fr\/b\/bal-z99-d3w-tgu\">https:\/\/bbb.uphf.fr\/b\/bal-z99-d3w-tgu<\/a><\/p>\n<p>Le programme est consultable ici : <a href=\"https:\/\/www.uphf.fr\/sites\/default\/files\/media\/2024-01\/uphf_larsh_aff_journee_etude_criss_janv23.pdf\">https:\/\/www.uphf.fr\/sites\/default\/files\/media\/2024-01\/uphf_larsh_aff_journee_etude_criss_janv23.pdf<\/a><\/p>\n<p>N&rsquo;h\u00e9sitez pas \u00e0 me contacter (manon.lefebvre7) pour toute question.<\/p>\n<p>Bien cordialement,<\/p>\n<p>Manon Lefebvre, pour le comit\u00e9 organisateur<\/p>\n<p>Source: Manon Lefebvre &lt;manon.lefebvre7&gt;<\/p>\n","protected":false},"excerpt":{"rendered":"<p>Ch\u00e8r.e.s coll\u00e8gues, J&rsquo;ai le plaisir de vous informer de la tenue, ce jeudi 28 mars 2024, d&rsquo;une journ\u00e9e d&rsquo;\u00e9tude intitul\u00e9e [&hellip;]<\/p>\n","protected":false},"author":1,"featured_media":0,"comment_status":"","ping_status":"open","sticky":false,"template":"","format":"standard","meta":{"_uag_custom_page_level_css":"","site-sidebar-layout":"default","site-content-layout":"","ast-site-content-layout":"default","site-content-style":"default","site-sidebar-style":"default","ast-global-header-display":"","ast-banner-title-visibility":"","ast-main-header-display":"","ast-hfb-above-header-display":"","ast-hfb-below-header-display":"","ast-hfb-mobile-header-display":"","site-post-title":"","ast-breadcrumbs-content":"","ast-featured-img":"","footer-sml-layout":"","ast-disable-related-posts":"","theme-transparent-header-meta":"","adv-header-id-meta":"","stick-header-meta":"","header-above-stick-meta":"","header-main-stick-meta":"","header-below-stick-meta":"","astra-migrate-meta-layouts":"default","ast-page-background-enabled":"default","ast-page-background-meta":{"desktop":{"background-color":"var(--ast-global-color-5)","background-image":"","background-repeat":"repeat","background-position":"center center","background-size":"auto","background-attachment":"scroll","background-type":"","background-media":"","overlay-type":"","overlay-color":"","overlay-opacity":"","overlay-gradient":""},"tablet":{"background-color":"","background-image":"","background-repeat":"repeat","background-position":"center center","background-size":"auto","background-attachment":"scroll","background-type":"","background-media":"","overlay-type":"","overlay-color":"","overlay-opacity":"","overlay-gradient":""},"mobile":{"background-color":"","background-image":"","background-repeat":"repeat","background-position":"center center","background-size":"auto","background-attachment":"scroll","background-type":"","background-media":"","overlay-type":"","overlay-color":"","overlay-opacity":"","overlay-gradient":""}},"ast-content-background-meta":{"desktop":{"background-color":"var(--ast-global-color-4)","background-image":"","background-repeat":"repeat","background-position":"center center","background-size":"auto","background-attachment":"scroll","background-type":"","background-media":"","overlay-type":"","overlay-color":"","overlay-opacity":"","overlay-gradient":""},"tablet":{"background-color":"var(--ast-global-color-4)","background-image":"","background-repeat":"repeat","background-position":"center center","background-size":"auto","background-attachment":"scroll","background-type":"","background-media":"","overlay-type":"","overlay-color":"","overlay-opacity":"","overlay-gradient":""},"mobile":{"background-color":"var(--ast-global-color-4)","background-image":"","background-repeat":"repeat","background-position":"center center","background-size":"auto","background-attachment":"scroll","background-type":"","background-media":"","overlay-type":"","overlay-color":"","overlay-opacity":"","overlay-gradient":""}},"_jetpack_memberships_contains_paid_content":false,"footnotes":""},"categories":[568],"tags":[1788],"class_list":["post-3796","post","type-post","status-publish","format-standard","hentry","category-conference-symposium","tag-conferencepoliticsspeechmediacinemaspainirelandunited-statesterrorismconflict"],"jetpack_featured_media_url":"","uagb_featured_image_src":{"full":false,"thumbnail":false,"medium":false,"medium_large":false,"large":false,"1536x1536":false,"2048x2048":false},"uagb_author_info":{"display_name":"Admin","author_link":"https:\/\/afea.fr\/news\/author\/yanb\/"},"uagb_comment_info":0,"uagb_excerpt":"Ch\u00e8r.e.s coll\u00e8gues, J&rsquo;ai le plaisir de vous informer de la tenue, ce jeudi 28 mars 2024, d&rsquo;une journ\u00e9e d&rsquo;\u00e9tude intitul\u00e9e [&hellip;]","jetpack_sharing_enabled":true,"_links":{"self":[{"href":"https:\/\/afea.fr\/news\/wp-json\/wp\/v2\/posts\/3796"}],"collection":[{"href":"https:\/\/afea.fr\/news\/wp-json\/wp\/v2\/posts"}],"about":[{"href":"https:\/\/afea.fr\/news\/wp-json\/wp\/v2\/types\/post"}],"author":[{"embeddable":true,"href":"https:\/\/afea.fr\/news\/wp-json\/wp\/v2\/users\/1"}],"replies":[{"embeddable":true,"href":"https:\/\/afea.fr\/news\/wp-json\/wp\/v2\/comments?post=3796"}],"version-history":[{"count":0,"href":"https:\/\/afea.fr\/news\/wp-json\/wp\/v2\/posts\/3796\/revisions"}],"wp:attachment":[{"href":"https:\/\/afea.fr\/news\/wp-json\/wp\/v2\/media?parent=3796"}],"wp:term":[{"taxonomy":"category","embeddable":true,"href":"https:\/\/afea.fr\/news\/wp-json\/wp\/v2\/categories?post=3796"},{"taxonomy":"post_tag","embeddable":true,"href":"https:\/\/afea.fr\/news\/wp-json\/wp\/v2\/tags?post=3796"}],"curies":[{"name":"wp","href":"https:\/\/api.w.org\/{rel}","templated":true}]}}