{"id":3785,"date":"2024-03-20T18:11:32","date_gmt":"2024-03-20T17:11:32","guid":{"rendered":"https:\/\/afea.fr\/news\/seminar\/a19-22-et-27-mars-poe-et-lesclavage-les-imaginaires-du-cholera\/3785\/"},"modified":"2024-03-20T18:11:32","modified_gmt":"2024-03-20T17:11:32","slug":"a19-22-et-27-mars-poe-et-lesclavage-les-imaginaires-du-cholera","status":"publish","type":"post","link":"https:\/\/afea.fr\/news\/seminar\/a19-22-et-27-mars-poe-et-lesclavage-les-imaginaires-du-cholera\/3785\/","title":{"rendered":"A19 \/ 22 et 27 mars: Poe et l&#39;esclavage \/ Les imaginaires du chol\u00e9ra"},"content":{"rendered":"<p>Chers Coll\u00e8gues,<\/p>\n<p>Pour rappel, voici le programme des deux prochaines s\u00e9ances du s\u00e9minaire A19.<\/p>\n<p>22 mars \u00e0 14h-16h : Paulin Ismard, &quot;L\u2019insu. Penser l\u2019esclavage depuis la Gr\u00e8ce ancienne&quot;<\/p>\n<p>Le s\u00e9minaire A19 (LARCA UMR 8225, Universit\u00e9 Paris Cit\u00e9\/ VALE EA, Sorbonne Universit\u00e9) est tr\u00e8s heureux de vous convier \u00e0 une s\u00e9ance autour du livre de Paulin Ismard, Le Miroir d\u2019\u0152dipe : Penser l\u2019esclavage (Seuil, 2023) intitul\u00e9e &quot;L\u2019insu. Penser l\u2019esclavage depuis la Gr\u00e8ce ancienne.\u201d Elle se tiendra le 22 mars \u00e0 14h en salle 830 (b\u00e2timent Olympe de Gouges, Universit\u00e9 Paris Cit\u00e9) et sur Zoom (lien disponible sur le site : <a href=\"https:\/\/a19.hypotheses.org\/\">https:\/\/a19.hypotheses.org\/<\/a> )<\/p>\n<p>Paulin Ismard est Professeur d\u2019histoire grecque \u00e0 l\u2019universit\u00e9 Aix-Marseille.<\/p>\n<p>27 mars \u00e0 17h30-19h : Michael Boyden, &quot;Choleraic Communication in the Nineteenth-Century Culture of Invalidism&quot;<\/p>\n<p>Hybrid session: Sorbonne Universit\u00e9, English department library, salle Louis Bonnerot, esc. G, 2nd floor and zoom (link available at: <a href=\"https:\/\/a19.hypotheses.org\">https:\/\/a19.hypotheses.org<\/a>).<\/p>\n<p>The bacteriological revolution of the late nineteenth-century gave rise to a \u201cnew language of immunity\u201d (Anderson), substituting for the earlier discourses of acclimatization that had been dominant up until that point. Not only did this new language of immunity articulate new modes of being in the world and forms of governmentality, it also generated new narrative models and tropes, such as that of the \u201chealthy carrier\u201d and similar \u201cgothic\u201d figures as analyzed by, among others, Priscilla Wald and Neel Ahuja. As these scholars acknowledge, however, the bacteriological revolution did not so much reject as reconfigure earlier doctrines of environmental and climatic determinism, which continued to inform understandings of disease transmission even as the focus shifted away from sanitation toward discrete pathogens or microbes. In my talk, I aim to contribute to a more historically differentiated account of such \u201coutbreak\u201d narratives by focusing attention on the autoethnography of American tropical health travelers at the time of the second cholera epidemic of 1832. Since this epidemic reached the American mainland before it arrived in the Spanish islands, its trajectory challenged the moralized geography according to which such communicable diseases were perceived, just as the Caribbean was developing into a health resort for northern invalids seeking a climate cure for their illnesses. These tensions run through the memoirs of American invalids residing in the region, such as Sophia Peabody and Ralph Waldo Emerson\u2019s brother Edward. In my talk, I explore how these and other tropical health travelers \u2013 who might be regarded as the inverse type of the \u201chealthy carrier\u201d as theorized by Wald, while in some ways prefiguring current understandings of environmental illness \u2013 at once challenged and reconfirmed climate-based understandings of the world before the introduction of the germ theory of disease. My presentation, thus, is an attempt to rethink the ways in which we conventionally narrate and periodize the history of epidemic disease in terms of its causes (from demons, to miasmas, to germs).<\/p>\n<p>Michael Boyden est professeur \u00e0 Radboud University aux Pays-Bas et professeur invit\u00e9 \u00e0 Sorbonne Universit\u00e9 dans le cadre du programme Erasmus +.<\/p>\n<p>Source: Thomas Constantinesco &lt;thomas.constantinesco&gt;<\/p>\n","protected":false},"excerpt":{"rendered":"<p>Chers Coll\u00e8gues, Pour rappel, voici le programme des deux prochaines s\u00e9ances du s\u00e9minaire A19. 22 mars \u00e0 14h-16h : Paulin [&hellip;]<\/p>\n","protected":false},"author":1,"featured_media":0,"comment_status":"","ping_status":"open","sticky":false,"template":"","format":"standard","meta":{"_uag_custom_page_level_css":"","site-sidebar-layout":"default","site-content-layout":"","ast-site-content-layout":"default","site-content-style":"default","site-sidebar-style":"default","ast-global-header-display":"","ast-banner-title-visibility":"","ast-main-header-display":"","ast-hfb-above-header-display":"","ast-hfb-below-header-display":"","ast-hfb-mobile-header-display":"","site-post-title":"","ast-breadcrumbs-content":"","ast-featured-img":"","footer-sml-layout":"","ast-disable-related-posts":"","theme-transparent-header-meta":"","adv-header-id-meta":"","stick-header-meta":"","header-above-stick-meta":"","header-main-stick-meta":"","header-below-stick-meta":"","astra-migrate-meta-layouts":"default","ast-page-background-enabled":"default","ast-page-background-meta":{"desktop":{"background-color":"var(--ast-global-color-5)","background-image":"","background-repeat":"repeat","background-position":"center center","background-size":"auto","background-attachment":"scroll","background-type":"","background-media":"","overlay-type":"","overlay-color":"","overlay-opacity":"","overlay-gradient":""},"tablet":{"background-color":"","background-image":"","background-repeat":"repeat","background-position":"center center","background-size":"auto","background-attachment":"scroll","background-type":"","background-media":"","overlay-type":"","overlay-color":"","overlay-opacity":"","overlay-gradient":""},"mobile":{"background-color":"","background-image":"","background-repeat":"repeat","background-position":"center center","background-size":"auto","background-attachment":"scroll","background-type":"","background-media":"","overlay-type":"","overlay-color":"","overlay-opacity":"","overlay-gradient":""}},"ast-content-background-meta":{"desktop":{"background-color":"var(--ast-global-color-4)","background-image":"","background-repeat":"repeat","background-position":"center center","background-size":"auto","background-attachment":"scroll","background-type":"","background-media":"","overlay-type":"","overlay-color":"","overlay-opacity":"","overlay-gradient":""},"tablet":{"background-color":"var(--ast-global-color-4)","background-image":"","background-repeat":"repeat","background-position":"center center","background-size":"auto","background-attachment":"scroll","background-type":"","background-media":"","overlay-type":"","overlay-color":"","overlay-opacity":"","overlay-gradient":""},"mobile":{"background-color":"var(--ast-global-color-4)","background-image":"","background-repeat":"repeat","background-position":"center center","background-size":"auto","background-attachment":"scroll","background-type":"","background-media":"","overlay-type":"","overlay-color":"","overlay-opacity":"","overlay-gradient":""}},"_jetpack_memberships_contains_paid_content":false,"footnotes":""},"categories":[100],"tags":[1678,1780,1256,1781,1779,379,262],"class_list":["post-3785","post","type-post","status-publish","format-standard","hentry","category-seminar","tag-2024_03","tag-cholera","tag-health","tag-invalidism","tag-nineteenth-century-american-literature","tag-poe","tag-slavery"],"jetpack_featured_media_url":"","uagb_featured_image_src":{"full":false,"thumbnail":false,"medium":false,"medium_large":false,"large":false,"1536x1536":false,"2048x2048":false},"uagb_author_info":{"display_name":"Admin","author_link":"https:\/\/afea.fr\/news\/author\/yanb\/"},"uagb_comment_info":0,"uagb_excerpt":"Chers Coll\u00e8gues, Pour rappel, voici le programme des deux prochaines s\u00e9ances du s\u00e9minaire A19. 22 mars \u00e0 14h-16h : Paulin [&hellip;]","jetpack_sharing_enabled":true,"_links":{"self":[{"href":"https:\/\/afea.fr\/news\/wp-json\/wp\/v2\/posts\/3785"}],"collection":[{"href":"https:\/\/afea.fr\/news\/wp-json\/wp\/v2\/posts"}],"about":[{"href":"https:\/\/afea.fr\/news\/wp-json\/wp\/v2\/types\/post"}],"author":[{"embeddable":true,"href":"https:\/\/afea.fr\/news\/wp-json\/wp\/v2\/users\/1"}],"replies":[{"embeddable":true,"href":"https:\/\/afea.fr\/news\/wp-json\/wp\/v2\/comments?post=3785"}],"version-history":[{"count":0,"href":"https:\/\/afea.fr\/news\/wp-json\/wp\/v2\/posts\/3785\/revisions"}],"wp:attachment":[{"href":"https:\/\/afea.fr\/news\/wp-json\/wp\/v2\/media?parent=3785"}],"wp:term":[{"taxonomy":"category","embeddable":true,"href":"https:\/\/afea.fr\/news\/wp-json\/wp\/v2\/categories?post=3785"},{"taxonomy":"post_tag","embeddable":true,"href":"https:\/\/afea.fr\/news\/wp-json\/wp\/v2\/tags?post=3785"}],"curies":[{"name":"wp","href":"https:\/\/api.w.org\/{rel}","templated":true}]}}