{"id":3779,"date":"2024-03-18T11:42:32","date_gmt":"2024-03-18T10:42:32","guid":{"rendered":"https:\/\/afea.fr\/news\/cfp\/colloque-du-laboratoire-imager-ur-3958-universite-paris-est-creteil-contester-le-pouvoir-contester-le-savoir-discours-pratiques-representations\/3779\/"},"modified":"2024-03-18T11:42:32","modified_gmt":"2024-03-18T10:42:32","slug":"colloque-du-laboratoire-imager-ur-3958-universite-paris-est-creteil-contester-le-pouvoir-contester-le-savoir-discours-pratiques-representations","status":"publish","type":"post","link":"https:\/\/afea.fr\/news\/cfp\/colloque-du-laboratoire-imager-ur-3958-universite-paris-est-creteil-contester-le-pouvoir-contester-le-savoir-discours-pratiques-representations\/3779\/","title":{"rendered":"Colloque du laboratoire IMAGER (UR 3958 \u2013 Universit\u00e9 Paris-Est Cr\u00e9teil) Contester le pouvoir, contester le savoir : discours, pratiques, repr\u00e9sentations"},"content":{"rendered":"<p>Voici une annonce concernant le prochain colloque du laboratoire IMAGER (UR 3958 \u2013 Universit\u00e9 Paris-Est Cr\u00e9teil) : &quot;Contester le pouvoir, contester le savoir : discours, pratiques, repr\u00e9sentations&quot;<\/p>\n<p>Pouvoir et savoir sont indissociablement li\u00e9s. Ils se nourrissent et s\u2019engendrent mutuellement, construisant des cadres h\u00e9g\u00e9moniques fluctuant selon les \u00e9poques, les g\u00e9ographies et les cultures. La mise en cause de l\u2019un ou de l\u2019autre provoque une crise de l\u00e9gitimit\u00e9 et prend la forme de discours et de pratiques contestataires, souvent associ\u00e9s \u00e0 l\u2019\u00e9mergence de contre-savoirs et de contre-pouvoirs.<\/p>\n<p>Le colloque entend ainsi proposer une r\u00e9flexion renouvel\u00e9e sur la contestation au prisme des interactions entre pouvoir et savoir. A l\u2019instar des diff\u00e9rentes \u00e9quipes de recherche que rassemble le laboratoire, le colloque se veut r\u00e9solument transdisciplinaire et souhaite mettre en avant les travaux de chercheur.euse.s en linguistique, en didactique, dans les arts et en litt\u00e9rature, en histoire des id\u00e9es et en civilisation. Dans chacun de ces domaines, on portera une attention particuli\u00e8re au contexte \u2014 local, national ou mondial \u2014 de la contestation, mais surtout \u00e0 la question des \u00e9changes et transferts culturels et \u00e0 la dimension internationale de la contestation.<br \/>\nVous trouverez l&rsquo;appel \u00e0 communication \u00e0 l&rsquo;adresse suivante: <a href=\"https:\/\/imager.u-pec.fr\/actualites\/actualites\/appel-a-communication-colloque-contester-le-pouvoir-contester-le-savoir-discours-pratiques-representations\">https:\/\/imager.u-pec.fr\/actualites\/actualites\/appel-a-communication-colloque-contester-le-pouvoir-contester-le-savoir-discours-pratiques-representations<\/a>.<\/p>\n<p>Les propositions de communication devront \u00eatre envoy\u00e9es avant le 30 mai 2024 a l&rsquo;adresse mail suivante :<\/p>\n<p>&gt; contester.pouvoir.savoir2024<\/p>\n<p>Elle doivent comporter 2500 signes et \u00eatre accompagn\u00e9es d&rsquo;une pr\u00e9sentation r\u00e9sum\u00e9e des sources utilis\u00e9es ainsi que d&rsquo;une br\u00e8ve bio-bibliographie.<br \/>\nAfin de permettre la fluidit\u00e9 des \u00e9changes entre les sp\u00e9cialistes des diff\u00e9rentes aires linguistiques, la langue de travail du colloque sera le fran\u00e7ais.<\/p>\n<p>ORGANISATION<br \/>\nVirginie Gautier N\u2019dah-sekou, MCF en civilisation de l\u2019Espagne contemporaine \u00e0 la facult\u00e9 LLSH de l&rsquo;UPEC et membre d&rsquo;IMAGER.<br \/>\nMarie-Alexandra Schneider, MCF en \u00e9tudes germaniques \u00e0 la facult\u00e9 LLSH de l&rsquo;UPEC et membre d&rsquo;IMAGER.<br \/>\nMarie Potapushkina-Delfosse, MCF en didactique des langues \u00e0 l&rsquo;INSPE de l&rsquo;UPEC et membre d&rsquo;IMAGER.<br \/>\nAntoine Servel, MCF en civilisation am\u00e9ricaine \u00e0 la facult\u00e9 LLSH de l&rsquo;UPEC et membre d&rsquo;IMAGER.<\/p>\n<p>Source: Servel antoine &lt;antoine.servel&gt;<\/p>\n","protected":false},"excerpt":{"rendered":"<p>Voici une annonce concernant le prochain colloque du laboratoire IMAGER (UR 3958 \u2013 Universit\u00e9 Paris-Est Cr\u00e9teil) : &quot;Contester le pouvoir, [&hellip;]<\/p>\n","protected":false},"author":1,"featured_media":0,"comment_status":"","ping_status":"open","sticky":false,"template":"","format":"standard","meta":{"_uag_custom_page_level_css":"","site-sidebar-layout":"default","site-content-layout":"","ast-site-content-layout":"default","site-content-style":"default","site-sidebar-style":"default","ast-global-header-display":"","ast-banner-title-visibility":"","ast-main-header-display":"","ast-hfb-above-header-display":"","ast-hfb-below-header-display":"","ast-hfb-mobile-header-display":"","site-post-title":"","ast-breadcrumbs-content":"","ast-featured-img":"","footer-sml-layout":"","ast-disable-related-posts":"","theme-transparent-header-meta":"","adv-header-id-meta":"","stick-header-meta":"","header-above-stick-meta":"","header-main-stick-meta":"","header-below-stick-meta":"","astra-migrate-meta-layouts":"default","ast-page-background-enabled":"default","ast-page-background-meta":{"desktop":{"background-color":"var(--ast-global-color-5)","background-image":"","background-repeat":"repeat","background-position":"center center","background-size":"auto","background-attachment":"scroll","background-type":"","background-media":"","overlay-type":"","overlay-color":"","overlay-opacity":"","overlay-gradient":""},"tablet":{"background-color":"","background-image":"","background-repeat":"repeat","background-position":"center center","background-size":"auto","background-attachment":"scroll","background-type":"","background-media":"","overlay-type":"","overlay-color":"","overlay-opacity":"","overlay-gradient":""},"mobile":{"background-color":"","background-image":"","background-repeat":"repeat","background-position":"center center","background-size":"auto","background-attachment":"scroll","background-type":"","background-media":"","overlay-type":"","overlay-color":"","overlay-opacity":"","overlay-gradient":""}},"ast-content-background-meta":{"desktop":{"background-color":"var(--ast-global-color-4)","background-image":"","background-repeat":"repeat","background-position":"center center","background-size":"auto","background-attachment":"scroll","background-type":"","background-media":"","overlay-type":"","overlay-color":"","overlay-opacity":"","overlay-gradient":""},"tablet":{"background-color":"var(--ast-global-color-4)","background-image":"","background-repeat":"repeat","background-position":"center center","background-size":"auto","background-attachment":"scroll","background-type":"","background-media":"","overlay-type":"","overlay-color":"","overlay-opacity":"","overlay-gradient":""},"mobile":{"background-color":"var(--ast-global-color-4)","background-image":"","background-repeat":"repeat","background-position":"center center","background-size":"auto","background-attachment":"scroll","background-type":"","background-media":"","overlay-type":"","overlay-color":"","overlay-opacity":"","overlay-gradient":""}},"_jetpack_memberships_contains_paid_content":false,"footnotes":""},"categories":[99],"tags":[375,788,1776,1778,918,711,1480,898,1777],"class_list":["post-3779","post","type-post","status-publish","format-standard","hentry","category-cfp","tag-arts","tag-civilisation","tag-contestation","tag-international","tag-linguistique","tag-litterature","tag-mouvements-sociaux","tag-pouvoir","tag-savoir"],"jetpack_featured_media_url":"","uagb_featured_image_src":{"full":false,"thumbnail":false,"medium":false,"medium_large":false,"large":false,"1536x1536":false,"2048x2048":false},"uagb_author_info":{"display_name":"Admin","author_link":"https:\/\/afea.fr\/news\/author\/yanb\/"},"uagb_comment_info":0,"uagb_excerpt":"Voici une annonce concernant le prochain colloque du laboratoire IMAGER (UR 3958 \u2013 Universit\u00e9 Paris-Est Cr\u00e9teil) : &quot;Contester le pouvoir, [&hellip;]","jetpack_sharing_enabled":true,"_links":{"self":[{"href":"https:\/\/afea.fr\/news\/wp-json\/wp\/v2\/posts\/3779"}],"collection":[{"href":"https:\/\/afea.fr\/news\/wp-json\/wp\/v2\/posts"}],"about":[{"href":"https:\/\/afea.fr\/news\/wp-json\/wp\/v2\/types\/post"}],"author":[{"embeddable":true,"href":"https:\/\/afea.fr\/news\/wp-json\/wp\/v2\/users\/1"}],"replies":[{"embeddable":true,"href":"https:\/\/afea.fr\/news\/wp-json\/wp\/v2\/comments?post=3779"}],"version-history":[{"count":0,"href":"https:\/\/afea.fr\/news\/wp-json\/wp\/v2\/posts\/3779\/revisions"}],"wp:attachment":[{"href":"https:\/\/afea.fr\/news\/wp-json\/wp\/v2\/media?parent=3779"}],"wp:term":[{"taxonomy":"category","embeddable":true,"href":"https:\/\/afea.fr\/news\/wp-json\/wp\/v2\/categories?post=3779"},{"taxonomy":"post_tag","embeddable":true,"href":"https:\/\/afea.fr\/news\/wp-json\/wp\/v2\/tags?post=3779"}],"curies":[{"name":"wp","href":"https:\/\/api.w.org\/{rel}","templated":true}]}}