{"id":3776,"date":"2024-03-18T10:31:31","date_gmt":"2024-03-18T09:31:31","guid":{"rendered":"https:\/\/afea.fr\/news\/conference-symposium\/rencontres-avec-lou-rowan-ecole-normale-superieure-psl-27-mars-2024\/3776\/"},"modified":"2024-03-18T10:31:31","modified_gmt":"2024-03-18T09:31:31","slug":"rencontres-avec-lou-rowan-ecole-normale-superieure-psl-27-mars-2024","status":"publish","type":"post","link":"https:\/\/afea.fr\/news\/conference-symposium\/rencontres-avec-lou-rowan-ecole-normale-superieure-psl-27-mars-2024\/3776\/","title":{"rendered":"Rencontres avec Lou ROWAN (\u00c9cole normale sup\u00e9rieure PSL, 27 mars 2024)"},"content":{"rendered":"<p>Ch\u00e8res et chers coll\u00e8gues,<\/p>\n<p>Nous avons le plaisir de vous annoncer la tenue, le mercredi 27 mars 2024, d&rsquo;une journ\u00e9e organis\u00e9e par l&rsquo;\u00c9cole Normale Sup\u00e9rieure (UAR 3608 R\u00e9publique des savoirs) autour de Lou Rowan. Vous en trouverez le programme ci-dessous, ainsi qu\u2019un lien vers quelques informations biographiques et pratiques.<\/p>\n<p>Nous esp\u00e9rons vous y voir nombreux !<\/p>\n<p>Bien cordialement,<\/p>\n<p>H\u00e9l\u00e8ne Aji et Beno\u00eet Bondroit<\/p>\n<p>Rencontres avec Lou Rowan<br \/>\n\u00c9cole normale sup\u00e9rieure \u2013 45 rue d\u2019Ulm 75005 Paris<\/p>\n<p>TABLE RONDE \u2013 mercredi 27 mars 15.00-17.00<br \/>\nEspace recherche Lettres 1 (escalier A, 2e \u00e9tage, couloir jaune)<br \/>\nDiscutants: He\u0301le\u0300ne Aji (ENS), Benoi\u0302t Bondroit (Centrale Lille Institut \/ Universit\u00e9 Paris 3 \u2013 Sorbonne Nouvelle), Fran\u00e7oise Palleau-Papin (Universit\u00e9 Sorbonne Paris Nord), Anne Reyn\u00e8s-Delobel (Aix-Marseille Universit\u00e9).<br \/>\nCet e\u0301ve\u0301nement est ouvert \u00e0 toutes et tous, il suffit de vous signaler aupre\u0300s d\u2019H\u00e9l\u00e8ne Aji (helene.aji).<\/p>\n<p>LECTURE \u2013 mercredi 27 mars 18.30-20.00<br \/>\nENS \u2013 Bibliothe\u0300que des lettres \u2013 salle historique.<br \/>\nCet e\u0301ve\u0301nement est ouvert \u00e0 toutes et tous sur inscription pre\u0301alable:<br \/>\n<a href=\"https:\/\/www.ens.psl.eu\/agenda\/lecture-de-poesie-lou-rowan\/2024-03-27t173000\">https:\/\/www.ens.psl.eu\/agenda\/lecture-de-poesie-lou-rowan\/2024-03-27t173000<\/a><\/p>\n<p>Pour contacter les organisateurs :<br \/>\nHe\u0301le\u0300ne Aji (helene.aji), Benoi\u0302t Bondroit (benoit.bondroit)<\/p>\n","protected":false},"excerpt":{"rendered":"<p>Ch\u00e8res et chers coll\u00e8gues, Nous avons le plaisir de vous annoncer la tenue, le mercredi 27 mars 2024, d&rsquo;une journ\u00e9e [&hellip;]<\/p>\n","protected":false},"author":1,"featured_media":0,"comment_status":"","ping_status":"open","sticky":false,"template":"","format":"standard","meta":{"_uag_custom_page_level_css":"","site-sidebar-layout":"default","site-content-layout":"","ast-site-content-layout":"default","site-content-style":"default","site-sidebar-style":"default","ast-global-header-display":"","ast-banner-title-visibility":"","ast-main-header-display":"","ast-hfb-above-header-display":"","ast-hfb-below-header-display":"","ast-hfb-mobile-header-display":"","site-post-title":"","ast-breadcrumbs-content":"","ast-featured-img":"","footer-sml-layout":"","ast-disable-related-posts":"","theme-transparent-header-meta":"","adv-header-id-meta":"","stick-header-meta":"","header-above-stick-meta":"","header-main-stick-meta":"","header-below-stick-meta":"","astra-migrate-meta-layouts":"default","ast-page-background-enabled":"default","ast-page-background-meta":{"desktop":{"background-color":"var(--ast-global-color-5)","background-image":"","background-repeat":"repeat","background-position":"center center","background-size":"auto","background-attachment":"scroll","background-type":"","background-media":"","overlay-type":"","overlay-color":"","overlay-opacity":"","overlay-gradient":""},"tablet":{"background-color":"","background-image":"","background-repeat":"repeat","background-position":"center center","background-size":"auto","background-attachment":"scroll","background-type":"","background-media":"","overlay-type":"","overlay-color":"","overlay-opacity":"","overlay-gradient":""},"mobile":{"background-color":"","background-image":"","background-repeat":"repeat","background-position":"center center","background-size":"auto","background-attachment":"scroll","background-type":"","background-media":"","overlay-type":"","overlay-color":"","overlay-opacity":"","overlay-gradient":""}},"ast-content-background-meta":{"desktop":{"background-color":"var(--ast-global-color-4)","background-image":"","background-repeat":"repeat","background-position":"center center","background-size":"auto","background-attachment":"scroll","background-type":"","background-media":"","overlay-type":"","overlay-color":"","overlay-opacity":"","overlay-gradient":""},"tablet":{"background-color":"var(--ast-global-color-4)","background-image":"","background-repeat":"repeat","background-position":"center center","background-size":"auto","background-attachment":"scroll","background-type":"","background-media":"","overlay-type":"","overlay-color":"","overlay-opacity":"","overlay-gradient":""},"mobile":{"background-color":"var(--ast-global-color-4)","background-image":"","background-repeat":"repeat","background-position":"center center","background-size":"auto","background-attachment":"scroll","background-type":"","background-media":"","overlay-type":"","overlay-color":"","overlay-opacity":"","overlay-gradient":""}},"_jetpack_memberships_contains_paid_content":false,"footnotes":""},"categories":[568],"tags":[1775,249,147],"class_list":["post-3776","post","type-post","status-publish","format-standard","hentry","category-conference-symposium","tag-lou-rowan","tag-reading","tag-seminar"],"jetpack_featured_media_url":"","uagb_featured_image_src":{"full":false,"thumbnail":false,"medium":false,"medium_large":false,"large":false,"1536x1536":false,"2048x2048":false},"uagb_author_info":{"display_name":"Admin","author_link":"https:\/\/afea.fr\/news\/author\/yanb\/"},"uagb_comment_info":0,"uagb_excerpt":"Ch\u00e8res et chers coll\u00e8gues, Nous avons le plaisir de vous annoncer la tenue, le mercredi 27 mars 2024, d&rsquo;une journ\u00e9e [&hellip;]","jetpack_sharing_enabled":true,"_links":{"self":[{"href":"https:\/\/afea.fr\/news\/wp-json\/wp\/v2\/posts\/3776"}],"collection":[{"href":"https:\/\/afea.fr\/news\/wp-json\/wp\/v2\/posts"}],"about":[{"href":"https:\/\/afea.fr\/news\/wp-json\/wp\/v2\/types\/post"}],"author":[{"embeddable":true,"href":"https:\/\/afea.fr\/news\/wp-json\/wp\/v2\/users\/1"}],"replies":[{"embeddable":true,"href":"https:\/\/afea.fr\/news\/wp-json\/wp\/v2\/comments?post=3776"}],"version-history":[{"count":0,"href":"https:\/\/afea.fr\/news\/wp-json\/wp\/v2\/posts\/3776\/revisions"}],"wp:attachment":[{"href":"https:\/\/afea.fr\/news\/wp-json\/wp\/v2\/media?parent=3776"}],"wp:term":[{"taxonomy":"category","embeddable":true,"href":"https:\/\/afea.fr\/news\/wp-json\/wp\/v2\/categories?post=3776"},{"taxonomy":"post_tag","embeddable":true,"href":"https:\/\/afea.fr\/news\/wp-json\/wp\/v2\/tags?post=3776"}],"curies":[{"name":"wp","href":"https:\/\/api.w.org\/{rel}","templated":true}]}}