{"id":3770,"date":"2024-03-14T21:51:20","date_gmt":"2024-03-14T20:51:20","guid":{"rendered":"https:\/\/afea.fr\/news\/seminar\/culture-et-religion-femmes-protestantes-dans-langleterre-de-la-premiere-modernite-2\/3770\/"},"modified":"2024-03-14T21:51:20","modified_gmt":"2024-03-14T20:51:20","slug":"culture-et-religion-femmes-protestantes-dans-langleterre-de-la-premiere-modernite-2","status":"publish","type":"post","link":"https:\/\/afea.fr\/news\/seminar\/culture-et-religion-femmes-protestantes-dans-langleterre-de-la-premiere-modernite-2\/3770\/","title":{"rendered":"Culture et religion \u2013 Femmes protestantes dans l&#39;Angleterre de la premi\u00e8re modernit\u00e9"},"content":{"rendered":"<p>Cher.e.s ami.e.s de Culture et religion<\/p>\n<p>La prochaine s\u00e9ance du s\u00e9minaire aura lieu le vendredi 22 mars de 14h \u00e0 17h30 \u00e0 la Biblioth\u00e8que de l\u2019UFR d\u2019Etudes anglophones de la Sorbonne (1 rue Victor Cousin, Paris \u2013 esc. G \u2013 2e \u00e9tage \u2013 salle G358).<\/p>\n<p>Deux ouvrages r\u00e9cemment publi\u00e9s sur les femmes protestantes dans l\u2019Angleterre de la premi\u00e8re modernit\u00e9 seront pr\u00e9sent\u00e9s par leur autrice respective:<\/p>\n<p>\u2013 Julie Van Parys (Universit\u00e9 de Clermont-Auvergne, IHRIM), La R\u00e9forme anglaise au f\u00e9minin. Katherine Parr, Elizabeth Tyrwhit et Anne Askew (Presses universitaires de Strasbourg, 2023).<br \/>\n\u2013 Claire Gheeraert-Graffeuille (Universit\u00e9 de Rouen, ERIAC), Lucy Hutchinson and the English Revolution: Gender, Genre, and History Writing (Oxford University Press, 2022).<\/p>\n<p>Chaque pr\u00e9sentation sera suivie d\u2019une discussion.<\/p>\n<p>La s\u00e9ance aura lieu en hybride. Le lien de connexion est <a href=\"https:\/\/univ-paris8.zoom.us\/j\/95742671545?pwd=RG16VDJUbEE3VkxKdTBNN1ZLRHVEQT09\">https:\/\/univ-paris8.zoom.us\/j\/95742671545?pwd=RG16VDJUbEE3VkxKdTBNN1ZLRHVEQT09<\/a><\/p>\n<p>Nous nous r\u00e9jouissons de vous revoir \u00e0 cette occasion.<\/p>\n<p>Avec nos amiti\u00e9s,<\/p>\n<p>R\u00e9my Bethmont &amp; Nathalie Caron<\/p>\n<p>S\u00e9minaire 2023-2024<br \/>\n<a href=\"https:\/\/crpaonline.wordpress.com\/\">https:\/\/crpaonline.wordpress.com\/<\/a><\/p>\n<p>Source: Nathalie Caron &lt;nathalie.caron&gt;<\/p>\n","protected":false},"excerpt":{"rendered":"<p>Cher.e.s ami.e.s de Culture et religion La prochaine s\u00e9ance du s\u00e9minaire aura lieu le vendredi 22 mars de 14h \u00e0 [&hellip;]<\/p>\n","protected":false},"author":1,"featured_media":0,"comment_status":"","ping_status":"open","sticky":false,"template":"","format":"standard","meta":{"_uag_custom_page_level_css":"","site-sidebar-layout":"default","site-content-layout":"","ast-site-content-layout":"default","site-content-style":"default","site-sidebar-style":"default","ast-global-header-display":"","ast-banner-title-visibility":"","ast-main-header-display":"","ast-hfb-above-header-display":"","ast-hfb-below-header-display":"","ast-hfb-mobile-header-display":"","site-post-title":"","ast-breadcrumbs-content":"","ast-featured-img":"","footer-sml-layout":"","ast-disable-related-posts":"","theme-transparent-header-meta":"","adv-header-id-meta":"","stick-header-meta":"","header-above-stick-meta":"","header-main-stick-meta":"","header-below-stick-meta":"","astra-migrate-meta-layouts":"default","ast-page-background-enabled":"default","ast-page-background-meta":{"desktop":{"background-color":"var(--ast-global-color-5)","background-image":"","background-repeat":"repeat","background-position":"center center","background-size":"auto","background-attachment":"scroll","background-type":"","background-media":"","overlay-type":"","overlay-color":"","overlay-opacity":"","overlay-gradient":""},"tablet":{"background-color":"","background-image":"","background-repeat":"repeat","background-position":"center center","background-size":"auto","background-attachment":"scroll","background-type":"","background-media":"","overlay-type":"","overlay-color":"","overlay-opacity":"","overlay-gradient":""},"mobile":{"background-color":"","background-image":"","background-repeat":"repeat","background-position":"center center","background-size":"auto","background-attachment":"scroll","background-type":"","background-media":"","overlay-type":"","overlay-color":"","overlay-opacity":"","overlay-gradient":""}},"ast-content-background-meta":{"desktop":{"background-color":"var(--ast-global-color-4)","background-image":"","background-repeat":"repeat","background-position":"center center","background-size":"auto","background-attachment":"scroll","background-type":"","background-media":"","overlay-type":"","overlay-color":"","overlay-opacity":"","overlay-gradient":""},"tablet":{"background-color":"var(--ast-global-color-4)","background-image":"","background-repeat":"repeat","background-position":"center center","background-size":"auto","background-attachment":"scroll","background-type":"","background-media":"","overlay-type":"","overlay-color":"","overlay-opacity":"","overlay-gradient":""},"mobile":{"background-color":"var(--ast-global-color-4)","background-image":"","background-repeat":"repeat","background-position":"center center","background-size":"auto","background-attachment":"scroll","background-type":"","background-media":"","overlay-type":"","overlay-color":"","overlay-opacity":"","overlay-gradient":""}},"_jetpack_memberships_contains_paid_content":false,"footnotes":""},"categories":[100],"tags":[1770,1771,151,433],"class_list":["post-3770","post","type-post","status-publish","format-standard","hentry","category-seminar","tag-protestantism","tag-reformation","tag-religion","tag-women"],"jetpack_featured_media_url":"","uagb_featured_image_src":{"full":false,"thumbnail":false,"medium":false,"medium_large":false,"large":false,"1536x1536":false,"2048x2048":false},"uagb_author_info":{"display_name":"Admin","author_link":"https:\/\/afea.fr\/news\/author\/yanb\/"},"uagb_comment_info":0,"uagb_excerpt":"Cher.e.s ami.e.s de Culture et religion La prochaine s\u00e9ance du s\u00e9minaire aura lieu le vendredi 22 mars de 14h \u00e0 [&hellip;]","jetpack_sharing_enabled":true,"_links":{"self":[{"href":"https:\/\/afea.fr\/news\/wp-json\/wp\/v2\/posts\/3770"}],"collection":[{"href":"https:\/\/afea.fr\/news\/wp-json\/wp\/v2\/posts"}],"about":[{"href":"https:\/\/afea.fr\/news\/wp-json\/wp\/v2\/types\/post"}],"author":[{"embeddable":true,"href":"https:\/\/afea.fr\/news\/wp-json\/wp\/v2\/users\/1"}],"replies":[{"embeddable":true,"href":"https:\/\/afea.fr\/news\/wp-json\/wp\/v2\/comments?post=3770"}],"version-history":[{"count":0,"href":"https:\/\/afea.fr\/news\/wp-json\/wp\/v2\/posts\/3770\/revisions"}],"wp:attachment":[{"href":"https:\/\/afea.fr\/news\/wp-json\/wp\/v2\/media?parent=3770"}],"wp:term":[{"taxonomy":"category","embeddable":true,"href":"https:\/\/afea.fr\/news\/wp-json\/wp\/v2\/categories?post=3770"},{"taxonomy":"post_tag","embeddable":true,"href":"https:\/\/afea.fr\/news\/wp-json\/wp\/v2\/tags?post=3770"}],"curies":[{"name":"wp","href":"https:\/\/api.w.org\/{rel}","templated":true}]}}