{"id":3728,"date":"2024-03-11T21:17:07","date_gmt":"2024-03-11T20:17:07","guid":{"rendered":"https:\/\/afea.fr\/news\/seminar\/seminaire-cultures-populaires-universite-de-reims-mercredi-13-mars-16h30-18h30-musique-radio-et-lettres-dauditeurs-ecouter-de-la-old-time-music-dans-les-annees-1930-aux-et\/3728\/"},"modified":"2024-03-11T21:17:07","modified_gmt":"2024-03-11T20:17:07","slug":"seminaire-cultures-populaires-universite-de-reims-mercredi-13-mars-16h30-18h30-musique-radio-et-lettres-dauditeurs-ecouter-de-la-old-time-music-dans-les-annees-1930-aux-et","status":"publish","type":"post","link":"https:\/\/afea.fr\/news\/seminar\/seminaire-cultures-populaires-universite-de-reims-mercredi-13-mars-16h30-18h30-musique-radio-et-lettres-dauditeurs-ecouter-de-la-old-time-music-dans-les-annees-1930-aux-et\/3728\/","title":{"rendered":"S\u00e9minaire &quot;Cultures populaires&quot;, Universit\u00e9 de Reims, MERCREDI 13 mars 16h30-18h30: &quot;Musique, radio et lettres d&#39;auditeurs : \u00c9couter de la old-time music dans les ann\u00e9es 1930 aux \u00c9tats-Unis&quot;, M. Bocquier"},"content":{"rendered":"<p>La prochaine s\u00e9ance du s\u00e9minaire &quot;Cultures populaires&quot; du CIRLEP se tiendra le MERCREDI 13 mars 16h30-18h30, en salle E12 du B\u00e2timent 13 Recherche, Campus Croix -Rouge.<\/p>\n<p>Nous aurons le plaisir d&rsquo;accueillir Manuel Bocquier, qui interviendra sur le sujet suivant: &quot;Musique, radio et lettres d&rsquo;auditeurs : \u00c9couter de la old-time music dans les ann\u00e9es 1930 aux \u00c9tats-Unis&quot;<\/p>\n<p>Manuel Bocquier est ATER \u00e0 l&rsquo;Universit\u00e9 Paris I et pr\u00e9pare une th\u00e8se au Centre d&rsquo;Etudes Nord-Am\u00e9ricaines (CENA-MA-EHESS), provisoirement intitul\u00e9e \u00ab Cat\u00e9goriser et s\u2019approprier la musique jou\u00e9e dans le Sud : Anthropologie historique et sociale des musiques rurales aux \u00c9tats-Unis (1920-1940) \u00bb<\/p>\n<p>La s\u00e9ance peut-\u00eatre suivie \u00e0 distance par Zoom: demander \u00e0 l&rsquo;adresse \u00e0 Yann.philippe<\/p>\n<p>Source: Yann Philippe &lt;yann.philippe&gt;<\/p>\n","protected":false},"excerpt":{"rendered":"<p>La prochaine s\u00e9ance du s\u00e9minaire &quot;Cultures populaires&quot; du CIRLEP se tiendra le MERCREDI 13 mars 16h30-18h30, en salle E12 du [&hellip;]<\/p>\n","protected":false},"author":1,"featured_media":0,"comment_status":"","ping_status":"open","sticky":false,"template":"","format":"standard","meta":{"_uag_custom_page_level_css":"","site-sidebar-layout":"default","site-content-layout":"","ast-site-content-layout":"default","site-content-style":"default","site-sidebar-style":"default","ast-global-header-display":"","ast-banner-title-visibility":"","ast-main-header-display":"","ast-hfb-above-header-display":"","ast-hfb-below-header-display":"","ast-hfb-mobile-header-display":"","site-post-title":"","ast-breadcrumbs-content":"","ast-featured-img":"","footer-sml-layout":"","ast-disable-related-posts":"","theme-transparent-header-meta":"","adv-header-id-meta":"","stick-header-meta":"","header-above-stick-meta":"","header-main-stick-meta":"","header-below-stick-meta":"","astra-migrate-meta-layouts":"default","ast-page-background-enabled":"default","ast-page-background-meta":{"desktop":{"background-color":"var(--ast-global-color-5)","background-image":"","background-repeat":"repeat","background-position":"center center","background-size":"auto","background-attachment":"scroll","background-type":"","background-media":"","overlay-type":"","overlay-color":"","overlay-opacity":"","overlay-gradient":""},"tablet":{"background-color":"","background-image":"","background-repeat":"repeat","background-position":"center center","background-size":"auto","background-attachment":"scroll","background-type":"","background-media":"","overlay-type":"","overlay-color":"","overlay-opacity":"","overlay-gradient":""},"mobile":{"background-color":"","background-image":"","background-repeat":"repeat","background-position":"center center","background-size":"auto","background-attachment":"scroll","background-type":"","background-media":"","overlay-type":"","overlay-color":"","overlay-opacity":"","overlay-gradient":""}},"ast-content-background-meta":{"desktop":{"background-color":"var(--ast-global-color-4)","background-image":"","background-repeat":"repeat","background-position":"center center","background-size":"auto","background-attachment":"scroll","background-type":"","background-media":"","overlay-type":"","overlay-color":"","overlay-opacity":"","overlay-gradient":""},"tablet":{"background-color":"var(--ast-global-color-4)","background-image":"","background-repeat":"repeat","background-position":"center center","background-size":"auto","background-attachment":"scroll","background-type":"","background-media":"","overlay-type":"","overlay-color":"","overlay-opacity":"","overlay-gradient":""},"mobile":{"background-color":"var(--ast-global-color-4)","background-image":"","background-repeat":"repeat","background-position":"center center","background-size":"auto","background-attachment":"scroll","background-type":"","background-media":"","overlay-type":"","overlay-color":"","overlay-opacity":"","overlay-gradient":""}},"_jetpack_memberships_contains_paid_content":false,"footnotes":""},"categories":[100],"tags":[1083,889,686,1747,1748],"class_list":["post-3728","post","type-post","status-publish","format-standard","hentry","category-seminar","tag-cultures-populaires","tag-etats-unis","tag-musique","tag-radio","tag-sud"],"jetpack_featured_media_url":"","uagb_featured_image_src":{"full":false,"thumbnail":false,"medium":false,"medium_large":false,"large":false,"1536x1536":false,"2048x2048":false},"uagb_author_info":{"display_name":"Admin","author_link":"https:\/\/afea.fr\/news\/author\/yanb\/"},"uagb_comment_info":0,"uagb_excerpt":"La prochaine s\u00e9ance du s\u00e9minaire &quot;Cultures populaires&quot; du CIRLEP se tiendra le MERCREDI 13 mars 16h30-18h30, en salle E12 du [&hellip;]","jetpack_sharing_enabled":true,"_links":{"self":[{"href":"https:\/\/afea.fr\/news\/wp-json\/wp\/v2\/posts\/3728"}],"collection":[{"href":"https:\/\/afea.fr\/news\/wp-json\/wp\/v2\/posts"}],"about":[{"href":"https:\/\/afea.fr\/news\/wp-json\/wp\/v2\/types\/post"}],"author":[{"embeddable":true,"href":"https:\/\/afea.fr\/news\/wp-json\/wp\/v2\/users\/1"}],"replies":[{"embeddable":true,"href":"https:\/\/afea.fr\/news\/wp-json\/wp\/v2\/comments?post=3728"}],"version-history":[{"count":0,"href":"https:\/\/afea.fr\/news\/wp-json\/wp\/v2\/posts\/3728\/revisions"}],"wp:attachment":[{"href":"https:\/\/afea.fr\/news\/wp-json\/wp\/v2\/media?parent=3728"}],"wp:term":[{"taxonomy":"category","embeddable":true,"href":"https:\/\/afea.fr\/news\/wp-json\/wp\/v2\/categories?post=3728"},{"taxonomy":"post_tag","embeddable":true,"href":"https:\/\/afea.fr\/news\/wp-json\/wp\/v2\/tags?post=3728"}],"curies":[{"name":"wp","href":"https:\/\/api.w.org\/{rel}","templated":true}]}}