{"id":3710,"date":"2024-03-09T11:32:46","date_gmt":"2024-03-09T10:32:46","guid":{"rendered":"https:\/\/afea.fr\/news\/publication\/mobilisations-collectives-dans-les-ameriques-la-place-du-subalterne\/3710\/"},"modified":"2024-03-09T11:32:46","modified_gmt":"2024-03-09T10:32:46","slug":"mobilisations-collectives-dans-les-ameriques-la-place-du-subalterne","status":"publish","type":"post","link":"https:\/\/afea.fr\/news\/publication\/mobilisations-collectives-dans-les-ameriques-la-place-du-subalterne\/3710\/","title":{"rendered":"\u00ab Mobilisations collectives dans les Am\u00e9riques : la place du subalterne \u00bb"},"content":{"rendered":"<p>\u00ab Mobilisations collectives dans les Am\u00e9riques : la place du subalterne \u00bb, dir. Baptiste Lavat et Guillaume Marche, Nuevo Mundo, Mundos Nuevos, #24-2024, <a href=\"https:\/\/journals.openedition.org\/nuevomundo\/95112\">https:\/\/journals.openedition.org\/nuevomundo\/95112<\/a><\/p>\n<p>Quelle est la place du subalterne au sein des mobilisations collectives dans les Am\u00e9riques ? \u00ab Le subalterne \u00bb s\u2019entend ici \u00e0 la fois au sens du statut des individus et des groupes occupant une position subordonn\u00e9e dans la sph\u00e8re sociale ou se revendiquant comme tels, et au sens des modes d\u2019action et d\u2019intervention dans l\u2019espace public qui tendent \u00e0 \u00eatre d\u00e9consid\u00e9r\u00e9s ou disqualifi\u00e9s, en particulier les formes culturelles, non-\u00e9videmment politiques, voire infrapolitiques de mobilisation. Le subalterne ne saurait cependant \u00eatre simplement confondu avec la marginalit\u00e9 ou avec la condition de laiss\u00e9 pour compte, qui se caract\u00e9risent par l\u2019exclusion \u2013 qu\u2019elle soit ou non volontaire. Qui est subalterne ? Qui s&rsquo;en r\u00e9clame ? Comment ce statut est-il d\u00e9fini ou remis en question et par qui ? La subalternit\u00e9 est-elle uniquement un statut ou constitue-t-elle aussi une assignation, une exp\u00e9rience, un mode de participation \u00e0 l\u2019univers social ? Est-elle immuable ou peut-elle \u00eatre perturb\u00e9e, renvers\u00e9e ou encore transcend\u00e9e ? \u00c0 quelles strat\u00e9gies de politisation peut-elle donner lieu ? Les contributions rassembl\u00e9es ici abordent ces questions \u00e0 partir d\u2019exemple issus de Bolivie, du Br\u00e9sil, de Colombie des \u00c9tats-Unis, ou transam\u00e9ricains.<\/p>\n<p>Sommaire<\/p>\n<p>Baptiste Lavat et Guillaume Marche, Introduction. Mobilisations collectives dans les Am\u00e9riques : la place du subalterne<br \/>\nLaura Cahier, De l\u2019invisibilit\u00e9 \u00e0 l\u2019\u00e9mancipation par le droit international ? Penser la subalternit\u00e9 \u00e0 la lumi\u00e8re des mobilisations des femmes autochtones des Am\u00e9riques pour leurs droits<br \/>\nMaria Elvira Alvarez Gimenez, \u00ab Une ville blanche, moderne et virile \u00bb. Politiques d\u2019exclusion des espaces publics des femmes travailleuses urbaines, Bolivie, d\u00e9cennies 1930-1940<br \/>\nSandrine Baudry et C\u00e9line Planchou, Indigeneity, Subalternity and Lakota Territorial Resurgence: Disrupting Urban Settler Colonial Order in a US Bordertown<br \/>\nClaudia Seldin, (In)Subordinate Planning: A Decolonial Tool for Marginalized Urban Areas<br \/>\nMorgane Le Guyader, Se dire ou ne pas se dire \u00ab raizal \u00bb. Subalternit\u00e9s indicibles sur l\u2019\u00eele de San Andres (Colombie)<br \/>\nLouis Bachaud, \u201cI\u2019ll always be a subhuman, I just lost the genetic lottery\u201d: Subaltern Identity-building in Online Incel Discourse and Ideology<\/p>\n<p>Source: Guillaume Marche &lt;gmarche&gt;<\/p>\n","protected":false},"excerpt":{"rendered":"<p>\u00ab Mobilisations collectives dans les Am\u00e9riques : la place du subalterne \u00bb, dir. Baptiste Lavat et Guillaume Marche, Nuevo Mundo, [&hellip;]<\/p>\n","protected":false},"author":1,"featured_media":0,"comment_status":"","ping_status":"open","sticky":false,"template":"","format":"standard","meta":{"_uag_custom_page_level_css":"","site-sidebar-layout":"default","site-content-layout":"","ast-site-content-layout":"default","site-content-style":"default","site-sidebar-style":"default","ast-global-header-display":"","ast-banner-title-visibility":"","ast-main-header-display":"","ast-hfb-above-header-display":"","ast-hfb-below-header-display":"","ast-hfb-mobile-header-display":"","site-post-title":"","ast-breadcrumbs-content":"","ast-featured-img":"","footer-sml-layout":"","ast-disable-related-posts":"","theme-transparent-header-meta":"","adv-header-id-meta":"","stick-header-meta":"","header-above-stick-meta":"","header-main-stick-meta":"","header-below-stick-meta":"","astra-migrate-meta-layouts":"default","ast-page-background-enabled":"default","ast-page-background-meta":{"desktop":{"background-color":"var(--ast-global-color-5)","background-image":"","background-repeat":"repeat","background-position":"center center","background-size":"auto","background-attachment":"scroll","background-type":"","background-media":"","overlay-type":"","overlay-color":"","overlay-opacity":"","overlay-gradient":""},"tablet":{"background-color":"","background-image":"","background-repeat":"repeat","background-position":"center center","background-size":"auto","background-attachment":"scroll","background-type":"","background-media":"","overlay-type":"","overlay-color":"","overlay-opacity":"","overlay-gradient":""},"mobile":{"background-color":"","background-image":"","background-repeat":"repeat","background-position":"center center","background-size":"auto","background-attachment":"scroll","background-type":"","background-media":"","overlay-type":"","overlay-color":"","overlay-opacity":"","overlay-gradient":""}},"ast-content-background-meta":{"desktop":{"background-color":"var(--ast-global-color-4)","background-image":"","background-repeat":"repeat","background-position":"center center","background-size":"auto","background-attachment":"scroll","background-type":"","background-media":"","overlay-type":"","overlay-color":"","overlay-opacity":"","overlay-gradient":""},"tablet":{"background-color":"var(--ast-global-color-4)","background-image":"","background-repeat":"repeat","background-position":"center center","background-size":"auto","background-attachment":"scroll","background-type":"","background-media":"","overlay-type":"","overlay-color":"","overlay-opacity":"","overlay-gradient":""},"mobile":{"background-color":"var(--ast-global-color-4)","background-image":"","background-repeat":"repeat","background-position":"center center","background-size":"auto","background-attachment":"scroll","background-type":"","background-media":"","overlay-type":"","overlay-color":"","overlay-opacity":"","overlay-gradient":""}},"_jetpack_memberships_contains_paid_content":false,"footnotes":""},"categories":[103],"tags":[1740],"class_list":["post-3710","post","type-post","status-publish","format-standard","hentry","category-publication","tag-subalterne-civilisation-bresil-bolivie-colombie-etats-unis"],"jetpack_featured_media_url":"","uagb_featured_image_src":{"full":false,"thumbnail":false,"medium":false,"medium_large":false,"large":false,"1536x1536":false,"2048x2048":false},"uagb_author_info":{"display_name":"Admin","author_link":"https:\/\/afea.fr\/news\/author\/yanb\/"},"uagb_comment_info":0,"uagb_excerpt":"\u00ab Mobilisations collectives dans les Am\u00e9riques : la place du subalterne \u00bb, dir. Baptiste Lavat et Guillaume Marche, Nuevo Mundo, [&hellip;]","jetpack_sharing_enabled":true,"_links":{"self":[{"href":"https:\/\/afea.fr\/news\/wp-json\/wp\/v2\/posts\/3710"}],"collection":[{"href":"https:\/\/afea.fr\/news\/wp-json\/wp\/v2\/posts"}],"about":[{"href":"https:\/\/afea.fr\/news\/wp-json\/wp\/v2\/types\/post"}],"author":[{"embeddable":true,"href":"https:\/\/afea.fr\/news\/wp-json\/wp\/v2\/users\/1"}],"replies":[{"embeddable":true,"href":"https:\/\/afea.fr\/news\/wp-json\/wp\/v2\/comments?post=3710"}],"version-history":[{"count":0,"href":"https:\/\/afea.fr\/news\/wp-json\/wp\/v2\/posts\/3710\/revisions"}],"wp:attachment":[{"href":"https:\/\/afea.fr\/news\/wp-json\/wp\/v2\/media?parent=3710"}],"wp:term":[{"taxonomy":"category","embeddable":true,"href":"https:\/\/afea.fr\/news\/wp-json\/wp\/v2\/categories?post=3710"},{"taxonomy":"post_tag","embeddable":true,"href":"https:\/\/afea.fr\/news\/wp-json\/wp\/v2\/tags?post=3710"}],"curies":[{"name":"wp","href":"https:\/\/api.w.org\/{rel}","templated":true}]}}