{"id":3677,"date":"2024-03-05T09:59:41","date_gmt":"2024-03-05T08:59:41","guid":{"rendered":"https:\/\/afea.fr\/news\/seminar\/cimma-imager-8-mars-2024-amy-wells-craftivsim-whats-the-point-piecing-together-womens-rights\/3677\/"},"modified":"2024-03-05T09:59:41","modified_gmt":"2024-03-05T08:59:41","slug":"cimma-imager-8-mars-2024-amy-wells-craftivsim-whats-the-point-piecing-together-womens-rights","status":"publish","type":"post","link":"https:\/\/afea.fr\/news\/seminar\/cimma-imager-8-mars-2024-amy-wells-craftivsim-whats-the-point-piecing-together-womens-rights\/3677\/","title":{"rendered":"CIMMA\/IMAGER : 8 mars 2024, Amy Wells &quot;Craftivsim, what\u2019s the point? Piecing together women\u2019s rights&quot;"},"content":{"rendered":"<p>Le s\u00e9minaire de l&rsquo;\u00e9quipe CIMMA (Constructions Identitaires et Mobilisations dans le Monde Anglophone) du laboratoire IMAGER de Paris-Est Cr\u00e9teil accueille vendredi 8 mars de 14h \u00e0 16h Amy Wells, pour une s\u00e9ance intitul\u00e9e &quot;Craftivsim, what\u2019s the point? Piecing together women\u2019s rights&quot;. Voici un r\u00e9sum\u00e9 : &quot;Although craftivism in the United States has existed since the American Revolution, it has gained in visibilty and popularity these last years, in large part due to social media and the challenging political landscape. In this presentation, we will be working through what is the &quot;point,&quot; or objective, of craftivism projects in the US, discussing how, or even if, we should try to measure their impacts.&quot; Amy Wells est maitresse de conf\u00e9rences \u00e0 l&rsquo;Universit\u00e9 Caen-Normandie, membre du laboratoire ERIBIA, sp\u00e9cialiste des f\u00e9minismes \u00e9tats-uniens et de leurs expressions artistiques et litt\u00e9raires. Elle travaille actuellement sur le craftivisme, c\u2019est-\u00e0-dire l\u2019emploi l\u2019emploi comme forme d\u2019activisme de pratiques artisanales socialement cod\u00e9es comme f\u00e9minines (tricot, crochet, broderie). La s\u00e9ance est ouverte \u00e0 toutes et tous. Elle a lieu \u00e0 l&rsquo;UPEC, Campus Centre, salle I3-218 (m\u00e9tro Cr\u00e9teil-Universit\u00e9 ; plan d&rsquo;acc\u00e8s : <a href=\"https:\/\/www.u-pec.fr\/fr\/plans-d-acces\/campus-centre-de-creteil\">https:\/\/www.u-pec.fr\/fr\/plans-d-acces\/campus-centre-de-creteil<\/a>).<\/p>\n","protected":false},"excerpt":{"rendered":"<p>Le s\u00e9minaire de l&rsquo;\u00e9quipe CIMMA (Constructions Identitaires et Mobilisations dans le Monde Anglophone) du laboratoire IMAGER de Paris-Est Cr\u00e9teil accueille [&hellip;]<\/p>\n","protected":false},"author":1,"featured_media":0,"comment_status":"","ping_status":"open","sticky":false,"template":"","format":"standard","meta":{"_uag_custom_page_level_css":"","site-sidebar-layout":"default","site-content-layout":"","ast-site-content-layout":"default","site-content-style":"default","site-sidebar-style":"default","ast-global-header-display":"","ast-banner-title-visibility":"","ast-main-header-display":"","ast-hfb-above-header-display":"","ast-hfb-below-header-display":"","ast-hfb-mobile-header-display":"","site-post-title":"","ast-breadcrumbs-content":"","ast-featured-img":"","footer-sml-layout":"","ast-disable-related-posts":"","theme-transparent-header-meta":"","adv-header-id-meta":"","stick-header-meta":"","header-above-stick-meta":"","header-main-stick-meta":"","header-below-stick-meta":"","astra-migrate-meta-layouts":"default","ast-page-background-enabled":"default","ast-page-background-meta":{"desktop":{"background-color":"var(--ast-global-color-5)","background-image":"","background-repeat":"repeat","background-position":"center center","background-size":"auto","background-attachment":"scroll","background-type":"","background-media":"","overlay-type":"","overlay-color":"","overlay-opacity":"","overlay-gradient":""},"tablet":{"background-color":"","background-image":"","background-repeat":"repeat","background-position":"center center","background-size":"auto","background-attachment":"scroll","background-type":"","background-media":"","overlay-type":"","overlay-color":"","overlay-opacity":"","overlay-gradient":""},"mobile":{"background-color":"","background-image":"","background-repeat":"repeat","background-position":"center center","background-size":"auto","background-attachment":"scroll","background-type":"","background-media":"","overlay-type":"","overlay-color":"","overlay-opacity":"","overlay-gradient":""}},"ast-content-background-meta":{"desktop":{"background-color":"var(--ast-global-color-4)","background-image":"","background-repeat":"repeat","background-position":"center center","background-size":"auto","background-attachment":"scroll","background-type":"","background-media":"","overlay-type":"","overlay-color":"","overlay-opacity":"","overlay-gradient":""},"tablet":{"background-color":"var(--ast-global-color-4)","background-image":"","background-repeat":"repeat","background-position":"center center","background-size":"auto","background-attachment":"scroll","background-type":"","background-media":"","overlay-type":"","overlay-color":"","overlay-opacity":"","overlay-gradient":""},"mobile":{"background-color":"var(--ast-global-color-4)","background-image":"","background-repeat":"repeat","background-position":"center center","background-size":"auto","background-attachment":"scroll","background-type":"","background-media":"","overlay-type":"","overlay-color":"","overlay-opacity":"","overlay-gradient":""}},"_jetpack_memberships_contains_paid_content":false,"footnotes":""},"categories":[100],"tags":[1727],"class_list":["post-3677","post","type-post","status-publish","format-standard","hentry","category-seminar","tag-seminar-upec-craftivism-feminism-2024_03_08"],"jetpack_featured_media_url":"","uagb_featured_image_src":{"full":false,"thumbnail":false,"medium":false,"medium_large":false,"large":false,"1536x1536":false,"2048x2048":false},"uagb_author_info":{"display_name":"Admin","author_link":"https:\/\/afea.fr\/news\/author\/yanb\/"},"uagb_comment_info":0,"uagb_excerpt":"Le s\u00e9minaire de l&rsquo;\u00e9quipe CIMMA (Constructions Identitaires et Mobilisations dans le Monde Anglophone) du laboratoire IMAGER de Paris-Est Cr\u00e9teil accueille [&hellip;]","jetpack_sharing_enabled":true,"_links":{"self":[{"href":"https:\/\/afea.fr\/news\/wp-json\/wp\/v2\/posts\/3677"}],"collection":[{"href":"https:\/\/afea.fr\/news\/wp-json\/wp\/v2\/posts"}],"about":[{"href":"https:\/\/afea.fr\/news\/wp-json\/wp\/v2\/types\/post"}],"author":[{"embeddable":true,"href":"https:\/\/afea.fr\/news\/wp-json\/wp\/v2\/users\/1"}],"replies":[{"embeddable":true,"href":"https:\/\/afea.fr\/news\/wp-json\/wp\/v2\/comments?post=3677"}],"version-history":[{"count":0,"href":"https:\/\/afea.fr\/news\/wp-json\/wp\/v2\/posts\/3677\/revisions"}],"wp:attachment":[{"href":"https:\/\/afea.fr\/news\/wp-json\/wp\/v2\/media?parent=3677"}],"wp:term":[{"taxonomy":"category","embeddable":true,"href":"https:\/\/afea.fr\/news\/wp-json\/wp\/v2\/categories?post=3677"},{"taxonomy":"post_tag","embeddable":true,"href":"https:\/\/afea.fr\/news\/wp-json\/wp\/v2\/tags?post=3677"}],"curies":[{"name":"wp","href":"https:\/\/api.w.org\/{rel}","templated":true}]}}