{"id":3670,"date":"2024-03-04T11:32:09","date_gmt":"2024-03-04T10:32:09","guid":{"rendered":"https:\/\/afea.fr\/news\/?p=3670"},"modified":"2024-03-04T11:32:09","modified_gmt":"2024-03-04T10:32:09","slug":"international-conference-the-politics-and-poetics-of-community-within-the-anglophone-left-sorbonne-universite-universite-paris-nanterre-21-22-23-mars-2024","status":"publish","type":"post","link":"https:\/\/afea.fr\/news\/conference-symposium\/international-conference-the-politics-and-poetics-of-community-within-the-anglophone-left-sorbonne-universite-universite-paris-nanterre-21-22-23-mars-2024\/3670\/","title":{"rendered":"International Conference: &quot;The Politics and Poetics of Community within the Anglophone Left&quot;, Sorbonne Universit\u00e9, Universit\u00e9 Paris-Nanterre, 21, 22 &amp; 23 mars 2024"},"content":{"rendered":"<p>Dear All,<br \/>\nNous avons le plaisir de vous transmettre le programme du colloque &quot;The Politics and Poetics of Community within the Anglophone Left&quot; que nous organisons les 21, 22 et 23 mars prochains.<br \/>\nL&rsquo;inscription, gratuite, se fait directement sur le site: <a href=\"https:\/\/poeticspoliticsconf.sciencesconf.org\/registration\">https:\/\/poeticspoliticsconf.sciencesconf.org\/registration<\/a><br \/>\nTrois keynotes sont organis\u00e9es, Stacey Sutton (University of Illinois, Chicago) et Jack Halberstam (Columbia University) le 21\/03, et Mathieu Duplay (Universit\u00e9 Paris Cit\u00e9) le 22\/03. Infos ici: <a href=\"https:\/\/poeticspoliticsconf.sciencesconf.org\/resource\/page\/id\/4\">https:\/\/poeticspoliticsconf.sciencesconf.org\/resource\/page\/id\/4<\/a><br \/>\nDeux projections de films et court-m\u00e9trages sont organis\u00e9es pendant le colloque, ainsi qu&rsquo;une lecture de po\u00e9sie. Infos compl\u00e8tes ici: <a href=\"https:\/\/poeticspoliticsconf.sciencesconf.org\/resource\/page\/id\/5\">https:\/\/poeticspoliticsconf.sciencesconf.org\/resource\/page\/id\/5<\/a><br \/>\nLes places \u00e9tant limit\u00e9es pour les projections et surtout la lecture de po\u00e9sie, l&rsquo;inscription, par mail (politics.poetics.conf) ou directement sur le site, est obligatoire.<br \/>\nBien \u00e0 vous,<br \/>\nLe comit\u00e9 d&rsquo;organisation (Tom Allen, Adeline Chevrier-Bosseau, Laurence Gervais, Nicolas Jara-Joly, Bradley Smith)<\/p>\n<p>Source: Adeline Chevrier-Bosseau &lt;adeline.chevrier-bosseau&gt;<\/p>\n<p><a href=\"https:\/\/afea.fr\/news\/wp-content\/uploads\/sites\/2\/2024\/03\/Politics-and-Poetics-of-Community-definitive-program.pdf\">Politics-and-Poetics-of-Community-definitive-program.pdf<\/a><\/p>\n","protected":false},"excerpt":{"rendered":"<p>Dear All, Nous avons le plaisir de vous transmettre le programme du colloque &quot;The Politics and Poetics of Community within [&hellip;]<\/p>\n","protected":false},"author":1,"featured_media":0,"comment_status":"closed","ping_status":"open","sticky":false,"template":"","format":"standard","meta":{"_uag_custom_page_level_css":"","site-sidebar-layout":"default","site-content-layout":"","ast-site-content-layout":"default","site-content-style":"default","site-sidebar-style":"default","ast-global-header-display":"","ast-banner-title-visibility":"","ast-main-header-display":"","ast-hfb-above-header-display":"","ast-hfb-below-header-display":"","ast-hfb-mobile-header-display":"","site-post-title":"","ast-breadcrumbs-content":"","ast-featured-img":"","footer-sml-layout":"","ast-disable-related-posts":"","theme-transparent-header-meta":"","adv-header-id-meta":"","stick-header-meta":"","header-above-stick-meta":"","header-main-stick-meta":"","header-below-stick-meta":"","astra-migrate-meta-layouts":"default","ast-page-background-enabled":"default","ast-page-background-meta":{"desktop":{"background-color":"var(--ast-global-color-5)","background-image":"","background-repeat":"repeat","background-position":"center center","background-size":"auto","background-attachment":"scroll","background-type":"","background-media":"","overlay-type":"","overlay-color":"","overlay-opacity":"","overlay-gradient":""},"tablet":{"background-color":"","background-image":"","background-repeat":"repeat","background-position":"center center","background-size":"auto","background-attachment":"scroll","background-type":"","background-media":"","overlay-type":"","overlay-color":"","overlay-opacity":"","overlay-gradient":""},"mobile":{"background-color":"","background-image":"","background-repeat":"repeat","background-position":"center center","background-size":"auto","background-attachment":"scroll","background-type":"","background-media":"","overlay-type":"","overlay-color":"","overlay-opacity":"","overlay-gradient":""}},"ast-content-background-meta":{"desktop":{"background-color":"var(--ast-global-color-4)","background-image":"","background-repeat":"repeat","background-position":"center center","background-size":"auto","background-attachment":"scroll","background-type":"","background-media":"","overlay-type":"","overlay-color":"","overlay-opacity":"","overlay-gradient":""},"tablet":{"background-color":"var(--ast-global-color-4)","background-image":"","background-repeat":"repeat","background-position":"center center","background-size":"auto","background-attachment":"scroll","background-type":"","background-media":"","overlay-type":"","overlay-color":"","overlay-opacity":"","overlay-gradient":""},"mobile":{"background-color":"var(--ast-global-color-4)","background-image":"","background-repeat":"repeat","background-position":"center center","background-size":"auto","background-attachment":"scroll","background-type":"","background-media":"","overlay-type":"","overlay-color":"","overlay-opacity":"","overlay-gradient":""}},"_jetpack_memberships_contains_paid_content":false,"footnotes":""},"categories":[568],"tags":[1724,1726,446,193,1725],"class_list":["post-3670","post","type-post","status-publish","format-standard","hentry","category-conference-symposium","tag-anglophone-left","tag-film-screening","tag-international-conference","tag-poetry","tag-poetry-reading"],"jetpack_featured_media_url":"","uagb_featured_image_src":{"full":false,"thumbnail":false,"medium":false,"medium_large":false,"large":false,"1536x1536":false,"2048x2048":false},"uagb_author_info":{"display_name":"Admin","author_link":"https:\/\/afea.fr\/news\/author\/yanb\/"},"uagb_comment_info":0,"uagb_excerpt":"Dear All, Nous avons le plaisir de vous transmettre le programme du colloque &quot;The Politics and Poetics of Community within [&hellip;]","jetpack_sharing_enabled":true,"_links":{"self":[{"href":"https:\/\/afea.fr\/news\/wp-json\/wp\/v2\/posts\/3670"}],"collection":[{"href":"https:\/\/afea.fr\/news\/wp-json\/wp\/v2\/posts"}],"about":[{"href":"https:\/\/afea.fr\/news\/wp-json\/wp\/v2\/types\/post"}],"author":[{"embeddable":true,"href":"https:\/\/afea.fr\/news\/wp-json\/wp\/v2\/users\/1"}],"replies":[{"embeddable":true,"href":"https:\/\/afea.fr\/news\/wp-json\/wp\/v2\/comments?post=3670"}],"version-history":[{"count":1,"href":"https:\/\/afea.fr\/news\/wp-json\/wp\/v2\/posts\/3670\/revisions"}],"predecessor-version":[{"id":3672,"href":"https:\/\/afea.fr\/news\/wp-json\/wp\/v2\/posts\/3670\/revisions\/3672"}],"wp:attachment":[{"href":"https:\/\/afea.fr\/news\/wp-json\/wp\/v2\/media?parent=3670"}],"wp:term":[{"taxonomy":"category","embeddable":true,"href":"https:\/\/afea.fr\/news\/wp-json\/wp\/v2\/categories?post=3670"},{"taxonomy":"post_tag","embeddable":true,"href":"https:\/\/afea.fr\/news\/wp-json\/wp\/v2\/tags?post=3670"}],"curies":[{"name":"wp","href":"https:\/\/api.w.org\/{rel}","templated":true}]}}