{"id":3665,"date":"2024-03-04T11:29:49","date_gmt":"2024-03-04T10:29:49","guid":{"rendered":"https:\/\/afea.fr\/news\/seminar\/seminaire-larca-upc-jeudi-14-mars-17h30-19h-peter-cole-sur-les-mobilisations-transantionales-de-dockers-noirs-aux-us-et-en-afrique-du-sud-20e-siecle\/3665\/"},"modified":"2024-03-04T11:29:49","modified_gmt":"2024-03-04T10:29:49","slug":"seminaire-larca-upc-jeudi-14-mars-17h30-19h-peter-cole-sur-les-mobilisations-transantionales-de-dockers-noirs-aux-us-et-en-afrique-du-sud-20e-siecle","status":"publish","type":"post","link":"https:\/\/afea.fr\/news\/seminar\/seminaire-larca-upc-jeudi-14-mars-17h30-19h-peter-cole-sur-les-mobilisations-transantionales-de-dockers-noirs-aux-us-et-en-afrique-du-sud-20e-siecle\/3665\/","title":{"rendered":"S\u00e9minaire LARCA\/UPC \u2013 jeudi 14 mars 17h30-19h \u2013 Peter Cole sur les mobilisations transantionales de dockers noirs aux US et en Afrique du Sud (20e si\u00e8cle)"},"content":{"rendered":"<p>Cher.es coll\u00e8gues,<br \/>\nLes membres de l&rsquo;axe Histoire du Politique du LARCA (Universit\u00e9 Paris Cit\u00e9) vous convient \u00e0 la prochaine s\u00e9ance de leur s\u00e9minaire, lors de laquelle nous recevrons Peter Cole (Professeur d&rsquo;histoire \u00e0 la Western Illinois University) pour une pr\u00e9sentation intitul\u00e9e &quot;Dockworkers, Black Internationalism, and Transnational Activism (San Francisco, Durban and Beyond; 1940s-1980s)&quot;.<br \/>\nCette pr\u00e9sentation sera discut\u00e9e par Mathias Kulpinski, doctorant au LARCA et ATER \u00e0 l&rsquo;universit\u00e9 Toulouse Jean Jaur\u00e8s, et aura lieu en pr\u00e9sentiel le jeudi 14 mars de 17h30 \u00e0 19h en salle 830 du b\u00e2timent Olympe de Gouges, place Paul Ricoeur (75013 Paris).<br \/>\nN&rsquo;h\u00e9sitez pas \u00e0 \u00e9crire \u00e0 hugo.bouvard pour toute question relative \u00e0 l&rsquo;acc\u00e8s au b\u00e2timent, ou pour recevoir en amont le chapitre qui servira de support \u00e0 la pr\u00e9sentation de Peter Cole.<br \/>\nEn esp\u00e9rant vous y voir nombreux.ses,<br \/>\nL&rsquo;\u00e9quipe du s\u00e9minaire HISTPOL (<a href=\"https:\/\/histpol.hypotheses.org\/\">https:\/\/histpol.hypotheses.org\/<\/a>)<\/p>\n<p>Source: Hugo Bouvard &lt;hugo.bouvard&gt;<\/p>\n","protected":false},"excerpt":{"rendered":"<p>Cher.es coll\u00e8gues, Les membres de l&rsquo;axe Histoire du Politique du LARCA (Universit\u00e9 Paris Cit\u00e9) vous convient \u00e0 la prochaine s\u00e9ance [&hellip;]<\/p>\n","protected":false},"author":1,"featured_media":0,"comment_status":"","ping_status":"open","sticky":false,"template":"","format":"standard","meta":{"_uag_custom_page_level_css":"","site-sidebar-layout":"default","site-content-layout":"","ast-site-content-layout":"default","site-content-style":"default","site-sidebar-style":"default","ast-global-header-display":"","ast-banner-title-visibility":"","ast-main-header-display":"","ast-hfb-above-header-display":"","ast-hfb-below-header-display":"","ast-hfb-mobile-header-display":"","site-post-title":"","ast-breadcrumbs-content":"","ast-featured-img":"","footer-sml-layout":"","ast-disable-related-posts":"","theme-transparent-header-meta":"","adv-header-id-meta":"","stick-header-meta":"","header-above-stick-meta":"","header-main-stick-meta":"","header-below-stick-meta":"","astra-migrate-meta-layouts":"default","ast-page-background-enabled":"default","ast-page-background-meta":{"desktop":{"background-color":"var(--ast-global-color-5)","background-image":"","background-repeat":"repeat","background-position":"center center","background-size":"auto","background-attachment":"scroll","background-type":"","background-media":"","overlay-type":"","overlay-color":"","overlay-opacity":"","overlay-gradient":""},"tablet":{"background-color":"","background-image":"","background-repeat":"repeat","background-position":"center center","background-size":"auto","background-attachment":"scroll","background-type":"","background-media":"","overlay-type":"","overlay-color":"","overlay-opacity":"","overlay-gradient":""},"mobile":{"background-color":"","background-image":"","background-repeat":"repeat","background-position":"center center","background-size":"auto","background-attachment":"scroll","background-type":"","background-media":"","overlay-type":"","overlay-color":"","overlay-opacity":"","overlay-gradient":""}},"ast-content-background-meta":{"desktop":{"background-color":"var(--ast-global-color-4)","background-image":"","background-repeat":"repeat","background-position":"center center","background-size":"auto","background-attachment":"scroll","background-type":"","background-media":"","overlay-type":"","overlay-color":"","overlay-opacity":"","overlay-gradient":""},"tablet":{"background-color":"var(--ast-global-color-4)","background-image":"","background-repeat":"repeat","background-position":"center center","background-size":"auto","background-attachment":"scroll","background-type":"","background-media":"","overlay-type":"","overlay-color":"","overlay-opacity":"","overlay-gradient":""},"mobile":{"background-color":"var(--ast-global-color-4)","background-image":"","background-repeat":"repeat","background-position":"center center","background-size":"auto","background-attachment":"scroll","background-type":"","background-media":"","overlay-type":"","overlay-color":"","overlay-opacity":"","overlay-gradient":""}},"_jetpack_memberships_contains_paid_content":false,"footnotes":""},"categories":[100],"tags":[1719],"class_list":["post-3665","post","type-post","status-publish","format-standard","hentry","category-seminar","tag-black-internationalism-transnational-activism"],"jetpack_featured_media_url":"","uagb_featured_image_src":{"full":false,"thumbnail":false,"medium":false,"medium_large":false,"large":false,"1536x1536":false,"2048x2048":false},"uagb_author_info":{"display_name":"Admin","author_link":"https:\/\/afea.fr\/news\/author\/yanb\/"},"uagb_comment_info":0,"uagb_excerpt":"Cher.es coll\u00e8gues, Les membres de l&rsquo;axe Histoire du Politique du LARCA (Universit\u00e9 Paris Cit\u00e9) vous convient \u00e0 la prochaine s\u00e9ance [&hellip;]","jetpack_sharing_enabled":true,"_links":{"self":[{"href":"https:\/\/afea.fr\/news\/wp-json\/wp\/v2\/posts\/3665"}],"collection":[{"href":"https:\/\/afea.fr\/news\/wp-json\/wp\/v2\/posts"}],"about":[{"href":"https:\/\/afea.fr\/news\/wp-json\/wp\/v2\/types\/post"}],"author":[{"embeddable":true,"href":"https:\/\/afea.fr\/news\/wp-json\/wp\/v2\/users\/1"}],"replies":[{"embeddable":true,"href":"https:\/\/afea.fr\/news\/wp-json\/wp\/v2\/comments?post=3665"}],"version-history":[{"count":0,"href":"https:\/\/afea.fr\/news\/wp-json\/wp\/v2\/posts\/3665\/revisions"}],"wp:attachment":[{"href":"https:\/\/afea.fr\/news\/wp-json\/wp\/v2\/media?parent=3665"}],"wp:term":[{"taxonomy":"category","embeddable":true,"href":"https:\/\/afea.fr\/news\/wp-json\/wp\/v2\/categories?post=3665"},{"taxonomy":"post_tag","embeddable":true,"href":"https:\/\/afea.fr\/news\/wp-json\/wp\/v2\/tags?post=3665"}],"curies":[{"name":"wp","href":"https:\/\/api.w.org\/{rel}","templated":true}]}}