{"id":3652,"date":"2024-03-03T16:23:18","date_gmt":"2024-03-03T15:23:18","guid":{"rendered":"https:\/\/afea.fr\/news\/?p=3652"},"modified":"2024-03-03T16:23:18","modified_gmt":"2024-03-03T15:23:18","slug":"etre-lgbtqi-en-dehors-des-centres-urbains","status":"publish","type":"post","link":"https:\/\/afea.fr\/news\/cfp\/etre-lgbtqi-en-dehors-des-centres-urbains\/3652\/","title":{"rendered":"\u00catre LGBTQI+ en dehors des centres urbains"},"content":{"rendered":"<p>Ch\u00e8res et chers coll\u00e8gues,<\/p>\n<p>Vous trouverez ci-joint l\u2019appel \u00e0 communication pour les journ\u00e9es d&rsquo;\u00e9tude \u00ab \u00catre LGBTQI+ en dehors des centres urbains \u00bb qui se tiendront les 4 et 5 novembre 2024 \u00e0 l\u2019Universit\u00e9 de Gen\u00e8ve et \u00e0 l\u2019Universit\u00e9 de Lausanne.<\/p>\n<p>Ces journ\u00e9es d\u2019\u00e9tudes, qui auront lieu sur deux jours, visent \u00e0 rassembler des communications pluridisciplinaires explorant les spatialit\u00e9s, les pratiques, les caract\u00e9ristiques, les discours et les r\u00e9pertoires d\u2019action des personnes Lesbiennes, Gays, Bisexuelles, Transgenres, Queer, Intersexes et plus (LGBTQI+) qui ne sont pas localis\u00e9es dans les centres des grandes m\u00e9tropoles.<\/p>\n<p>Les propositions de communication doivent comporter 2 500 signes maximum (espaces compris) et pr\u00e9senter un titre, la probl\u00e9matique, le cadre th\u00e9orique, la nature des supports empiriques et les principaux r\u00e9sultats. Vous pouvez \u00e9galement indiquer 5 r\u00e9f\u00e9rences bibliographiques centrales dans vos propositions.<br \/>\nR\u00e9dig\u00e9es en fran\u00e7ais ou en anglais, elles doivent \u00eatre d\u00e9pos\u00e9es sur la plateforme Sciencesconf suivante <a href=\"https:\/\/spatialiteslgbtqi.sciencesconf.org\">https:\/\/spatialiteslgbtqi.sciencesconf.org<\/a> avant le 30 avril \u00e0 23h59. Une r\u00e9ponse sera donn\u00e9e aux candidat\u00b7e\u00b7s au plus tard d\u00e9but juin 2024.<\/p>\n<p>Pour toute question, veuillez contacter : spatialiteslgbtqi<\/p>\n<p>Au plaisir de vous lire et de vous rencontrer,<br \/>\nLe comit\u00e9 d&rsquo;organisation.<br \/>\nMaria Kherbouche, assistante-doctorante, Universit\u00e9 de Gen\u00e8ve \u2013 Institut des \u00e9tudes genre<br \/>\nAxel Ravier, doctorant contractuel, Universit\u00e9 de Lausanne \u2013 Centre en \u00e9tudes genre ; Universit\u00e9 de Rouen-Normandie \u2013 DySoLab, Fellow Institut Convergences Migrations<\/p>\n<p><a href=\"https:\/\/afea.fr\/news\/wp-content\/uploads\/sites\/2\/2024\/03\/AAC-Etre-LGBTQI-en-dehors-des-centres-urbains-NOV24.pdf\">AAC-Etre-LGBTQI-en-dehors-des-centres-urbains-NOV24.pdf<\/a><\/p>\n","protected":false},"excerpt":{"rendered":"<p>Ch\u00e8res et chers coll\u00e8gues, Vous trouverez ci-joint l\u2019appel \u00e0 communication pour les journ\u00e9es d&rsquo;\u00e9tude \u00ab \u00catre LGBTQI+ en dehors des [&hellip;]<\/p>\n","protected":false},"author":1,"featured_media":0,"comment_status":"closed","ping_status":"open","sticky":false,"template":"","format":"standard","meta":{"_uag_custom_page_level_css":"","site-sidebar-layout":"default","site-content-layout":"","ast-site-content-layout":"default","site-content-style":"default","site-sidebar-style":"default","ast-global-header-display":"","ast-banner-title-visibility":"","ast-main-header-display":"","ast-hfb-above-header-display":"","ast-hfb-below-header-display":"","ast-hfb-mobile-header-display":"","site-post-title":"","ast-breadcrumbs-content":"","ast-featured-img":"","footer-sml-layout":"","ast-disable-related-posts":"","theme-transparent-header-meta":"","adv-header-id-meta":"","stick-header-meta":"","header-above-stick-meta":"","header-main-stick-meta":"","header-below-stick-meta":"","astra-migrate-meta-layouts":"default","ast-page-background-enabled":"default","ast-page-background-meta":{"desktop":{"background-color":"var(--ast-global-color-5)","background-image":"","background-repeat":"repeat","background-position":"center center","background-size":"auto","background-attachment":"scroll","background-type":"","background-media":"","overlay-type":"","overlay-color":"","overlay-opacity":"","overlay-gradient":""},"tablet":{"background-color":"","background-image":"","background-repeat":"repeat","background-position":"center center","background-size":"auto","background-attachment":"scroll","background-type":"","background-media":"","overlay-type":"","overlay-color":"","overlay-opacity":"","overlay-gradient":""},"mobile":{"background-color":"","background-image":"","background-repeat":"repeat","background-position":"center center","background-size":"auto","background-attachment":"scroll","background-type":"","background-media":"","overlay-type":"","overlay-color":"","overlay-opacity":"","overlay-gradient":""}},"ast-content-background-meta":{"desktop":{"background-color":"var(--ast-global-color-4)","background-image":"","background-repeat":"repeat","background-position":"center center","background-size":"auto","background-attachment":"scroll","background-type":"","background-media":"","overlay-type":"","overlay-color":"","overlay-opacity":"","overlay-gradient":""},"tablet":{"background-color":"var(--ast-global-color-4)","background-image":"","background-repeat":"repeat","background-position":"center center","background-size":"auto","background-attachment":"scroll","background-type":"","background-media":"","overlay-type":"","overlay-color":"","overlay-opacity":"","overlay-gradient":""},"mobile":{"background-color":"var(--ast-global-color-4)","background-image":"","background-repeat":"repeat","background-position":"center center","background-size":"auto","background-attachment":"scroll","background-type":"","background-media":"","overlay-type":"","overlay-color":"","overlay-opacity":"","overlay-gradient":""}},"_jetpack_memberships_contains_paid_content":false,"footnotes":""},"categories":[99],"tags":[1718,188,1717],"class_list":["post-3652","post","type-post","status-publish","format-standard","hentry","category-cfp","tag-2024_11","tag-cfp","tag-lgbtqi-en-dehors-des-centres-urbains"],"jetpack_featured_media_url":"","uagb_featured_image_src":{"full":false,"thumbnail":false,"medium":false,"medium_large":false,"large":false,"1536x1536":false,"2048x2048":false},"uagb_author_info":{"display_name":"Admin","author_link":"https:\/\/afea.fr\/news\/author\/yanb\/"},"uagb_comment_info":0,"uagb_excerpt":"Ch\u00e8res et chers coll\u00e8gues, Vous trouverez ci-joint l\u2019appel \u00e0 communication pour les journ\u00e9es d&rsquo;\u00e9tude \u00ab \u00catre LGBTQI+ en dehors des [&hellip;]","jetpack_sharing_enabled":true,"_links":{"self":[{"href":"https:\/\/afea.fr\/news\/wp-json\/wp\/v2\/posts\/3652"}],"collection":[{"href":"https:\/\/afea.fr\/news\/wp-json\/wp\/v2\/posts"}],"about":[{"href":"https:\/\/afea.fr\/news\/wp-json\/wp\/v2\/types\/post"}],"author":[{"embeddable":true,"href":"https:\/\/afea.fr\/news\/wp-json\/wp\/v2\/users\/1"}],"replies":[{"embeddable":true,"href":"https:\/\/afea.fr\/news\/wp-json\/wp\/v2\/comments?post=3652"}],"version-history":[{"count":1,"href":"https:\/\/afea.fr\/news\/wp-json\/wp\/v2\/posts\/3652\/revisions"}],"predecessor-version":[{"id":3654,"href":"https:\/\/afea.fr\/news\/wp-json\/wp\/v2\/posts\/3652\/revisions\/3654"}],"wp:attachment":[{"href":"https:\/\/afea.fr\/news\/wp-json\/wp\/v2\/media?parent=3652"}],"wp:term":[{"taxonomy":"category","embeddable":true,"href":"https:\/\/afea.fr\/news\/wp-json\/wp\/v2\/categories?post=3652"},{"taxonomy":"post_tag","embeddable":true,"href":"https:\/\/afea.fr\/news\/wp-json\/wp\/v2\/tags?post=3652"}],"curies":[{"name":"wp","href":"https:\/\/api.w.org\/{rel}","templated":true}]}}