{"id":3637,"date":"2024-03-01T11:35:18","date_gmt":"2024-03-01T10:35:18","guid":{"rendered":"https:\/\/afea.fr\/news\/conference-symposium\/modernist-hands-nanterre-28-mars-2024\/3637\/"},"modified":"2024-03-01T11:35:18","modified_gmt":"2024-03-01T10:35:18","slug":"modernist-hands-nanterre-28-mars-2024","status":"publish","type":"post","link":"https:\/\/afea.fr\/news\/conference-symposium\/modernist-hands-nanterre-28-mars-2024\/3637\/","title":{"rendered":"Modernist Hands \u2013 Nanterre 28 mars 2024"},"content":{"rendered":"<p>Veuillez trouver ci-dessous le programme de la JE &quot;Modernist Hands&quot; co-organis\u00e9e par Solveig Dunkel et Charlotte Estrade \u00e0 l&rsquo;universit\u00e9 Paris Nanterre le 28 mars 2024.<\/p>\n<p>Modernist Hands, 28 mars 2024<br \/>\nUniversit\u00e9 Paris Nanterre, b\u00e2timent Weber, salle de s\u00e9minaires n\u00b0 2<br \/>\nOrganisatrices : Solveig DUNKEL et Charlotte ESTRADE (Nanterre, CREA)<\/p>\n<p>9h \u2013 Accueil caf\u00e9<br \/>\n9h30 \u2013 Introduction : Fran\u00e7oise Kral, directrice du laboratoire CREA<\/p>\n<p>Atelier 1 (mod\u00e9ratrice : Solveig Dunkel)<br \/>\n10h \u2013 Caroline Pollentier (Universit\u00e9 Sorbonne Nouvelle \u2013 IUF), \u201cVirginia Woolf and the Laws of Tact\u201d<br \/>\n10h30 \u2013 Leslie de Bont (Nantes Universit\u00e9), \u201c\u2018All that fuss about a hand!\u2019 Social norms, modernist affect and Sinclairian imagism\u201d<br \/>\n11h \u2013 Naomi Toth (Universit\u00e9 Paris Nanterre \u2013 IUF), \u201cThe failure of immediacy. Hands and the phenomenology of perception in Virginia Woolf&rsquo;s The Waves\u201d<br \/>\n11h30 \u2013 Elise Brault (Universit\u00e9 Polytechnique des Hauts-de-France), \u201cIn the doctors\u2019 hands\u201d<br \/>\n12h \u2013 Discussion\/questions<br \/>\nLunch<br \/>\nAtelier 2 (mod\u00e9rateur : Beno\u00eet Tadi\u00e9)<br \/>\n14h30 \u2013 Samantha Lemeunier (ENS Ulm), \u00ab \u00c9crire sans main : paralysies po\u00e9tiques dans les \u0153uvres tardives de William Carlos Williams \u00bb<br \/>\n15h \u2013 Fr\u00e9d\u00e9rique Spill (Universit\u00e9 de Picardie Jules Verne), \u00ab La main \u00e0 l\u2019ouvrage : la figure du charpentier chez Faulkner \u00bb<br \/>\n15h30 \u2013 Charlotte Estrade (Universit\u00e9 Paris Nanterre), \u00ab Poings et gants : force de frappe des \u00e9crivains et boxeurs modernistes \u00bb<br \/>\n16h \u2013 Discussion\/questions<\/p>\n","protected":false},"excerpt":{"rendered":"<p>Veuillez trouver ci-dessous le programme de la JE &quot;Modernist Hands&quot; co-organis\u00e9e par Solveig Dunkel et Charlotte Estrade \u00e0 l&rsquo;universit\u00e9 Paris [&hellip;]<\/p>\n","protected":false},"author":1,"featured_media":0,"comment_status":"","ping_status":"open","sticky":false,"template":"","format":"standard","meta":{"_uag_custom_page_level_css":"","site-sidebar-layout":"default","site-content-layout":"","ast-site-content-layout":"default","site-content-style":"default","site-sidebar-style":"default","ast-global-header-display":"","ast-banner-title-visibility":"","ast-main-header-display":"","ast-hfb-above-header-display":"","ast-hfb-below-header-display":"","ast-hfb-mobile-header-display":"","site-post-title":"","ast-breadcrumbs-content":"","ast-featured-img":"","footer-sml-layout":"","ast-disable-related-posts":"","theme-transparent-header-meta":"","adv-header-id-meta":"","stick-header-meta":"","header-above-stick-meta":"","header-main-stick-meta":"","header-below-stick-meta":"","astra-migrate-meta-layouts":"default","ast-page-background-enabled":"default","ast-page-background-meta":{"desktop":{"background-color":"var(--ast-global-color-5)","background-image":"","background-repeat":"repeat","background-position":"center center","background-size":"auto","background-attachment":"scroll","background-type":"","background-media":"","overlay-type":"","overlay-color":"","overlay-opacity":"","overlay-gradient":""},"tablet":{"background-color":"","background-image":"","background-repeat":"repeat","background-position":"center center","background-size":"auto","background-attachment":"scroll","background-type":"","background-media":"","overlay-type":"","overlay-color":"","overlay-opacity":"","overlay-gradient":""},"mobile":{"background-color":"","background-image":"","background-repeat":"repeat","background-position":"center center","background-size":"auto","background-attachment":"scroll","background-type":"","background-media":"","overlay-type":"","overlay-color":"","overlay-opacity":"","overlay-gradient":""}},"ast-content-background-meta":{"desktop":{"background-color":"var(--ast-global-color-4)","background-image":"","background-repeat":"repeat","background-position":"center center","background-size":"auto","background-attachment":"scroll","background-type":"","background-media":"","overlay-type":"","overlay-color":"","overlay-opacity":"","overlay-gradient":""},"tablet":{"background-color":"var(--ast-global-color-4)","background-image":"","background-repeat":"repeat","background-position":"center center","background-size":"auto","background-attachment":"scroll","background-type":"","background-media":"","overlay-type":"","overlay-color":"","overlay-opacity":"","overlay-gradient":""},"mobile":{"background-color":"var(--ast-global-color-4)","background-image":"","background-repeat":"repeat","background-position":"center center","background-size":"auto","background-attachment":"scroll","background-type":"","background-media":"","overlay-type":"","overlay-color":"","overlay-opacity":"","overlay-gradient":""}},"_jetpack_memberships_contains_paid_content":false,"footnotes":""},"categories":[568],"tags":[646,115,1219,193],"class_list":["post-3637","post","type-post","status-publish","format-standard","hentry","category-conference-symposium","tag-body","tag-fiction","tag-modernism","tag-poetry"],"jetpack_featured_media_url":"","uagb_featured_image_src":{"full":false,"thumbnail":false,"medium":false,"medium_large":false,"large":false,"1536x1536":false,"2048x2048":false},"uagb_author_info":{"display_name":"Admin","author_link":"https:\/\/afea.fr\/news\/author\/yanb\/"},"uagb_comment_info":0,"uagb_excerpt":"Veuillez trouver ci-dessous le programme de la JE &quot;Modernist Hands&quot; co-organis\u00e9e par Solveig Dunkel et Charlotte Estrade \u00e0 l&rsquo;universit\u00e9 Paris [&hellip;]","jetpack_sharing_enabled":true,"_links":{"self":[{"href":"https:\/\/afea.fr\/news\/wp-json\/wp\/v2\/posts\/3637"}],"collection":[{"href":"https:\/\/afea.fr\/news\/wp-json\/wp\/v2\/posts"}],"about":[{"href":"https:\/\/afea.fr\/news\/wp-json\/wp\/v2\/types\/post"}],"author":[{"embeddable":true,"href":"https:\/\/afea.fr\/news\/wp-json\/wp\/v2\/users\/1"}],"replies":[{"embeddable":true,"href":"https:\/\/afea.fr\/news\/wp-json\/wp\/v2\/comments?post=3637"}],"version-history":[{"count":0,"href":"https:\/\/afea.fr\/news\/wp-json\/wp\/v2\/posts\/3637\/revisions"}],"wp:attachment":[{"href":"https:\/\/afea.fr\/news\/wp-json\/wp\/v2\/media?parent=3637"}],"wp:term":[{"taxonomy":"category","embeddable":true,"href":"https:\/\/afea.fr\/news\/wp-json\/wp\/v2\/categories?post=3637"},{"taxonomy":"post_tag","embeddable":true,"href":"https:\/\/afea.fr\/news\/wp-json\/wp\/v2\/tags?post=3637"}],"curies":[{"name":"wp","href":"https:\/\/api.w.org\/{rel}","templated":true}]}}