{"id":3633,"date":"2024-03-01T11:32:22","date_gmt":"2024-03-01T10:32:22","guid":{"rendered":"https:\/\/afea.fr\/news\/conference-symposium\/la-resilience-en-mots-et-en-corps\/3633\/"},"modified":"2024-03-01T11:32:22","modified_gmt":"2024-03-01T10:32:22","slug":"la-resilience-en-mots-et-en-corps","status":"publish","type":"post","link":"https:\/\/afea.fr\/news\/conference-symposium\/la-resilience-en-mots-et-en-corps\/3633\/","title":{"rendered":"La r\u00e9silience en mots et en corps"},"content":{"rendered":"<p>\u00ab La r\u00e9silience en mots et en corps \/ Resilience in words and bodies \u00bb<br \/>\nJourn\u00e9e d\u2019\u00e9tude interdisciplinaire et cr\u00e9ative<br \/>\n20 mars 2024 \u2013 Salle des Actes \u2013 Sorbonne Universit\u00e9<br \/>\nCette journ\u00e9e d\u2019\u00e9tudes s\u2019int\u00e9resse au concept de r\u00e9silience, mot-cl\u00e9 de notre \u00e9poque s\u2019il en est, et s\u2019attache \u00e0 en croiser les d\u00e9finitions \u00e0 travers plusieurs disciplines scientifiques et artistiques. Son approche m\u00e9thodologique se veut innovante et propre \u00e0 stimuler la discussion comme l\u2019exp\u00e9rimentation : des sp\u00e9cialistes de champs tr\u00e8s divers sont ainsi invit\u00e9s \u00e0 pr\u00e9senter, selon des formats courts, la fa\u00e7on dont la r\u00e9silience se d\u00e9finit et s\u2019illustre dans leurs travaux ou leur domaine, en dialogue avec des artistes venus explorer la r\u00e9sonance du concept dans le corps individuel et le corps collectif. La journ\u00e9e s\u2019inscrit dans le cadre du projet ESTHER (IUF), qui cherche \u00e0 d\u00e9celer les traces formelles d\u2019une \u00ab qu\u00eate de la r\u00e9silience \u00bb sur la sc\u00e8ne contemporaine des \u00c9tats-Unis.<br \/>\nRetrouvez le programme complet ici: <a href=\"https:\/\/vale.sorbonne-universite.fr\/tag\/projet-esther\/\">https:\/\/vale.sorbonne-universite.fr\/tag\/projet-esther\/<\/a><\/p>\n<p>Source: Julie Vatain-Corfdir &lt;julie.vatain&gt;<\/p>\n","protected":false},"excerpt":{"rendered":"<p>\u00ab La r\u00e9silience en mots et en corps \/ Resilience in words and bodies \u00bb Journ\u00e9e d\u2019\u00e9tude interdisciplinaire et cr\u00e9ative [&hellip;]<\/p>\n","protected":false},"author":1,"featured_media":0,"comment_status":"","ping_status":"open","sticky":false,"template":"","format":"standard","meta":{"_uag_custom_page_level_css":"","site-sidebar-layout":"default","site-content-layout":"","ast-site-content-layout":"default","site-content-style":"default","site-sidebar-style":"default","ast-global-header-display":"","ast-banner-title-visibility":"","ast-main-header-display":"","ast-hfb-above-header-display":"","ast-hfb-below-header-display":"","ast-hfb-mobile-header-display":"","site-post-title":"","ast-breadcrumbs-content":"","ast-featured-img":"","footer-sml-layout":"","ast-disable-related-posts":"","theme-transparent-header-meta":"","adv-header-id-meta":"","stick-header-meta":"","header-above-stick-meta":"","header-main-stick-meta":"","header-below-stick-meta":"","astra-migrate-meta-layouts":"default","ast-page-background-enabled":"default","ast-page-background-meta":{"desktop":{"background-color":"var(--ast-global-color-5)","background-image":"","background-repeat":"repeat","background-position":"center center","background-size":"auto","background-attachment":"scroll","background-type":"","background-media":"","overlay-type":"","overlay-color":"","overlay-opacity":"","overlay-gradient":""},"tablet":{"background-color":"","background-image":"","background-repeat":"repeat","background-position":"center center","background-size":"auto","background-attachment":"scroll","background-type":"","background-media":"","overlay-type":"","overlay-color":"","overlay-opacity":"","overlay-gradient":""},"mobile":{"background-color":"","background-image":"","background-repeat":"repeat","background-position":"center center","background-size":"auto","background-attachment":"scroll","background-type":"","background-media":"","overlay-type":"","overlay-color":"","overlay-opacity":"","overlay-gradient":""}},"ast-content-background-meta":{"desktop":{"background-color":"var(--ast-global-color-4)","background-image":"","background-repeat":"repeat","background-position":"center center","background-size":"auto","background-attachment":"scroll","background-type":"","background-media":"","overlay-type":"","overlay-color":"","overlay-opacity":"","overlay-gradient":""},"tablet":{"background-color":"var(--ast-global-color-4)","background-image":"","background-repeat":"repeat","background-position":"center center","background-size":"auto","background-attachment":"scroll","background-type":"","background-media":"","overlay-type":"","overlay-color":"","overlay-opacity":"","overlay-gradient":""},"mobile":{"background-color":"var(--ast-global-color-4)","background-image":"","background-repeat":"repeat","background-position":"center center","background-size":"auto","background-attachment":"scroll","background-type":"","background-media":"","overlay-type":"","overlay-color":"","overlay-opacity":"","overlay-gradient":""}},"_jetpack_memberships_contains_paid_content":false,"footnotes":""},"categories":[568],"tags":[1678,1693,1691,1692,141],"class_list":["post-3633","post","type-post","status-publish","format-standard","hentry","category-conference-symposium","tag-2024_03","tag-elasticity","tag-programme","tag-resilience","tag-theater"],"jetpack_featured_media_url":"","uagb_featured_image_src":{"full":false,"thumbnail":false,"medium":false,"medium_large":false,"large":false,"1536x1536":false,"2048x2048":false},"uagb_author_info":{"display_name":"Admin","author_link":"https:\/\/afea.fr\/news\/author\/yanb\/"},"uagb_comment_info":0,"uagb_excerpt":"\u00ab La r\u00e9silience en mots et en corps \/ Resilience in words and bodies \u00bb Journ\u00e9e d\u2019\u00e9tude interdisciplinaire et cr\u00e9ative [&hellip;]","jetpack_sharing_enabled":true,"_links":{"self":[{"href":"https:\/\/afea.fr\/news\/wp-json\/wp\/v2\/posts\/3633"}],"collection":[{"href":"https:\/\/afea.fr\/news\/wp-json\/wp\/v2\/posts"}],"about":[{"href":"https:\/\/afea.fr\/news\/wp-json\/wp\/v2\/types\/post"}],"author":[{"embeddable":true,"href":"https:\/\/afea.fr\/news\/wp-json\/wp\/v2\/users\/1"}],"replies":[{"embeddable":true,"href":"https:\/\/afea.fr\/news\/wp-json\/wp\/v2\/comments?post=3633"}],"version-history":[{"count":0,"href":"https:\/\/afea.fr\/news\/wp-json\/wp\/v2\/posts\/3633\/revisions"}],"wp:attachment":[{"href":"https:\/\/afea.fr\/news\/wp-json\/wp\/v2\/media?parent=3633"}],"wp:term":[{"taxonomy":"category","embeddable":true,"href":"https:\/\/afea.fr\/news\/wp-json\/wp\/v2\/categories?post=3633"},{"taxonomy":"post_tag","embeddable":true,"href":"https:\/\/afea.fr\/news\/wp-json\/wp\/v2\/tags?post=3633"}],"curies":[{"name":"wp","href":"https:\/\/api.w.org\/{rel}","templated":true}]}}