{"id":3507,"date":"2023-11-22T15:22:50","date_gmt":"2023-11-22T14:22:50","guid":{"rendered":"https:\/\/afea.fr\/news\/new\/demande-invitation-conference\/3507\/"},"modified":"2023-11-22T15:26:50","modified_gmt":"2023-11-22T14:26:50","slug":"demande-invitation-conference","status":"publish","type":"post","link":"https:\/\/afea.fr\/news\/conference-symposium\/demande-invitation-conference\/3507\/","title":{"rendered":"Demande invitation conf\u00e9rence"},"content":{"rendered":"<p>Dans le cadre du s\u00e9minaire \u00ab Genre, f\u00e9minismes et politique \u00bb du laboratoire <em>Triangle. Action, discours, pens\u00e9e politique et \u00e9conomique <\/em>de l\u2019universit\u00e9 Lumi\u00e8re Lyon 2, nous vous invitons \u00e0 la pr\u00e9sentation \u00ab 1848 : r\u00e9seaux f\u00e9ministes et connexions abolitionnistes en France et aux Etats-Unis, autour de l\u2019ouvrage de Yohanna Alimi-L\u00e9vy, <em>La d\u00e9mocratie am\u00e9ricaine et les r\u00e9volutions fran\u00e7aises de 1830 et 1848<\/em> (PUPS, Paris, 2023) \u00bb qui aura lieu le <strong>mardi 5 d\u00e9cembre de 14h \u00e0 16h <\/strong>\u00e0 la Maison des Sciences de l\u2019Homme de Lyon, 14 av. Berthelot, <strong>salle \u00c9lise Rivet (4\u00e8 \u00e9tage). <\/strong><\/p>\n<p><strong>Le lien de connexion Zoom est le suivant : <\/strong><\/p>\n<p><strong><a href=\"https:\/\/cnrs.zoom.us\/j\/96661464563?pwd=QUlBeElOM25hNU9jMjBPRjRHQzlLUT09\">https:\/\/cnrs.zoom.us\/j\/96661464563?pwd=QUlBeElOM25hNU9jMjBPRjRHQzlLUT09<\/a><\/strong><\/p>\n<p><strong>ID de r\u00e9union: 966 6146 4563<\/strong><\/p>\n<p><strong>Code secret: XDnp9N<\/strong><\/p>\n<p>Si les \u00ab grandes \u00bb figures du f\u00e9minisme fran\u00e7ais sont souvent ramen\u00e9es \u00e0 Olympe de Gouges ou Simone de Beauvoir, la m\u00e9moire collective semble avoir fait l\u2019impasse sur les \u00ab quarante-huitardes \u00bb. Ces r\u00e9volutionnaires fran\u00e7aises telles Jeanne Deroin et Pauline Roland ont pr\u00f4n\u00e9 la r\u00e9publique d\u00e9mocratique et sociale pendant et apr\u00e8s la r\u00e9volution de f\u00e9vrier 1848. Exil\u00e9es, leurs \u00e9changes avec d\u2019autres f\u00e9ministes du monde entier furent nombreux.<\/p>\n<p>Car 1848 est aussi la date de la premi\u00e8re convention pour les droits des femmes ayant pris place \u00e0 Seneca Falls, aux Etats-Unis. Peu d\u2019ouvrages se sont pench\u00e9s sur le \u00ab moment 48 \u00bb comme <strong>r\u00e9volution f\u00e9ministe franco-am\u00e9ricaine<\/strong>, mettant \u00e0 jour des r\u00e9seaux d\u2019id\u00e9es et une forme de diplomatie f\u00e9ministe informelle sur laquelle la pr\u00e9sentation reviendra en ouvrant de nouvelles perspectives de recherche.<\/p>\n<p><strong>Yohanna Alimi-L\u00e9vy<\/strong> est dipl\u00f4m\u00e9e de l&rsquo;Universit\u00e9 Lyon 2 et de l&rsquo;\u00c9cole Normale Sup\u00e9rieure de Lyon et docteure en civilisation am\u00e9ricaine de l&rsquo;universit\u00e9 Paris-Diderot. Elle est actuellement ma\u00eetresse de conf\u00e9rences en anglais \u00e0 Reichman University.<\/p>\n<p>La conf\u00e9rence sera pr\u00e9sent\u00e9e par <strong>Adeline Vasquez-Parra<\/strong>, ma\u00eetresse de conf\u00e9rence en civilisation am\u00e9ricaine \u00e0 l\u2019universit\u00e9 Lumi\u00e8re Lyon 2.<\/p>\n<p>La conf\u00e9rence sera suivie d\u2019un verre de l\u2019amiti\u00e9 dans <strong>la salle du bar. <\/strong><\/p>\n<p>Bien cordialement,<\/p>\n<p>Adeline Vasquez-Parra<\/p>\n<p>Chantier transversal \u00ab Genre, f\u00e9minismes et politique \u00bb, laboratoire Triangle (UMR, 5206)<\/p>\n<p>Site web : <a href=\"https:\/\/triangle.ens-lyon.fr\/spip.php?rubrique343\">https:\/\/triangle.ens-lyon.fr\/spip.php?rubrique343<\/a><\/p>\n<p><strong>Adeline Vasquez-Parra<\/strong><\/p>\n<p>Ma\u00eetre de conf\u00e9rences en civilisation nord-am\u00e9ricaine<\/p>\n<p>Laboratoire Triangle- UMR 5206<\/p>\n<p>15 parvis Ren\u00e9 Descartes Lyon (France)<\/p>\n","protected":false},"excerpt":{"rendered":"<p>Dans le cadre du s\u00e9minaire \u00ab Genre, f\u00e9minismes et politique \u00bb du laboratoire Triangle. Action, discours, pens\u00e9e politique et \u00e9conomique [&hellip;]<\/p>\n","protected":false},"author":1,"featured_media":0,"comment_status":"closed","ping_status":"open","sticky":false,"template":"","format":"standard","meta":{"_uag_custom_page_level_css":"","site-sidebar-layout":"default","site-content-layout":"","ast-site-content-layout":"default","site-content-style":"default","site-sidebar-style":"default","ast-global-header-display":"","ast-banner-title-visibility":"","ast-main-header-display":"","ast-hfb-above-header-display":"","ast-hfb-below-header-display":"","ast-hfb-mobile-header-display":"","site-post-title":"","ast-breadcrumbs-content":"","ast-featured-img":"","footer-sml-layout":"","ast-disable-related-posts":"","theme-transparent-header-meta":"","adv-header-id-meta":"","stick-header-meta":"","header-above-stick-meta":"","header-main-stick-meta":"","header-below-stick-meta":"","astra-migrate-meta-layouts":"default","ast-page-background-enabled":"default","ast-page-background-meta":{"desktop":{"background-color":"var(--ast-global-color-5)","background-image":"","background-repeat":"repeat","background-position":"center center","background-size":"auto","background-attachment":"scroll","background-type":"","background-media":"","overlay-type":"","overlay-color":"","overlay-opacity":"","overlay-gradient":""},"tablet":{"background-color":"","background-image":"","background-repeat":"repeat","background-position":"center center","background-size":"auto","background-attachment":"scroll","background-type":"","background-media":"","overlay-type":"","overlay-color":"","overlay-opacity":"","overlay-gradient":""},"mobile":{"background-color":"","background-image":"","background-repeat":"repeat","background-position":"center center","background-size":"auto","background-attachment":"scroll","background-type":"","background-media":"","overlay-type":"","overlay-color":"","overlay-opacity":"","overlay-gradient":""}},"ast-content-background-meta":{"desktop":{"background-color":"var(--ast-global-color-4)","background-image":"","background-repeat":"repeat","background-position":"center center","background-size":"auto","background-attachment":"scroll","background-type":"","background-media":"","overlay-type":"","overlay-color":"","overlay-opacity":"","overlay-gradient":""},"tablet":{"background-color":"var(--ast-global-color-4)","background-image":"","background-repeat":"repeat","background-position":"center center","background-size":"auto","background-attachment":"scroll","background-type":"","background-media":"","overlay-type":"","overlay-color":"","overlay-opacity":"","overlay-gradient":""},"mobile":{"background-color":"var(--ast-global-color-4)","background-image":"","background-repeat":"repeat","background-position":"center center","background-size":"auto","background-attachment":"scroll","background-type":"","background-media":"","overlay-type":"","overlay-color":"","overlay-opacity":"","overlay-gradient":""}},"_jetpack_memberships_contains_paid_content":false,"footnotes":""},"categories":[568],"tags":[1264,1677,951,911,402],"class_list":["post-3507","post","type-post","status-publish","format-standard","hentry","category-conference-symposium","tag-democratie","tag-feminismes","tag-genre","tag-politique","tag-revolution"],"jetpack_featured_media_url":"","uagb_featured_image_src":{"full":false,"thumbnail":false,"medium":false,"medium_large":false,"large":false,"1536x1536":false,"2048x2048":false},"uagb_author_info":{"display_name":"Admin","author_link":"https:\/\/afea.fr\/news\/author\/yanb\/"},"uagb_comment_info":0,"uagb_excerpt":"Dans le cadre du s\u00e9minaire \u00ab Genre, f\u00e9minismes et politique \u00bb du laboratoire Triangle. Action, discours, pens\u00e9e politique et \u00e9conomique [&hellip;]","jetpack_sharing_enabled":true,"_links":{"self":[{"href":"https:\/\/afea.fr\/news\/wp-json\/wp\/v2\/posts\/3507"}],"collection":[{"href":"https:\/\/afea.fr\/news\/wp-json\/wp\/v2\/posts"}],"about":[{"href":"https:\/\/afea.fr\/news\/wp-json\/wp\/v2\/types\/post"}],"author":[{"embeddable":true,"href":"https:\/\/afea.fr\/news\/wp-json\/wp\/v2\/users\/1"}],"replies":[{"embeddable":true,"href":"https:\/\/afea.fr\/news\/wp-json\/wp\/v2\/comments?post=3507"}],"version-history":[{"count":1,"href":"https:\/\/afea.fr\/news\/wp-json\/wp\/v2\/posts\/3507\/revisions"}],"predecessor-version":[{"id":3509,"href":"https:\/\/afea.fr\/news\/wp-json\/wp\/v2\/posts\/3507\/revisions\/3509"}],"wp:attachment":[{"href":"https:\/\/afea.fr\/news\/wp-json\/wp\/v2\/media?parent=3507"}],"wp:term":[{"taxonomy":"category","embeddable":true,"href":"https:\/\/afea.fr\/news\/wp-json\/wp\/v2\/categories?post=3507"},{"taxonomy":"post_tag","embeddable":true,"href":"https:\/\/afea.fr\/news\/wp-json\/wp\/v2\/tags?post=3507"}],"curies":[{"name":"wp","href":"https:\/\/api.w.org\/{rel}","templated":true}]}}