{"id":3504,"date":"2023-11-22T15:21:37","date_gmt":"2023-11-22T14:21:37","guid":{"rendered":"https:\/\/afea.fr\/news\/?p=3504"},"modified":"2023-11-22T15:26:41","modified_gmt":"2023-11-22T14:26:41","slug":"sem-annonce-a-diffuser","status":"publish","type":"post","link":"https:\/\/afea.fr\/news\/seminar\/sem-annonce-a-diffuser\/3504\/","title":{"rendered":"SEM &#8211; annonce \u00e0 diffuser"},"content":{"rendered":"<p>Ch\u00e8re Carline,<\/p>\n<p>Je vous remercie de bien vouloir diffuser l&rsquo;annonce de s\u00e9minaire ci-dessous.<br \/>\nBien cordialement,<br \/>\nBrigitte F\u00e9lix<\/p>\n<p>Ch\u00e8r.es toutes et tous,<br \/>\n<strong><\/strong>Pour sa deuxi\u00e8me s\u00e9ance de l&rsquo;ann\u00e9e 2023-2024, <strong>LILAC (Laboratoire Inter-universitaire de Litt\u00e9rature Am\u00e9ricaine Contemporaine) organise un<\/strong><\/p>\n<p><strong>S\u00e9minaire autour de l&rsquo;ouvrage de Mathieu Duplay: <em>Les \u0153uvres sc\u00e9niques de John Adams (<\/em>Honor\u00e9 Champion, 2023)<\/strong><\/p>\n<p>En pr\u00e9sence de l&rsquo;auteur.<\/p>\n<p><a href=\"https:\/\/i0.wp.com\/afea.fr\/news\/wp-content\/uploads\/sites\/2\/2023\/11\/Couv_Duplay_Adams-271x400-1.jpg?ssl=1\" rel=\"attachment wp-att-3505\"><img data-recalc-dims=\"1\" loading=\"lazy\" decoding=\"async\" src=\"https:\/\/i0.wp.com\/afea.fr\/news\/wp-content\/uploads\/sites\/2\/2023\/11\/Couv_Duplay_Adams-271x400-1.jpg?resize=1024%2C1024&#038;ssl=1\" alt=\"\" title=\"couv_duplay_adams-271x400-1-jpg\" width=\"1024\" height=\"1024\" class=\"alignnone size-full wp-image-3505\" \/><\/a><\/p>\n<p>Interventions de Christine Savinel (Professeure \u00e9m\u00e9rite, Sorbonne Nouvelle), Marie Olivier (IMAGER, Paris-Est Cr\u00e9teil), B\u00e9atrice Pire (Prismes, Sorbonne Nouvelle)<\/p>\n<p><strong>Vendredi 24 novembre 2023 15h-17h<\/strong><br \/>\n<strong>Salle polyvalente 2<\/strong><br \/>\nMaison de la Recherche Sorbonne-Nouvelle<br \/>\n4 rue des Irlandais<br \/>\n75005 Paris<\/p>\n<p><strong>Lien de connexion:<\/strong><br \/>\n<a href=\"http:\/\/meet.google.com\/whn-kjmo-vbn\">meet.google.com\/whn-kjmo-vbn<\/a><\/p>\n<p>R\u00e9sum\u00e9 : Si John Adams compte parmi les compositeurs contemporains les plus en vue, son \u0153uvre continue de susciter des malentendus, en France mais aussi (pour d\u2019autres raisons) dans son pays d\u2019origine. Il est vrai que son th\u00e9\u00e2tre a de quoi d\u00e9router : auteur de six op\u00e9ras, de deux oratorios sc\u00e9niques et d\u2019un musical, Adams y \u00e9labore un art du d\u00e9tournement qui interroge les hi\u00e9rarchies esth\u00e9tiques. Ni conservateur, ni rebelle, il pr\u00e9f\u00e8re une pratique du pas de c\u00f4t\u00e9 qui rend cette opposition inop\u00e9rante. Il regarde moins vers l\u2019Europe que vers l\u2019Asie et le monde hispanophone ; il s\u2019agit pour lui d\u2019op\u00e9rer un d\u00e9centrement f\u00e9cond, de diriger l\u2019attention vers les marges de la soci\u00e9t\u00e9 et de la culture am\u00e9ricaines afin de faire comprendre l\u2019importance de ce qui s\u2019y joue. C\u2019est ce qui conf\u00e8re \u00e0 son th\u00e9\u00e2tre sa remarquable port\u00e9e critique. Si Adams s\u2019y plie aux conventions formelles du grand op\u00e9ra historique ou de l\u2019oratorio, ce n\u2019est pas par conservatisme, mais pour en faire un miroir tendu \u00e0 l\u2019Am\u00e9rique \u00e0 la faveur d\u2019une entreprise de d\u00e9familiarisation qui doit beaucoup \u00e0 Brecht. D\u2019o\u00f9 son extr\u00eame int\u00e9r\u00eat pour la litt\u00e9rature, dont il appr\u00e9cie plus que tout la capacit\u00e9 de questionnement.<\/p>\n<p>Brigitte F\u00e9lix<br \/>\nPR, Litt\u00e9rature am\u00e9ricaine<br \/>\nDirectrice de l&rsquo;\u00c9cole doctorale 31 \u00ab\u00a0Pratiques et th\u00e9ories du sens\u00a0\u00bb<br \/>\n<a href=\"https:\/\/sens.univ-paris8.fr\/\">https:\/\/sens.univ-paris8.fr<\/a><br \/>\nMembre de l&rsquo;UR TransCrit (mondes anglophones)<br \/>\n<a href=\"https:\/\/transcrit.univ-paris8.fr\/\">https:\/\/transcrit.univ-paris8.fr<\/a><br \/>\nUniversit\u00e9 Paris 8<br \/>\nUFR LLCE-LEA<br \/>\nD\u00e9partement d&rsquo;Etudes des Pays Anglophones<br \/>\nbrigitte.felix<\/p>\n","protected":false},"excerpt":{"rendered":"<p>Ch\u00e8re Carline, Je vous remercie de bien vouloir diffuser l&rsquo;annonce de s\u00e9minaire ci-dessous. Bien cordialement, Brigitte F\u00e9lix Ch\u00e8r.es toutes et [&hellip;]<\/p>\n","protected":false},"author":1,"featured_media":0,"comment_status":"closed","ping_status":"open","sticky":false,"template":"","format":"standard","meta":{"_uag_custom_page_level_css":"","site-sidebar-layout":"default","site-content-layout":"","ast-site-content-layout":"default","site-content-style":"default","site-sidebar-style":"default","ast-global-header-display":"","ast-banner-title-visibility":"","ast-main-header-display":"","ast-hfb-above-header-display":"","ast-hfb-below-header-display":"","ast-hfb-mobile-header-display":"","site-post-title":"","ast-breadcrumbs-content":"","ast-featured-img":"","footer-sml-layout":"","ast-disable-related-posts":"","theme-transparent-header-meta":"","adv-header-id-meta":"","stick-header-meta":"","header-above-stick-meta":"","header-main-stick-meta":"","header-below-stick-meta":"","astra-migrate-meta-layouts":"default","ast-page-background-enabled":"default","ast-page-background-meta":{"desktop":{"background-color":"var(--ast-global-color-5)","background-image":"","background-repeat":"repeat","background-position":"center center","background-size":"auto","background-attachment":"scroll","background-type":"","background-media":"","overlay-type":"","overlay-color":"","overlay-opacity":"","overlay-gradient":""},"tablet":{"background-color":"","background-image":"","background-repeat":"repeat","background-position":"center center","background-size":"auto","background-attachment":"scroll","background-type":"","background-media":"","overlay-type":"","overlay-color":"","overlay-opacity":"","overlay-gradient":""},"mobile":{"background-color":"","background-image":"","background-repeat":"repeat","background-position":"center center","background-size":"auto","background-attachment":"scroll","background-type":"","background-media":"","overlay-type":"","overlay-color":"","overlay-opacity":"","overlay-gradient":""}},"ast-content-background-meta":{"desktop":{"background-color":"var(--ast-global-color-4)","background-image":"","background-repeat":"repeat","background-position":"center center","background-size":"auto","background-attachment":"scroll","background-type":"","background-media":"","overlay-type":"","overlay-color":"","overlay-opacity":"","overlay-gradient":""},"tablet":{"background-color":"var(--ast-global-color-4)","background-image":"","background-repeat":"repeat","background-position":"center center","background-size":"auto","background-attachment":"scroll","background-type":"","background-media":"","overlay-type":"","overlay-color":"","overlay-opacity":"","overlay-gradient":""},"mobile":{"background-color":"var(--ast-global-color-4)","background-image":"","background-repeat":"repeat","background-position":"center center","background-size":"auto","background-attachment":"scroll","background-type":"","background-media":"","overlay-type":"","overlay-color":"","overlay-opacity":"","overlay-gradient":""}},"_jetpack_memberships_contains_paid_content":false,"footnotes":""},"categories":[100],"tags":[1239,711,1676],"class_list":["post-3504","post","type-post","status-publish","format-standard","hentry","category-seminar","tag-john-adams","tag-litterature","tag-mathieu-duplay"],"jetpack_featured_media_url":"","uagb_featured_image_src":{"full":false,"thumbnail":false,"medium":false,"medium_large":false,"large":false,"1536x1536":false,"2048x2048":false},"uagb_author_info":{"display_name":"Admin","author_link":"https:\/\/afea.fr\/news\/author\/yanb\/"},"uagb_comment_info":0,"uagb_excerpt":"Ch\u00e8re Carline, Je vous remercie de bien vouloir diffuser l&rsquo;annonce de s\u00e9minaire ci-dessous. Bien cordialement, Brigitte F\u00e9lix Ch\u00e8r.es toutes et [&hellip;]","jetpack_sharing_enabled":true,"_links":{"self":[{"href":"https:\/\/afea.fr\/news\/wp-json\/wp\/v2\/posts\/3504"}],"collection":[{"href":"https:\/\/afea.fr\/news\/wp-json\/wp\/v2\/posts"}],"about":[{"href":"https:\/\/afea.fr\/news\/wp-json\/wp\/v2\/types\/post"}],"author":[{"embeddable":true,"href":"https:\/\/afea.fr\/news\/wp-json\/wp\/v2\/users\/1"}],"replies":[{"embeddable":true,"href":"https:\/\/afea.fr\/news\/wp-json\/wp\/v2\/comments?post=3504"}],"version-history":[{"count":2,"href":"https:\/\/afea.fr\/news\/wp-json\/wp\/v2\/posts\/3504\/revisions"}],"predecessor-version":[{"id":3579,"href":"https:\/\/afea.fr\/news\/wp-json\/wp\/v2\/posts\/3504\/revisions\/3579"}],"wp:attachment":[{"href":"https:\/\/afea.fr\/news\/wp-json\/wp\/v2\/media?parent=3504"}],"wp:term":[{"taxonomy":"category","embeddable":true,"href":"https:\/\/afea.fr\/news\/wp-json\/wp\/v2\/categories?post=3504"},{"taxonomy":"post_tag","embeddable":true,"href":"https:\/\/afea.fr\/news\/wp-json\/wp\/v2\/tags?post=3504"}],"curies":[{"name":"wp","href":"https:\/\/api.w.org\/{rel}","templated":true}]}}