{"id":3495,"date":"2023-11-22T15:08:09","date_gmt":"2023-11-22T14:08:09","guid":{"rendered":"https:\/\/afea.fr\/news\/cfp\/col-voyages-dans-les-systemes-obscurs-les-23-24-et-25-novembre-2023-a-la-generale-39-rue-gassendi-paris-14\/3495\/"},"modified":"2023-11-22T15:15:47","modified_gmt":"2023-11-22T14:15:47","slug":"col-voyages-dans-les-systemes-obscurs-les-23-24-et-25-novembre-2023-a-la-generale-39-rue-gassendi-paris-14","status":"publish","type":"post","link":"https:\/\/afea.fr\/news\/conference-symposium\/col-voyages-dans-les-systemes-obscurs-les-23-24-et-25-novembre-2023-a-la-generale-39-rue-gassendi-paris-14\/3495\/","title":{"rendered":"COL \u00ab\u00a0Voyages dans les syst\u00e8mes obscurs\u00a0\u00bb les 23, 24 et 25 novembre 2023 \u00e0 la G\u00e9n\u00e9rale , 39 rue Gassendi, Paris 14"},"content":{"rendered":"<p><strong>Voyages dans les syst\u00e8mes obscurs<\/strong><br \/>\n<strong>Les 23, 24 et 25 novembre 2023<\/strong><\/p>\n<p>Colloque \u00e0 la G\u00e9n\u00e9rale, 39 rue Gassendi, Paris 14<br \/>\nEntr\u00e9e libre mais r\u00e9servation n\u00e9cessaire ici<br \/>\n<a href=\"https:\/\/voyagesdanslessystemesobscurs.org\/\">https:\/\/voyagesdanslessystemesobscurs.org\/<\/a><\/p>\n<p>Le colloque \u00ab Voyages dans les syst\u00e8mes obscurs \u00bb propose des enqu\u00eates dans les infrastructures logistiques cach\u00e9es, dans les r\u00e9seaux de pouvoir globalis\u00e9s, ainsi que dans les syst\u00e8mes d\u2019invisibilisation en tant que tels. Par \u00ab obscur \u00bb, nous d\u00e9signons l\u2019envers du d\u00e9cor. Il s\u2019agit d\u2019explorer les rouages de notre mode de vie : data centers, entrep\u00f4ts logistiques, mines, r\u00e9seaux de trottinettes en libre service, voitures automatis\u00e9es, banques d\u2019images, plateformes de r\u00e9servation, conteneurs de fret, satellites\u2026<\/p>\n<p>Nicolas Bailleul, Guillaume Boissinot, Clotilde B\u00f4mont, Vincent Bonnefille, Hortense Boulais-Ifr\u00e8ne, Pierre Cassou-Nogu\u00e8s, Angelica Ceccato, Rapha\u00ebl Costa et Julien Pr\u00e9vieux, St\u00e9phane Degoutin et Aymeric Duriez, Judith Deschamps, Mathias Fuchs, Lorena Lisembard, Baptiste Loreaux, Niccol\u00f2 Monti, Antonin Premillieu, Diane Rabreau et Audrey Carmes, Arnaud Regnauld, Tania Ruiz et Maria Hellstr\u00f6m, Mario Santamar\u00eda, Cl\u00e9mence Seurat Gwenola Wagon.<\/p>\n<p><strong>Pr\u00e9sentation<\/strong><br \/>\nOn ne compte plus les descriptions de vaisseaux volants, de conqu\u00eate spatiale, d\u2019andro\u00efdes, de zombies, ou de ruines post apocalyptiques. Mais aucun des innombrables r\u00e9cits de science\u2010fiction produits au XXe si\u00e8cle n\u2019avait envisag\u00e9 que l\u2019innovation technologique se focaliserait sur les hangars de stockage. Que le d\u00e9ploiement de plateformes logistiques permettraient de devenir l\u2019humain le plus riche du monde. Que les centres de traitement de donn\u00e9es et les c\u00e2bles qui les relient formeraient l\u2019ossature de notre mode de vie. Que des \u00eeles tropicales d\u00e9sorganiseraient la finance mondiale. Que des intelligences artificielles rivaliseraient avec notre imagination. Que la locomotion en free floating parasiterait les villes. Que nos repas seraient pr\u00e9par\u00e9s dans des cuisines secr\u00e8tes. Que l\u2019essor des t\u00e9l\u00e9communications nous confinerait \u00e0 la maison. Que le traitement des donn\u00e9es en ligne mobiliserait des millions de t\u00e9l\u00e9travailleurs.<\/p>\n<p>Ce sont pourtant les infrastructures, dans ce qu\u2019elles ont de plus prosa\u00efque ou\/et de plus mat\u00e9riel \u2013 data centers, entrep\u00f4ts logistiques, mines, r\u00e9seaux de trottinettes en libre service, voitures automatis\u00e9es, banques d\u2019images, plateformes de r\u00e9servation, conteneurs de fret, satellites\u2026 \u2013, qui forment l\u2019assise rendant possible la \u00ab soci\u00e9t\u00e9\u2010nuage \u00bb. L\u2019expression \u00ab soci\u00e9t\u00e9\u2010nuage \u00bb d\u00e9signe l\u2019illusion que nous avons de vivre au sein d\u2019un immense nuage, duquel tombent comme par magie des informations, des produits, du travail, des divertissements, des plats cuisin\u00e9s, des chauffeurs, des relations potentielles\u2026 Toute information, toute chose, toute personne est accessible en un clic. Chaque d\u00e9sir est exauc\u00e9, chaque action optimis\u00e9e.<\/p>\n<p>Bien s\u00fbr, dans la r\u00e9alit\u00e9, ce nuage repose sur des infrastructures immenses et indubitablement mat\u00e9rielles. Mais celles\u2010ci restent en grande partie invisibles. La premi\u00e8re raison de cette invisibilit\u00e9 est certainement que le sujet n\u2019est pas consid\u00e9r\u00e9 comme tr\u00e8s attrayant. Ses implications autres que techniques ne sautent pas aux yeux ; il est donc abandonn\u00e9 aux sp\u00e9cialistes. Les syst\u00e8mes techniques sont complexes. Les lieux eux\u2010m\u00eames sont souvent \u00e9loign\u00e9s des quartiers d\u2019habitation, diss\u00e9min\u00e9s aux confins des p\u00e9riph\u00e9ries des grandes villes, inaccessibles, et d\u2019aspect peu spectaculaire. Enfin, des strat\u00e9gies volontaires d\u2019offuscation et\/ou de greenwashing parach\u00e8vent cette dissimulation.<\/p>\n<p>Afin de ne pas laisser aux ing\u00e9nieurs, techniciens et managers le monopole sur ces questions, le colloque\/atelier\/laboratoire \u00ab Voyages dans les syst\u00e8mes obscurs \u00bb propose des enqu\u00eates dans des syst\u00e8mes techniques invisibilis\u00e9s. Par \u00ab obscur \u00bb, nous d\u00e9signons l\u2019envers du d\u00e9cor. Il s\u2019agit d\u2019explorer les rouages cach\u00e9s de la soci\u00e9t\u00e9\u2010nuage : les infrastructures logistiques, les r\u00e9seaux de pouvoir globalis\u00e9s, ainsi que les syst\u00e8mes d\u2019invisibilisation en tant que tels.<\/p>\n<p><strong>Organisation<\/strong><br \/>\nPierre Cassou-Nogu\u00e8s, St\u00e9phane Degoutin, Arnaud Regnauld et Gwenola Wagon.<\/p>\n<p><strong>\u00c9quipe scientifique<\/strong><br \/>\nPierre Cassou-Nogu\u00e8s, Angelica Ceccato, Nicolas Bailleul, Guillaume Boissinot, Vincent Bonnefille, Hortense Boulais, St\u00e9phane Degoutin, Judith Deschamps, Marie Lechner, Baptiste Loreaux, Arnaud Regnauld, Raffard-Roussel, Aniara Rodado, Tania Ruiz et Gwenola Wagon.<\/p>\n<p><strong>Projet soutenu par<\/strong><br \/>\n\u00c9cole Universitaire de Recherche (EUR) ArTeC<br \/>\nLaboratoire d\u2019\u00e9tudes et de recherches sur les logiques contemporaines de la philosophie, LLCP, EA 4008<br \/>\nTransCrit, Transferts Critiques anglophones EA1569<br \/>\nTh\u00e9orie Exp\u00e9rimentation Arts M\u00e9dias et Design (TEAMeD), EA 4010 AIAC.<\/p>\n<p><strong>Site web<\/strong><br \/>\nVincent Bonnefille<\/p>\n<p><strong>Affiche<\/strong><br \/>\nHortense Boulais<\/p>\n","protected":false},"excerpt":{"rendered":"<p>Voyages dans les syst\u00e8mes obscurs Les 23, 24 et 25 novembre 2023 Colloque \u00e0 la G\u00e9n\u00e9rale, 39 rue Gassendi, Paris [&hellip;]<\/p>\n","protected":false},"author":1,"featured_media":0,"comment_status":"closed","ping_status":"open","sticky":false,"template":"","format":"standard","meta":{"_uag_custom_page_level_css":"","site-sidebar-layout":"default","site-content-layout":"","ast-site-content-layout":"default","site-content-style":"default","site-sidebar-style":"default","ast-global-header-display":"","ast-banner-title-visibility":"","ast-main-header-display":"","ast-hfb-above-header-display":"","ast-hfb-below-header-display":"","ast-hfb-mobile-header-display":"","site-post-title":"","ast-breadcrumbs-content":"","ast-featured-img":"","footer-sml-layout":"","ast-disable-related-posts":"","theme-transparent-header-meta":"","adv-header-id-meta":"","stick-header-meta":"","header-above-stick-meta":"","header-main-stick-meta":"","header-below-stick-meta":"","astra-migrate-meta-layouts":"default","ast-page-background-enabled":"default","ast-page-background-meta":{"desktop":{"background-color":"var(--ast-global-color-5)","background-image":"","background-repeat":"repeat","background-position":"center center","background-size":"auto","background-attachment":"scroll","background-type":"","background-media":"","overlay-type":"","overlay-color":"","overlay-opacity":"","overlay-gradient":""},"tablet":{"background-color":"","background-image":"","background-repeat":"repeat","background-position":"center center","background-size":"auto","background-attachment":"scroll","background-type":"","background-media":"","overlay-type":"","overlay-color":"","overlay-opacity":"","overlay-gradient":""},"mobile":{"background-color":"","background-image":"","background-repeat":"repeat","background-position":"center center","background-size":"auto","background-attachment":"scroll","background-type":"","background-media":"","overlay-type":"","overlay-color":"","overlay-opacity":"","overlay-gradient":""}},"ast-content-background-meta":{"desktop":{"background-color":"var(--ast-global-color-4)","background-image":"","background-repeat":"repeat","background-position":"center center","background-size":"auto","background-attachment":"scroll","background-type":"","background-media":"","overlay-type":"","overlay-color":"","overlay-opacity":"","overlay-gradient":""},"tablet":{"background-color":"var(--ast-global-color-4)","background-image":"","background-repeat":"repeat","background-position":"center center","background-size":"auto","background-attachment":"scroll","background-type":"","background-media":"","overlay-type":"","overlay-color":"","overlay-opacity":"","overlay-gradient":""},"mobile":{"background-color":"var(--ast-global-color-4)","background-image":"","background-repeat":"repeat","background-position":"center center","background-size":"auto","background-attachment":"scroll","background-type":"","background-media":"","overlay-type":"","overlay-color":"","overlay-opacity":"","overlay-gradient":""}},"_jetpack_memberships_contains_paid_content":false,"footnotes":""},"categories":[568],"tags":[1666,1667,1668,1665,1669],"class_list":["post-3495","post","type-post","status-publish","format-standard","hentry","category-conference-symposium","tag-greenwashing","tag-infrastructures","tag-logistique","tag-plateformes","tag-reseaux"],"jetpack_featured_media_url":"","uagb_featured_image_src":{"full":false,"thumbnail":false,"medium":false,"medium_large":false,"large":false,"1536x1536":false,"2048x2048":false},"uagb_author_info":{"display_name":"Admin","author_link":"https:\/\/afea.fr\/news\/author\/yanb\/"},"uagb_comment_info":0,"uagb_excerpt":"Voyages dans les syst\u00e8mes obscurs Les 23, 24 et 25 novembre 2023 Colloque \u00e0 la G\u00e9n\u00e9rale, 39 rue Gassendi, Paris [&hellip;]","jetpack_sharing_enabled":true,"_links":{"self":[{"href":"https:\/\/afea.fr\/news\/wp-json\/wp\/v2\/posts\/3495"}],"collection":[{"href":"https:\/\/afea.fr\/news\/wp-json\/wp\/v2\/posts"}],"about":[{"href":"https:\/\/afea.fr\/news\/wp-json\/wp\/v2\/types\/post"}],"author":[{"embeddable":true,"href":"https:\/\/afea.fr\/news\/wp-json\/wp\/v2\/users\/1"}],"replies":[{"embeddable":true,"href":"https:\/\/afea.fr\/news\/wp-json\/wp\/v2\/comments?post=3495"}],"version-history":[{"count":1,"href":"https:\/\/afea.fr\/news\/wp-json\/wp\/v2\/posts\/3495\/revisions"}],"predecessor-version":[{"id":3501,"href":"https:\/\/afea.fr\/news\/wp-json\/wp\/v2\/posts\/3495\/revisions\/3501"}],"wp:attachment":[{"href":"https:\/\/afea.fr\/news\/wp-json\/wp\/v2\/media?parent=3495"}],"wp:term":[{"taxonomy":"category","embeddable":true,"href":"https:\/\/afea.fr\/news\/wp-json\/wp\/v2\/categories?post=3495"},{"taxonomy":"post_tag","embeddable":true,"href":"https:\/\/afea.fr\/news\/wp-json\/wp\/v2\/tags?post=3495"}],"curies":[{"name":"wp","href":"https:\/\/api.w.org\/{rel}","templated":true}]}}