{"id":3494,"date":"2023-11-22T15:04:57","date_gmt":"2023-11-22T14:04:57","guid":{"rendered":"https:\/\/afea.fr\/news\/conference-symposium\/je-8-decembre-universite-de-lille-cecille-histoires-policieres-archives-judiciaires-et-carcans-linguistiques\/3494\/"},"modified":"2023-11-22T15:04:57","modified_gmt":"2023-11-22T14:04:57","slug":"je-8-decembre-universite-de-lille-cecille-histoires-policieres-archives-judiciaires-et-carcans-linguistiques","status":"publish","type":"post","link":"https:\/\/afea.fr\/news\/conference-symposium\/je-8-decembre-universite-de-lille-cecille-histoires-policieres-archives-judiciaires-et-carcans-linguistiques\/3494\/","title":{"rendered":"JE 8 d\u00e9cembre, Universit\u00e9 de Lille (CECILLE) : Histoires polici\u00e8res, archives judiciaires et  carcans linguistiques"},"content":{"rendered":"<p>Cher.e.s coll\u00e8gues<\/p>\n<p>Nous avons le plaisir de vous faire parvenir ci-dessous le programme de la premi\u00e8re journ\u00e9e d\u2019\u00e9tude \u201c<strong>G\u00e9n\u00e9alogies am\u00e9ricaines<\/strong>\u201d 2023-2024 du s\u00e9minaire \u201cLes Am\u00e9riques\u201d (CECILLE, Universit\u00e9 de Lille). Elle est organis\u00e9e en collaboration avec l\u2019Axe \u201cPo\u00ef\u00e9tique et Politique\u201d (CECILLE, Universit\u00e9 de Lille).<\/p>\n<p>Intitul\u00e9e <strong>\u201cHistoires polici\u00e8res, archives judiciaires et carcans linguistiques\u201d<\/strong>, elle se d\u00e9roulera <strong>vendredi 8 d\u00e9cembre \u00e0 l\u2019Universit\u00e9 de Lille<\/strong>, Campus Pont-de-Bois, salle <strong>B0. 553. <\/strong><\/p>\n<p>Nous \u00e9couterons les interventions suivantes :<\/p>\n<p>10h00. Mario Alvarez (Univ. Paris Nanterre) ; Daniel Ram\u00edrez (Univ. Lille) : \u201cDe l&rsquo;archive polici\u00e8re au fait divers : regards crois\u00e9s entre histoire et litt\u00e9rature, Nouvelle Grenade (18e si\u00e8cle), et Mexique (21e si\u00e8cle).\u201d<\/p>\n<p>10h45. Naomi Toth (Univ. Paris Nanterre) : \u201cL&rsquo;espace carc\u00e9ral dans les arts et la po\u00e9sie documentaire \u00e9tats-uniens.\u201d<\/p>\n<p>11h30. Marine Poirier (Univ. Lille) : \u00ab\u00a0Policial, policiaco, polic\u00edaco : de multiples voies pour construire un genre. Exploration s\u00e9mantique d&rsquo;une alternance suffixale.\u00a0\u00bb<\/p>\n<p>14h00. Beno\u00eet Tadi\u00e9 (Univ. Paris Nanterre) : \u00ab\u00a0Contre-g\u00e9n\u00e9alogies criminelles. R\u00e9flexions sur la litt\u00e9rature true crime aux Etats-Unis.\u00a0\u00bb<\/p>\n<p>14h45. Fr\u00e9d\u00e9ric Sylvanise (Univ. Paris Nord) : \u201cG\u00e9n\u00e9alogies linguistiques dans la Renaissance de Harlem : \u00e9crire britannique ou am\u00e9ricain ?\u201d<\/p>\n<p>Nous esp\u00e9rons vous y voir nombreux.ses !<\/p>\n<p>&#8212;<\/p>\n<p>H\u00e9l\u00e8ne Cottet pour les organisateur.ices<\/p>\n","protected":false},"excerpt":{"rendered":"<p>Cher.e.s coll\u00e8gues Nous avons le plaisir de vous faire parvenir ci-dessous le programme de la premi\u00e8re journ\u00e9e d\u2019\u00e9tude \u201cG\u00e9n\u00e9alogies am\u00e9ricaines\u201d [&hellip;]<\/p>\n","protected":false},"author":1,"featured_media":0,"comment_status":"","ping_status":"open","sticky":false,"template":"","format":"standard","meta":{"_uag_custom_page_level_css":"","site-sidebar-layout":"default","site-content-layout":"","ast-site-content-layout":"default","site-content-style":"default","site-sidebar-style":"default","ast-global-header-display":"","ast-banner-title-visibility":"","ast-main-header-display":"","ast-hfb-above-header-display":"","ast-hfb-below-header-display":"","ast-hfb-mobile-header-display":"","site-post-title":"","ast-breadcrumbs-content":"","ast-featured-img":"","footer-sml-layout":"","ast-disable-related-posts":"","theme-transparent-header-meta":"","adv-header-id-meta":"","stick-header-meta":"","header-above-stick-meta":"","header-main-stick-meta":"","header-below-stick-meta":"","astra-migrate-meta-layouts":"default","ast-page-background-enabled":"default","ast-page-background-meta":{"desktop":{"background-color":"var(--ast-global-color-5)","background-image":"","background-repeat":"repeat","background-position":"center center","background-size":"auto","background-attachment":"scroll","background-type":"","background-media":"","overlay-type":"","overlay-color":"","overlay-opacity":"","overlay-gradient":""},"tablet":{"background-color":"","background-image":"","background-repeat":"repeat","background-position":"center center","background-size":"auto","background-attachment":"scroll","background-type":"","background-media":"","overlay-type":"","overlay-color":"","overlay-opacity":"","overlay-gradient":""},"mobile":{"background-color":"","background-image":"","background-repeat":"repeat","background-position":"center center","background-size":"auto","background-attachment":"scroll","background-type":"","background-media":"","overlay-type":"","overlay-color":"","overlay-opacity":"","overlay-gradient":""}},"ast-content-background-meta":{"desktop":{"background-color":"var(--ast-global-color-4)","background-image":"","background-repeat":"repeat","background-position":"center center","background-size":"auto","background-attachment":"scroll","background-type":"","background-media":"","overlay-type":"","overlay-color":"","overlay-opacity":"","overlay-gradient":""},"tablet":{"background-color":"var(--ast-global-color-4)","background-image":"","background-repeat":"repeat","background-position":"center center","background-size":"auto","background-attachment":"scroll","background-type":"","background-media":"","overlay-type":"","overlay-color":"","overlay-opacity":"","overlay-gradient":""},"mobile":{"background-color":"var(--ast-global-color-4)","background-image":"","background-repeat":"repeat","background-position":"center center","background-size":"auto","background-attachment":"scroll","background-type":"","background-media":"","overlay-type":"","overlay-color":"","overlay-opacity":"","overlay-gradient":""}},"_jetpack_memberships_contains_paid_content":false,"footnotes":""},"categories":[568],"tags":[1663,1661,1513,1662,1664],"class_list":["post-3494","post","type-post","status-publish","format-standard","hentry","category-conference-symposium","tag-crime","tag-genealogies","tag-justice","tag-prison","tag-true-crime"],"jetpack_featured_media_url":"","uagb_featured_image_src":{"full":false,"thumbnail":false,"medium":false,"medium_large":false,"large":false,"1536x1536":false,"2048x2048":false},"uagb_author_info":{"display_name":"Admin","author_link":"https:\/\/afea.fr\/news\/author\/yanb\/"},"uagb_comment_info":0,"uagb_excerpt":"Cher.e.s coll\u00e8gues Nous avons le plaisir de vous faire parvenir ci-dessous le programme de la premi\u00e8re journ\u00e9e d\u2019\u00e9tude \u201cG\u00e9n\u00e9alogies am\u00e9ricaines\u201d [&hellip;]","jetpack_sharing_enabled":true,"_links":{"self":[{"href":"https:\/\/afea.fr\/news\/wp-json\/wp\/v2\/posts\/3494"}],"collection":[{"href":"https:\/\/afea.fr\/news\/wp-json\/wp\/v2\/posts"}],"about":[{"href":"https:\/\/afea.fr\/news\/wp-json\/wp\/v2\/types\/post"}],"author":[{"embeddable":true,"href":"https:\/\/afea.fr\/news\/wp-json\/wp\/v2\/users\/1"}],"replies":[{"embeddable":true,"href":"https:\/\/afea.fr\/news\/wp-json\/wp\/v2\/comments?post=3494"}],"version-history":[{"count":0,"href":"https:\/\/afea.fr\/news\/wp-json\/wp\/v2\/posts\/3494\/revisions"}],"wp:attachment":[{"href":"https:\/\/afea.fr\/news\/wp-json\/wp\/v2\/media?parent=3494"}],"wp:term":[{"taxonomy":"category","embeddable":true,"href":"https:\/\/afea.fr\/news\/wp-json\/wp\/v2\/categories?post=3494"},{"taxonomy":"post_tag","embeddable":true,"href":"https:\/\/afea.fr\/news\/wp-json\/wp\/v2\/tags?post=3494"}],"curies":[{"name":"wp","href":"https:\/\/api.w.org\/{rel}","templated":true}]}}