{"id":3488,"date":"2023-11-13T10:02:12","date_gmt":"2023-11-13T09:02:12","guid":{"rendered":"https:\/\/afea.fr\/news\/soutenance\/soutenance-marion-marchet\/3488\/"},"modified":"2023-11-13T10:02:12","modified_gmt":"2023-11-13T09:02:12","slug":"soutenance-marion-marchet","status":"publish","type":"post","link":"https:\/\/afea.fr\/news\/soutenance\/soutenance-marion-marchet\/3488\/","title":{"rendered":"Soutenance Marion Marchet"},"content":{"rendered":"<p>Cher\u00b7es coll\u00e8gues,<\/p>\n<p>J&rsquo;ai le plaisir de vous convier \u00e0 ma soutenance de th\u00e8se, qui aura lieu le samedi 25 novembre 2023 de 9h30 \u00e0 13h30 \u00e0 Sorbonne Universit\u00e9.<\/p>\n<p>Afin de faciliter l&rsquo;organisation, j&rsquo;invite celles et ceux qui souhaitent y participer \u00e0 remplir ce formulaire : <a href=\"https:\/\/forms.gle\/xSAfxhJxzgA7wZnN6\">https:\/\/forms.gle\/xSAfxhJxzgA7wZnN6<\/a><\/p>\n<p>Bien cordialement,<\/p>\n<p>Marion Marchet<\/p>\n<p>marion.marchet@sorbonne-universite.fr<\/p>\n<p><strong><strong><em>\u00ab <\/em><\/strong><strong><em>Participations politiques et mobilisations sociales des Africain\u00b7es-Am\u00e9ricain\u00b7es avant Black Lives Matter : Le cas d\u2019Euclid, Ohio (1967-2008) \u00bb<\/em><\/strong><\/strong><\/p>\n<p>Sous la direction de : M. Andrew J. DIAMOND \u2013 Professeur, Sorbonne Universit\u00e9 (Lettres)<\/p>\n<p>Membres du jury :<\/p>\n<p>Mme Nathalie CARON \u2013 Professeure, Sorbonne Universit\u00e9 (Lettres)<br \/>\nM. James COHEN \u2013 Professeur \u00e9m\u00e9rite, Universit\u00e9 Sorbonne Nouvelle<br \/>\nMme Elsa DEVIENNE \u2013 Ma\u00eetresse de Conf\u00e9rence, Northumbria University<br \/>\nM. Romain HURET \u2013 Directeur d\u2019\u00e9tudes et pr\u00e9sident de l\u2019EHESS<br \/>\nM. Thomas J. SUGRUE \u2013 Professeur, New York University<\/p>\n<p><strong>R\u00e9sum\u00e9 :<\/strong> Cette th\u00e8se s\u2019int\u00e9resse aux diverses formes de participation politique et de mobilisation collective des Africain\u00b7es-Am\u00e9ricain\u00b7es d\u2019Euclid, banlieue proche de Cleveland, en Ohio. D\u2019abord enti\u00e8rement blanche, Euclid devint au cours des ann\u00e9es 2000 un espace majoritairement noir d\u2019un point de vue strictement d\u00e9mographique. Malgr\u00e9 un accroissement continu des populations africaines-am\u00e9ricaines depuis les ann\u00e9es 1970, les institutions locales de pouvoir \u2014 conseil municipal, conseil scolaire, forces de police \u2014 demeur\u00e8rent enti\u00e8rement blanches. Ce ne fut qu\u2019\u00e0 l\u2019issue de l\u2019intervention des tribunaux f\u00e9d\u00e9raux au cours des ann\u00e9es 2000, qui r\u00e9v\u00e9la de profondes dynamiques d\u2019exclusions raciales similaires \u00e0 celles de Ferguson, Missouri, que la premi\u00e8re candidate africaine-am\u00e9ricaine tous genres confondus fut \u00e9lue au conseil municipal en 2008. Un premier objectif consiste alors \u00e0 documenter la fa\u00e7on dont le r\u00e9gime racial \u00e9tats-unien tel qu\u2019il se d\u00e9ploya \u00e0 Euclid dans le dernier quart du 20e si\u00e8cle emp\u00eacha l\u2019incorporation politique des Africain\u00b7es-Am\u00e9ricain\u00b7es au niveau local, en plus de saper plus g\u00e9n\u00e9ralement leurs capacit\u00e9s mobilisatrices. Un deuxi\u00e8me objectif ambitionne de comprendre pourquoi, par ailleurs, les questions raciales pein\u00e8rent \u00e0 mobiliser les Africain\u00b7es-Am\u00e9ricain\u00b7es d\u2019Euclid en d\u00e9pit de leur omnipr\u00e9sence et de leurs cons\u00e9quences d\u00e9vastatrices. En effet, avant l\u2019irruption de mobilisations Black Lives Matter au cours des ann\u00e9es 2010, qui remirent le racisme syst\u00e9mique anti-Noir\u00b7es sur le devant de la sc\u00e8ne publique, celui-ci demeura marginal voire absent des discours et des initiatives individuelles comme collectives du c\u00f4t\u00e9 africain-am\u00e9ricain. Combinant travail en archives et entretiens d\u2019histoire orale avec des Africain\u00b7es-Am\u00e9ricain\u00b7es actif\u00b7ves dans les affaires locales depuis les ann\u00e9es 1970, il s\u2019agira de mettre en lumi\u00e8re le rapport particulier, \u00e0 l\u2019\u00e8re \u00ab\u2009post-raciale\u2009\u00bb et n\u00e9olib\u00e9rale, que ces dernier\u00b7es entretinrent vis-\u00e0-vis des in\u00e9galit\u00e9s raciales, ainsi que les discours et les formes d\u2019action privil\u00e9gi\u00e9s pour l\u2019avancement des Africain\u00b7es-Am\u00e9ricain\u00b7es \u00e0 Euclid et dans la soci\u00e9t\u00e9 \u00e9tats-unienne.<\/p>\n","protected":false},"excerpt":{"rendered":"<p>Cher\u00b7es coll\u00e8gues, J&rsquo;ai le plaisir de vous convier \u00e0 ma soutenance de th\u00e8se, qui aura lieu le samedi 25 novembre [&hellip;]<\/p>\n","protected":false},"author":1,"featured_media":0,"comment_status":"","ping_status":"open","sticky":false,"template":"","format":"standard","meta":{"_uag_custom_page_level_css":"","site-sidebar-layout":"default","site-content-layout":"","ast-site-content-layout":"default","site-content-style":"default","site-sidebar-style":"default","ast-global-header-display":"","ast-banner-title-visibility":"","ast-main-header-display":"","ast-hfb-above-header-display":"","ast-hfb-below-header-display":"","ast-hfb-mobile-header-display":"","site-post-title":"","ast-breadcrumbs-content":"","ast-featured-img":"","footer-sml-layout":"","ast-disable-related-posts":"","theme-transparent-header-meta":"","adv-header-id-meta":"","stick-header-meta":"","header-above-stick-meta":"","header-main-stick-meta":"","header-below-stick-meta":"","astra-migrate-meta-layouts":"default","ast-page-background-enabled":"default","ast-page-background-meta":{"desktop":{"background-color":"var(--ast-global-color-5)","background-image":"","background-repeat":"repeat","background-position":"center center","background-size":"auto","background-attachment":"scroll","background-type":"","background-media":"","overlay-type":"","overlay-color":"","overlay-opacity":"","overlay-gradient":""},"tablet":{"background-color":"","background-image":"","background-repeat":"repeat","background-position":"center center","background-size":"auto","background-attachment":"scroll","background-type":"","background-media":"","overlay-type":"","overlay-color":"","overlay-opacity":"","overlay-gradient":""},"mobile":{"background-color":"","background-image":"","background-repeat":"repeat","background-position":"center center","background-size":"auto","background-attachment":"scroll","background-type":"","background-media":"","overlay-type":"","overlay-color":"","overlay-opacity":"","overlay-gradient":""}},"ast-content-background-meta":{"desktop":{"background-color":"var(--ast-global-color-4)","background-image":"","background-repeat":"repeat","background-position":"center center","background-size":"auto","background-attachment":"scroll","background-type":"","background-media":"","overlay-type":"","overlay-color":"","overlay-opacity":"","overlay-gradient":""},"tablet":{"background-color":"var(--ast-global-color-4)","background-image":"","background-repeat":"repeat","background-position":"center center","background-size":"auto","background-attachment":"scroll","background-type":"","background-media":"","overlay-type":"","overlay-color":"","overlay-opacity":"","overlay-gradient":""},"mobile":{"background-color":"var(--ast-global-color-4)","background-image":"","background-repeat":"repeat","background-position":"center center","background-size":"auto","background-attachment":"scroll","background-type":"","background-media":"","overlay-type":"","overlay-color":"","overlay-opacity":"","overlay-gradient":""}},"_jetpack_memberships_contains_paid_content":false,"footnotes":""},"categories":[102],"tags":[1659,381,1660,1658,911],"class_list":["post-3488","post","type-post","status-publish","format-standard","hentry","category-soutenance","tag-africains-americains","tag-black-lives-matter","tag-euclid","tag-mobilisation","tag-politique"],"jetpack_featured_media_url":"","uagb_featured_image_src":{"full":false,"thumbnail":false,"medium":false,"medium_large":false,"large":false,"1536x1536":false,"2048x2048":false},"uagb_author_info":{"display_name":"Admin","author_link":"https:\/\/afea.fr\/news\/author\/yanb\/"},"uagb_comment_info":0,"uagb_excerpt":"Cher\u00b7es coll\u00e8gues, J&rsquo;ai le plaisir de vous convier \u00e0 ma soutenance de th\u00e8se, qui aura lieu le samedi 25 novembre [&hellip;]","jetpack_sharing_enabled":true,"_links":{"self":[{"href":"https:\/\/afea.fr\/news\/wp-json\/wp\/v2\/posts\/3488"}],"collection":[{"href":"https:\/\/afea.fr\/news\/wp-json\/wp\/v2\/posts"}],"about":[{"href":"https:\/\/afea.fr\/news\/wp-json\/wp\/v2\/types\/post"}],"author":[{"embeddable":true,"href":"https:\/\/afea.fr\/news\/wp-json\/wp\/v2\/users\/1"}],"replies":[{"embeddable":true,"href":"https:\/\/afea.fr\/news\/wp-json\/wp\/v2\/comments?post=3488"}],"version-history":[{"count":0,"href":"https:\/\/afea.fr\/news\/wp-json\/wp\/v2\/posts\/3488\/revisions"}],"wp:attachment":[{"href":"https:\/\/afea.fr\/news\/wp-json\/wp\/v2\/media?parent=3488"}],"wp:term":[{"taxonomy":"category","embeddable":true,"href":"https:\/\/afea.fr\/news\/wp-json\/wp\/v2\/categories?post=3488"},{"taxonomy":"post_tag","embeddable":true,"href":"https:\/\/afea.fr\/news\/wp-json\/wp\/v2\/tags?post=3488"}],"curies":[{"name":"wp","href":"https:\/\/api.w.org\/{rel}","templated":true}]}}