{"id":3485,"date":"2023-11-13T10:00:08","date_gmt":"2023-11-13T09:00:08","guid":{"rendered":"https:\/\/afea.fr\/news\/?p=3485"},"modified":"2023-11-13T10:03:57","modified_gmt":"2023-11-13T09:03:57","slug":"recrutement-enseignants-contractuels-anglais-juridique-universite-paris-pantheon-assas","status":"publish","type":"post","link":"https:\/\/afea.fr\/news\/other-news\/recrutement-enseignants-contractuels-anglais-juridique-universite-paris-pantheon-assas\/3485\/","title":{"rendered":"Recrutement enseignants contractuels anglais juridique universit\u00e9 Paris-Panth\u00e9on-Assas"},"content":{"rendered":"<p>Chers coll\u00e8gues,<\/p>\n<p>Le P\u00f4le langues de l&rsquo;universit\u00e9 Paris-Panth\u00e9on-Assas recrute deux contractuels pour le second semestre (dates du contrat du 16 janvier au 31 ao\u00fbt 2024).<\/p>\n<p>La campagne est ouverte du vendredi 10 novembre au vendredi 1er d\u00e9cembre 2023.<\/p>\n<p>Quotit\u00e9 : temps incomplet : 50%<br \/>\nR\u00e9mun\u00e9ration brute mensuelle : 1077 \u20ac<br \/>\nProfil : anglais juridique<\/p>\n<p>R\u00e9f\u00e9rence : D\u00e9cret n\u00b081-535 du 12 mai 1981 relatif au recrutement de professeurs contractuels et d\u00e9cret n\u00b092-131 du 5 f\u00e9vrier 1992 relatif au recrutement d\u2019enseignants contractuels dans les \u00e9tablissements d\u2019enseignement sup\u00e9rieur.<\/p>\n<p>Profil : L\u2019enseignant contractuel \u00e0 temps incomplet assure un service d\u2019enseignement de 192h TD exclusivement sur le 2\u00e8me semestre.<br \/>\nIl sera amen\u00e9 \u00e0 intervenir, en fonction des besoins, dans le cadre de l&rsquo;enseignement d&rsquo;anglais juridique de la L1 au M1 et\/ou dans le cadre de formations dispens\u00e9es \u00e0 l\u2019universit\u00e9 et requ\u00e9rant un enseignement d\u2019anglais juridique, sur un ou plusieurs sites de l\u2019universit\u00e9.<\/p>\n<p>Conditions : Les candidats doivent \u00eatre titulaires au minimum d\u2019un master 2 ou dipl\u00f4me \u00e9quivalent<\/p>\n<p>Des informations compl\u00e9mentaires sont disponibles sur le site de l&rsquo;universit\u00e9: <a href=\"https:\/\/www.u-paris2.fr\/fr\/professeur-contractuel-en-anglais-juridique\">Professeur contractuel en anglais juridique | Universit\u00e9 Paris-Panth\u00e9on-Assas (u-paris2.fr)<\/a><\/p>\n<p>Le dossier doit \u00eatre envoy\u00e9 au plus tard le vendredi 01 d\u00e9cembre 2023 (23h59) par e-mail \u00e0 emmanuelle.vasilijevic<\/p>\n<p>Bien cordialement,<\/p>\n<p>Hamed Jendoubi, Ph.D<br \/>\nCoordinateur g\u00e9n\u00e9ral anglais juridique<br \/>\nUniversit\u00e9 Paris II Panth\u00e9on-Assas<\/p>\n","protected":false},"excerpt":{"rendered":"<p>Chers coll\u00e8gues, Le P\u00f4le langues de l&rsquo;universit\u00e9 Paris-Panth\u00e9on-Assas recrute deux contractuels pour le second semestre (dates du contrat du 16 [&hellip;]<\/p>\n","protected":false},"author":1,"featured_media":0,"comment_status":"closed","ping_status":"open","sticky":false,"template":"","format":"standard","meta":{"_uag_custom_page_level_css":"","site-sidebar-layout":"default","site-content-layout":"","ast-site-content-layout":"default","site-content-style":"default","site-sidebar-style":"default","ast-global-header-display":"","ast-banner-title-visibility":"","ast-main-header-display":"","ast-hfb-above-header-display":"","ast-hfb-below-header-display":"","ast-hfb-mobile-header-display":"","site-post-title":"","ast-breadcrumbs-content":"","ast-featured-img":"","footer-sml-layout":"","ast-disable-related-posts":"","theme-transparent-header-meta":"","adv-header-id-meta":"","stick-header-meta":"","header-above-stick-meta":"","header-main-stick-meta":"","header-below-stick-meta":"","astra-migrate-meta-layouts":"set","ast-page-background-enabled":"default","ast-page-background-meta":{"desktop":{"background-color":"var(--ast-global-color-5)","background-image":"","background-repeat":"repeat","background-position":"center center","background-size":"auto","background-attachment":"scroll","background-type":"","background-media":"","overlay-type":"","overlay-color":"","overlay-opacity":"","overlay-gradient":""},"tablet":{"background-color":"","background-image":"","background-repeat":"repeat","background-position":"center center","background-size":"auto","background-attachment":"scroll","background-type":"","background-media":"","overlay-type":"","overlay-color":"","overlay-opacity":"","overlay-gradient":""},"mobile":{"background-color":"","background-image":"","background-repeat":"repeat","background-position":"center center","background-size":"auto","background-attachment":"scroll","background-type":"","background-media":"","overlay-type":"","overlay-color":"","overlay-opacity":"","overlay-gradient":""}},"ast-content-background-meta":{"desktop":{"background-color":"var(--ast-global-color-4)","background-image":"","background-repeat":"repeat","background-position":"center center","background-size":"auto","background-attachment":"scroll","background-type":"","background-media":"","overlay-type":"","overlay-color":"","overlay-opacity":"","overlay-gradient":""},"tablet":{"background-color":"var(--ast-global-color-4)","background-image":"","background-repeat":"repeat","background-position":"center center","background-size":"auto","background-attachment":"scroll","background-type":"","background-media":"","overlay-type":"","overlay-color":"","overlay-opacity":"","overlay-gradient":""},"mobile":{"background-color":"var(--ast-global-color-4)","background-image":"","background-repeat":"repeat","background-position":"center center","background-size":"auto","background-attachment":"scroll","background-type":"","background-media":"","overlay-type":"","overlay-color":"","overlay-opacity":"","overlay-gradient":""}},"_jetpack_memberships_contains_paid_content":false,"footnotes":""},"categories":[119],"tags":[300,1657,177,665],"class_list":["post-3485","post","type-post","status-publish","format-standard","hentry","category-other-news","tag-anglais-juridique","tag-assas","tag-job","tag-lansad"],"jetpack_featured_media_url":"","uagb_featured_image_src":{"full":false,"thumbnail":false,"medium":false,"medium_large":false,"large":false,"1536x1536":false,"2048x2048":false},"uagb_author_info":{"display_name":"Admin","author_link":"https:\/\/afea.fr\/news\/author\/yanb\/"},"uagb_comment_info":0,"uagb_excerpt":"Chers coll\u00e8gues, Le P\u00f4le langues de l&rsquo;universit\u00e9 Paris-Panth\u00e9on-Assas recrute deux contractuels pour le second semestre (dates du contrat du 16 [&hellip;]","jetpack_sharing_enabled":true,"_links":{"self":[{"href":"https:\/\/afea.fr\/news\/wp-json\/wp\/v2\/posts\/3485"}],"collection":[{"href":"https:\/\/afea.fr\/news\/wp-json\/wp\/v2\/posts"}],"about":[{"href":"https:\/\/afea.fr\/news\/wp-json\/wp\/v2\/types\/post"}],"author":[{"embeddable":true,"href":"https:\/\/afea.fr\/news\/wp-json\/wp\/v2\/users\/1"}],"replies":[{"embeddable":true,"href":"https:\/\/afea.fr\/news\/wp-json\/wp\/v2\/comments?post=3485"}],"version-history":[{"count":2,"href":"https:\/\/afea.fr\/news\/wp-json\/wp\/v2\/posts\/3485\/revisions"}],"predecessor-version":[{"id":3489,"href":"https:\/\/afea.fr\/news\/wp-json\/wp\/v2\/posts\/3485\/revisions\/3489"}],"wp:attachment":[{"href":"https:\/\/afea.fr\/news\/wp-json\/wp\/v2\/media?parent=3485"}],"wp:term":[{"taxonomy":"category","embeddable":true,"href":"https:\/\/afea.fr\/news\/wp-json\/wp\/v2\/categories?post=3485"},{"taxonomy":"post_tag","embeddable":true,"href":"https:\/\/afea.fr\/news\/wp-json\/wp\/v2\/tags?post=3485"}],"curies":[{"name":"wp","href":"https:\/\/api.w.org\/{rel}","templated":true}]}}