{"id":3464,"date":"2023-11-13T09:35:53","date_gmt":"2023-11-13T08:35:53","guid":{"rendered":"https:\/\/afea.fr\/news\/seminar\/book-club-le-domestique-comme-lieu-de-production-du-politique-matthew-redmond-20-novembre\/3464\/"},"modified":"2023-11-13T09:35:53","modified_gmt":"2023-11-13T08:35:53","slug":"book-club-le-domestique-comme-lieu-de-production-du-politique-matthew-redmond-20-novembre","status":"publish","type":"post","link":"https:\/\/afea.fr\/news\/seminar\/book-club-le-domestique-comme-lieu-de-production-du-politique-matthew-redmond-20-novembre\/3464\/","title":{"rendered":"Book Club \u00ab\u00a0Le domestique comme lieu de production du politique\u00a0\u00bb Matthew Redmond, 20 novembre"},"content":{"rendered":"<p>Bonjour \u00e0 tou.te.s<\/p>\n<p>Dans le cadre du projet <strong>\u201cLe domestique comme lieu de production du politique\u201d<\/strong> (CECILLE, Universit\u00e9 de Lille), nous vous donnons rendez-vous pour une s\u00e9ance de <strong>\u201cBook Club\u201d<\/strong> sur zoom <strong>lundi 20 novembre <\/strong>de <strong>16h30 \u00e0 18h <\/strong>pour \u00e9couter <strong>Matthew Redmond <\/strong>(Marie Curie Postdoctoral Fellow, CECILLE) nous parler de l\u2019ouvrage <strong>\u201cDickens and the Daughter of the House\u201d de Hilary Schor (1999). <\/strong>Cette pr\u00e9sentation se fera en anglais.<\/p>\n<p>Le lien est ici :<\/p>\n<p><a href=\"https:\/\/univ-lille-fr.zoom.us\/j\/97722590188?pwd=MnBVNkNKbk4yU0doVW9IdkU4cVFyZz09\">https:\/\/univ-lille-fr.zoom.us\/j\/97722590188?pwd=MnBVNkNKbk4yU0doVW9IdkU4cVFyZz09<\/a><\/p>\n<p>ID de r\u00e9union: 977 2259 0188<br \/>\nCode secret: 121428<\/p>\n<p>Nous esp\u00e9rons vous y voir nombreux.ses !<\/p>\n<p>H\u00e9l\u00e8ne Cottet, H\u00e9l\u00e8ne Lecossois, H\u00e9l\u00e8ne Quanquin avec Lison Dehaine et Coline Leleux<\/p>\n<p><a href=\"https:\/\/domestique.hypotheses.org\/\">https:\/\/domestique.hypotheses.org<\/a><\/p>\n","protected":false},"excerpt":{"rendered":"<p>Bonjour \u00e0 tou.te.s Dans le cadre du projet \u201cLe domestique comme lieu de production du politique\u201d (CECILLE, Universit\u00e9 de Lille), [&hellip;]<\/p>\n","protected":false},"author":1,"featured_media":0,"comment_status":"","ping_status":"open","sticky":false,"template":"","format":"standard","meta":{"_uag_custom_page_level_css":"","site-sidebar-layout":"default","site-content-layout":"","ast-site-content-layout":"default","site-content-style":"default","site-sidebar-style":"default","ast-global-header-display":"","ast-banner-title-visibility":"","ast-main-header-display":"","ast-hfb-above-header-display":"","ast-hfb-below-header-display":"","ast-hfb-mobile-header-display":"","site-post-title":"","ast-breadcrumbs-content":"","ast-featured-img":"","footer-sml-layout":"","ast-disable-related-posts":"","theme-transparent-header-meta":"","adv-header-id-meta":"","stick-header-meta":"","header-above-stick-meta":"","header-main-stick-meta":"","header-below-stick-meta":"","astra-migrate-meta-layouts":"default","ast-page-background-enabled":"default","ast-page-background-meta":{"desktop":{"background-color":"var(--ast-global-color-5)","background-image":"","background-repeat":"repeat","background-position":"center center","background-size":"auto","background-attachment":"scroll","background-type":"","background-media":"","overlay-type":"","overlay-color":"","overlay-opacity":"","overlay-gradient":""},"tablet":{"background-color":"","background-image":"","background-repeat":"repeat","background-position":"center center","background-size":"auto","background-attachment":"scroll","background-type":"","background-media":"","overlay-type":"","overlay-color":"","overlay-opacity":"","overlay-gradient":""},"mobile":{"background-color":"","background-image":"","background-repeat":"repeat","background-position":"center center","background-size":"auto","background-attachment":"scroll","background-type":"","background-media":"","overlay-type":"","overlay-color":"","overlay-opacity":"","overlay-gradient":""}},"ast-content-background-meta":{"desktop":{"background-color":"var(--ast-global-color-4)","background-image":"","background-repeat":"repeat","background-position":"center center","background-size":"auto","background-attachment":"scroll","background-type":"","background-media":"","overlay-type":"","overlay-color":"","overlay-opacity":"","overlay-gradient":""},"tablet":{"background-color":"var(--ast-global-color-4)","background-image":"","background-repeat":"repeat","background-position":"center center","background-size":"auto","background-attachment":"scroll","background-type":"","background-media":"","overlay-type":"","overlay-color":"","overlay-opacity":"","overlay-gradient":""},"mobile":{"background-color":"var(--ast-global-color-4)","background-image":"","background-repeat":"repeat","background-position":"center center","background-size":"auto","background-attachment":"scroll","background-type":"","background-media":"","overlay-type":"","overlay-color":"","overlay-opacity":"","overlay-gradient":""}},"_jetpack_memberships_contains_paid_content":false,"footnotes":""},"categories":[100],"tags":[855,1639,986,911],"class_list":["post-3464","post","type-post","status-publish","format-standard","hentry","category-seminar","tag-book-club","tag-dickens","tag-domestique","tag-politique"],"jetpack_featured_media_url":"","uagb_featured_image_src":{"full":false,"thumbnail":false,"medium":false,"medium_large":false,"large":false,"1536x1536":false,"2048x2048":false},"uagb_author_info":{"display_name":"Admin","author_link":"https:\/\/afea.fr\/news\/author\/yanb\/"},"uagb_comment_info":0,"uagb_excerpt":"Bonjour \u00e0 tou.te.s Dans le cadre du projet \u201cLe domestique comme lieu de production du politique\u201d (CECILLE, Universit\u00e9 de Lille), [&hellip;]","jetpack_sharing_enabled":true,"_links":{"self":[{"href":"https:\/\/afea.fr\/news\/wp-json\/wp\/v2\/posts\/3464"}],"collection":[{"href":"https:\/\/afea.fr\/news\/wp-json\/wp\/v2\/posts"}],"about":[{"href":"https:\/\/afea.fr\/news\/wp-json\/wp\/v2\/types\/post"}],"author":[{"embeddable":true,"href":"https:\/\/afea.fr\/news\/wp-json\/wp\/v2\/users\/1"}],"replies":[{"embeddable":true,"href":"https:\/\/afea.fr\/news\/wp-json\/wp\/v2\/comments?post=3464"}],"version-history":[{"count":0,"href":"https:\/\/afea.fr\/news\/wp-json\/wp\/v2\/posts\/3464\/revisions"}],"wp:attachment":[{"href":"https:\/\/afea.fr\/news\/wp-json\/wp\/v2\/media?parent=3464"}],"wp:term":[{"taxonomy":"category","embeddable":true,"href":"https:\/\/afea.fr\/news\/wp-json\/wp\/v2\/categories?post=3464"},{"taxonomy":"post_tag","embeddable":true,"href":"https:\/\/afea.fr\/news\/wp-json\/wp\/v2\/tags?post=3464"}],"curies":[{"name":"wp","href":"https:\/\/api.w.org\/{rel}","templated":true}]}}