{"id":3459,"date":"2023-11-13T09:32:09","date_gmt":"2023-11-13T08:32:09","guid":{"rendered":"https:\/\/afea.fr\/news\/seminar\/programmes-du-ciclaho-des-s-18-nov-s-16-dec-2024-a-nanterre\/3459\/"},"modified":"2023-11-13T09:39:44","modified_gmt":"2023-11-13T08:39:44","slug":"programmes-du-ciclaho-des-s-18-nov-s-16-dec-2024-a-nanterre","status":"publish","type":"post","link":"https:\/\/afea.fr\/news\/seminar\/programmes-du-ciclaho-des-s-18-nov-s-16-dec-2024-a-nanterre\/3459\/","title":{"rendered":"Programmes du CICLAHO des s. 18 nov. &amp; s. 16 d\u00e9c. 2024 \u00e0 Nanterre"},"content":{"rendered":"<p>Chers coll\u00e8gues,<br \/>\nMerci de trouver ci-dessous les programmes des deux s\u00e9ances \u00e0 venir du Groupe de Recherche en Cin\u00e9ma et S\u00e9ries T\u00e9l\u00e9vis\u00e9es Anglophones<br \/>\n\u00e0 Paris Nanterre les matin\u00e9es des :<\/p>\n<p>&#8211; s. 18 novembre<br \/>\n&amp;<br \/>\n&#8211; s. 16 d\u00e9cembre 2024.<\/p>\n<p>En esp\u00e9rant vous y retrouver nombreux,<br \/>\nBien \u00e0 vous,<\/p>\n<p>AM Paquet-Deyris,<\/p>\n<p>Prof. of Anglophone Film &amp; TV Series Studies<\/p>\n<p>&amp; American Literature,<br \/>\nUniversity Paris Nanterre, France<\/p>\n<p>a\/<\/p>\n<p><strong>CICLAHO N\u00b0 1 du s. 18 XI 2023 \u00e0 9h30, B\u00e2t. B \u00ab Grappin \u00bb, Salle des Conf\u00e9rences, Paris Nanterre<\/strong><\/p>\n<p>Chers Ciclahistes, Chers \u00e9tudiants,<\/p>\n<p>Merci de trouver ci-joint le programme de notre <em>premi\u00e8re s\u00e9ance du CICLAHO de l&rsquo;ann\u00e9e<\/em>, <strong>samedi 18 novembre \u00e0 9h20 sur le campus de Paris Nanterre <em>exceptionnellement <\/em>au <\/strong><em><strong>B\u00e2timent B, Salle des Conf\u00e9rences <\/strong><\/em><strong>:<\/strong><\/p>\n<p><strong>Universit\u00e9 Paris Nanterre (RER A \u00ab Nanterre Universit\u00e9 \u00bb, \u00e0 12mn de Ch\u00e2telet) :<\/strong><\/p>\n<p><em><strong>HORAIRES<\/strong><\/em><strong> : 9h30-13h, en SALLE DES CONFERENCES EQUIPEE VIDEO du B (B\u00e2t Grappin) au RDC \u00e0 gauche (au bout de la barre en sortant du RER A \u00ab Nanterre Universit\u00e9 \u00bb, b\u00e2timent avec tour).<\/strong><\/p>\n<p>Nous aurons le plaisir d&rsquo;entendre :<\/p>\n<p><strong>A\/ Sylvie Allouche: \u00ab\u00a0L&rsquo;art du g\u00e9n\u00e9rique dans les s\u00e9ries anglophones post\u00e9rieures \u00e0 2010\u00a0\u00bb<\/strong><\/p>\n<p><strong>&amp;<\/strong><\/p>\n<p><strong>B\/ Christian Viviani et Christophe Damour : <em>L&rsquo;Actors Studio<\/em><\/strong><\/p>\n<p>En vous esp\u00e9rant nombreux <strong>s<strong>amedi 18 novembre d\u00e9cembre prochain d\u00e8s 9h20 \u00e0 Nanterre<\/strong><\/strong>,<\/p>\n<p>Bien cordialement \u00e0 tous,<\/p>\n<p>AM Paquet-Deyris<\/p>\n<p>&amp; Serge Chauvin<\/p>\n<p>&amp;<\/p>\n<p>b\/<\/p>\n<p><strong>CICLAHO N\u00b0 2 du s. 16 XII 2023 \u00e0 9h30, B\u00e2t. W, Nanterre<\/strong><\/p>\n<p>Chers Ciclahistes, Chers \u00e9tudiants,<\/p>\n<p>Merci de trouver ci-dessous le programme de notre <em>premi\u00e8re s\u00e9ance du CICLAHO de l&rsquo;ann\u00e9e<\/em>, <strong>samedi 10 d\u00e9cembre \u00e0 9h30 sur le campus de Paris Nanterre dans l\u2019Amphi du <\/strong><em><strong>B\u00e2timent W \u00ab Max Weber \u00bb<\/strong><strong>.<\/strong><\/em><\/p>\n<p><strong>Universit\u00e9 Paris Nanterre (RER A \u00ab Nanterre Universit\u00e9 \u00bb, \u00e0 12mn de Ch\u00e2telet) :<\/strong><\/p>\n<p><em><strong>HORAIRES<\/strong><\/em><strong> : 9h30-13h, en SALLE DES CONFERENCES EQUIPEE VIDEO du W (Dernier B\u00e2t. A \u00ab R\u00e9mond \u00bb au bout de la \u00ab barre \u00bb sur la gauche)<\/strong><\/p>\n<p><strong> (au bout de la barre en sortant du RER A \u00ab Nanterre Universit\u00e9 \u00bb, puis B\u00e2timent A au bout, 4\u00e8me \u00e9tage, Salle A405).<\/strong><\/p>\n<p>Nous aurons le plaisir d&rsquo;entendre :<\/p>\n<p><strong>A\/ Stella Louis : Rire et musique dans le cin\u00e9ma Classique hollywoodien<\/strong><\/p>\n<p><strong>&amp;<\/strong><\/p>\n<p><strong>B\/ Hadrien Fontaneau : \u00ab M\u00e9lodrame et bovarysme : les ambivalences du mode l&rsquo;exc\u00e8s chez David Lean<\/strong> <strong>\u00bb<\/strong><\/p>\n<p>En vous esp\u00e9rant nombreux s<strong>amedi 16 d\u00e9cembre prochain pour 9h30 \u00e0 Nanterre au B\u00e2t. habituel W (Max Weber)<\/strong>,<\/p>\n<p>Bien cordialement \u00e0 tous,<\/p>\n<p>AM Paquet-Deyris<\/p>\n","protected":false},"excerpt":{"rendered":"<p>Chers coll\u00e8gues, Merci de trouver ci-dessous les programmes des deux s\u00e9ances \u00e0 venir du Groupe de Recherche en Cin\u00e9ma et [&hellip;]<\/p>\n","protected":false},"author":1,"featured_media":0,"comment_status":"closed","ping_status":"open","sticky":false,"template":"","format":"standard","meta":{"_uag_custom_page_level_css":"","site-sidebar-layout":"default","site-content-layout":"","ast-site-content-layout":"default","site-content-style":"default","site-sidebar-style":"default","ast-global-header-display":"","ast-banner-title-visibility":"","ast-main-header-display":"","ast-hfb-above-header-display":"","ast-hfb-below-header-display":"","ast-hfb-mobile-header-display":"","site-post-title":"","ast-breadcrumbs-content":"","ast-featured-img":"","footer-sml-layout":"","ast-disable-related-posts":"","theme-transparent-header-meta":"","adv-header-id-meta":"","stick-header-meta":"","header-above-stick-meta":"","header-main-stick-meta":"","header-below-stick-meta":"","astra-migrate-meta-layouts":"set","ast-page-background-enabled":"default","ast-page-background-meta":{"desktop":{"background-color":"var(--ast-global-color-5)","background-image":"","background-repeat":"repeat","background-position":"center center","background-size":"auto","background-attachment":"scroll","background-type":"","background-media":"","overlay-type":"","overlay-color":"","overlay-opacity":"","overlay-gradient":""},"tablet":{"background-color":"","background-image":"","background-repeat":"repeat","background-position":"center center","background-size":"auto","background-attachment":"scroll","background-type":"","background-media":"","overlay-type":"","overlay-color":"","overlay-opacity":"","overlay-gradient":""},"mobile":{"background-color":"","background-image":"","background-repeat":"repeat","background-position":"center center","background-size":"auto","background-attachment":"scroll","background-type":"","background-media":"","overlay-type":"","overlay-color":"","overlay-opacity":"","overlay-gradient":""}},"ast-content-background-meta":{"desktop":{"background-color":"var(--ast-global-color-4)","background-image":"","background-repeat":"repeat","background-position":"center center","background-size":"auto","background-attachment":"scroll","background-type":"","background-media":"","overlay-type":"","overlay-color":"","overlay-opacity":"","overlay-gradient":""},"tablet":{"background-color":"var(--ast-global-color-4)","background-image":"","background-repeat":"repeat","background-position":"center center","background-size":"auto","background-attachment":"scroll","background-type":"","background-media":"","overlay-type":"","overlay-color":"","overlay-opacity":"","overlay-gradient":""},"mobile":{"background-color":"var(--ast-global-color-4)","background-image":"","background-repeat":"repeat","background-position":"center center","background-size":"auto","background-attachment":"scroll","background-type":"","background-media":"","overlay-type":"","overlay-color":"","overlay-opacity":"","overlay-gradient":""}},"_jetpack_memberships_contains_paid_content":false,"footnotes":""},"categories":[100],"tags":[1631,1633,686,1632,990],"class_list":["post-3459","post","type-post","status-publish","format-standard","hentry","category-seminar","tag-generique","tag-melodrame","tag-musique","tag-rire","tag-series-televisees"],"jetpack_featured_media_url":"","uagb_featured_image_src":{"full":false,"thumbnail":false,"medium":false,"medium_large":false,"large":false,"1536x1536":false,"2048x2048":false},"uagb_author_info":{"display_name":"Admin","author_link":"https:\/\/afea.fr\/news\/author\/yanb\/"},"uagb_comment_info":0,"uagb_excerpt":"Chers coll\u00e8gues, Merci de trouver ci-dessous les programmes des deux s\u00e9ances \u00e0 venir du Groupe de Recherche en Cin\u00e9ma et [&hellip;]","jetpack_sharing_enabled":true,"_links":{"self":[{"href":"https:\/\/afea.fr\/news\/wp-json\/wp\/v2\/posts\/3459"}],"collection":[{"href":"https:\/\/afea.fr\/news\/wp-json\/wp\/v2\/posts"}],"about":[{"href":"https:\/\/afea.fr\/news\/wp-json\/wp\/v2\/types\/post"}],"author":[{"embeddable":true,"href":"https:\/\/afea.fr\/news\/wp-json\/wp\/v2\/users\/1"}],"replies":[{"embeddable":true,"href":"https:\/\/afea.fr\/news\/wp-json\/wp\/v2\/comments?post=3459"}],"version-history":[{"count":1,"href":"https:\/\/afea.fr\/news\/wp-json\/wp\/v2\/posts\/3459\/revisions"}],"predecessor-version":[{"id":3466,"href":"https:\/\/afea.fr\/news\/wp-json\/wp\/v2\/posts\/3459\/revisions\/3466"}],"wp:attachment":[{"href":"https:\/\/afea.fr\/news\/wp-json\/wp\/v2\/media?parent=3459"}],"wp:term":[{"taxonomy":"category","embeddable":true,"href":"https:\/\/afea.fr\/news\/wp-json\/wp\/v2\/categories?post=3459"},{"taxonomy":"post_tag","embeddable":true,"href":"https:\/\/afea.fr\/news\/wp-json\/wp\/v2\/tags?post=3459"}],"curies":[{"name":"wp","href":"https:\/\/api.w.org\/{rel}","templated":true}]}}