{"id":3449,"date":"2023-11-06T11:02:59","date_gmt":"2023-11-06T10:02:59","guid":{"rendered":"https:\/\/afea.fr\/news\/seminar\/seminaire-arts-et-justice-sara-bennett-mardi-14-novembre-2023-18h-20h-universite-paris-nanterre\/3449\/"},"modified":"2023-11-06T11:02:59","modified_gmt":"2023-11-06T10:02:59","slug":"seminaire-arts-et-justice-sara-bennett-mardi-14-novembre-2023-18h-20h-universite-paris-nanterre","status":"publish","type":"post","link":"https:\/\/afea.fr\/news\/seminar\/seminaire-arts-et-justice-sara-bennett-mardi-14-novembre-2023-18h-20h-universite-paris-nanterre\/3449\/","title":{"rendered":"S\u00e9minaire Arts et Justice: Sara Bennett (mardi 14 novembre 2023, 18h-20h, universit\u00e9 Paris Nanterre )"},"content":{"rendered":"<p>Ch\u00e8res et chers coll\u00e8gues,<\/p>\n<p>Le s\u00e9minaire <strong>Arts et Justice<\/strong> aura le plaisir de recevoir la photographe Sara Bennett mardi 14 novembre 2023, de 18h \u00e0 20h, \u00e0 l&rsquo;universit\u00e9 Paris Nanterre, b\u00e2timent Simone Veil, salle 142.<\/p>\n<p>L&rsquo;oeuvre photographique de <strong>Sara Bennett<\/strong> trouve ses racines dans sa pratique du droit. Avocate commis d&rsquo;office dans l&rsquo;\u00c9tat de New York pendant 18 ans, elle s&rsquo;est progressivement sp\u00e9cialis\u00e9e dans la d\u00e9fense de femmes qui ont agi contre leurs agresseurs. En pr\u00e9parant un dossier de pardon, elle a commenc\u00e9 \u00e0 faire de la photographie afin de pr\u00e9senter aux juges d&rsquo;autres visages de sa cliente. C&rsquo;est le d\u00e9but d&rsquo;une pratique photographique au long cours, o\u00f9 elle prend pour sujet des femmes incarc\u00e9r\u00e9es pour de longues peines, pendant et apr\u00e8s leur incarc\u00e9ration. Ses s\u00e9ries photographiques ont \u00e9t\u00e9 montr\u00e9es au MoMA PS1, au Mus\u00e9e de la Ville de New York, au Blanton Museum of Art, \u00e0 Rotterdam Photo, ou encore \u00e0 Arles, et elles figurent actuellement sur les murs du Pardon Office, US Department of Justice. Actuellement en r\u00e9sidence \u00e0 Paris, Sara Bennett nous pr\u00e9sentera son travail et ses enjeux. <strong>Jean Kempf <\/strong>(Lyon 2), sp\u00e9cialiste de la photographie am\u00e9ricaine, commentera ses photographies, ensuite un.e juriste en parlera du point de vue du droit avant une discussion libre avec la salle.<\/p>\n<p>La rencontre aura lieu en anglais, mais la discussion sera bilingue (anglais-fran\u00e7ais). La s\u00e9ance est ouverte \u00e0 toutes et \u00e0 tous.<\/p>\n<p>Bien cordialement,<\/p>\n<p>Naomi Toth (pour les organisatrices)<\/p>\n<p><em>Le s\u00e9minaire Arts et Justice est organis\u00e9 par le Centre de recherches anglophones (CREA) et le Centre de droit p\u00e9nal et de criminologie (CDPC) de l&rsquo;universit\u00e9 Paris Nanterre, avec le soutien de l&rsquo;Institut Universitaire de France. Vous pouvez suivre l&rsquo;actualit\u00e9 du s\u00e9minaire sur le carnet <a href=\"https:\/\/artsjustice.hypotheses.org\/\">https:\/\/artsjustice.hypotheses.org<\/a> <\/em><\/p>\n","protected":false},"excerpt":{"rendered":"<p>Ch\u00e8res et chers coll\u00e8gues, Le s\u00e9minaire Arts et Justice aura le plaisir de recevoir la photographe Sara Bennett mardi 14 [&hellip;]<\/p>\n","protected":false},"author":1,"featured_media":0,"comment_status":"","ping_status":"open","sticky":false,"template":"","format":"standard","meta":{"_uag_custom_page_level_css":"","site-sidebar-layout":"default","site-content-layout":"","ast-site-content-layout":"default","site-content-style":"default","site-sidebar-style":"default","ast-global-header-display":"","ast-banner-title-visibility":"","ast-main-header-display":"","ast-hfb-above-header-display":"","ast-hfb-below-header-display":"","ast-hfb-mobile-header-display":"","site-post-title":"","ast-breadcrumbs-content":"","ast-featured-img":"","footer-sml-layout":"","ast-disable-related-posts":"","theme-transparent-header-meta":"","adv-header-id-meta":"","stick-header-meta":"","header-above-stick-meta":"","header-main-stick-meta":"","header-below-stick-meta":"","astra-migrate-meta-layouts":"default","ast-page-background-enabled":"default","ast-page-background-meta":{"desktop":{"background-color":"var(--ast-global-color-5)","background-image":"","background-repeat":"repeat","background-position":"center center","background-size":"auto","background-attachment":"scroll","background-type":"","background-media":"","overlay-type":"","overlay-color":"","overlay-opacity":"","overlay-gradient":""},"tablet":{"background-color":"","background-image":"","background-repeat":"repeat","background-position":"center center","background-size":"auto","background-attachment":"scroll","background-type":"","background-media":"","overlay-type":"","overlay-color":"","overlay-opacity":"","overlay-gradient":""},"mobile":{"background-color":"","background-image":"","background-repeat":"repeat","background-position":"center center","background-size":"auto","background-attachment":"scroll","background-type":"","background-media":"","overlay-type":"","overlay-color":"","overlay-opacity":"","overlay-gradient":""}},"ast-content-background-meta":{"desktop":{"background-color":"var(--ast-global-color-4)","background-image":"","background-repeat":"repeat","background-position":"center center","background-size":"auto","background-attachment":"scroll","background-type":"","background-media":"","overlay-type":"","overlay-color":"","overlay-opacity":"","overlay-gradient":""},"tablet":{"background-color":"var(--ast-global-color-4)","background-image":"","background-repeat":"repeat","background-position":"center center","background-size":"auto","background-attachment":"scroll","background-type":"","background-media":"","overlay-type":"","overlay-color":"","overlay-opacity":"","overlay-gradient":""},"mobile":{"background-color":"var(--ast-global-color-4)","background-image":"","background-repeat":"repeat","background-position":"center center","background-size":"auto","background-attachment":"scroll","background-type":"","background-media":"","overlay-type":"","overlay-color":"","overlay-opacity":"","overlay-gradient":""}},"_jetpack_memberships_contains_paid_content":false,"footnotes":""},"categories":[100],"tags":[215,1513,1630,983,1629],"class_list":["post-3449","post","type-post","status-publish","format-standard","hentry","category-seminar","tag-art","tag-justice","tag-pardon","tag-photographie","tag-sara-bennett"],"jetpack_featured_media_url":"","uagb_featured_image_src":{"full":false,"thumbnail":false,"medium":false,"medium_large":false,"large":false,"1536x1536":false,"2048x2048":false},"uagb_author_info":{"display_name":"Admin","author_link":"https:\/\/afea.fr\/news\/author\/yanb\/"},"uagb_comment_info":0,"uagb_excerpt":"Ch\u00e8res et chers coll\u00e8gues, Le s\u00e9minaire Arts et Justice aura le plaisir de recevoir la photographe Sara Bennett mardi 14 [&hellip;]","jetpack_sharing_enabled":true,"_links":{"self":[{"href":"https:\/\/afea.fr\/news\/wp-json\/wp\/v2\/posts\/3449"}],"collection":[{"href":"https:\/\/afea.fr\/news\/wp-json\/wp\/v2\/posts"}],"about":[{"href":"https:\/\/afea.fr\/news\/wp-json\/wp\/v2\/types\/post"}],"author":[{"embeddable":true,"href":"https:\/\/afea.fr\/news\/wp-json\/wp\/v2\/users\/1"}],"replies":[{"embeddable":true,"href":"https:\/\/afea.fr\/news\/wp-json\/wp\/v2\/comments?post=3449"}],"version-history":[{"count":0,"href":"https:\/\/afea.fr\/news\/wp-json\/wp\/v2\/posts\/3449\/revisions"}],"wp:attachment":[{"href":"https:\/\/afea.fr\/news\/wp-json\/wp\/v2\/media?parent=3449"}],"wp:term":[{"taxonomy":"category","embeddable":true,"href":"https:\/\/afea.fr\/news\/wp-json\/wp\/v2\/categories?post=3449"},{"taxonomy":"post_tag","embeddable":true,"href":"https:\/\/afea.fr\/news\/wp-json\/wp\/v2\/tags?post=3449"}],"curies":[{"name":"wp","href":"https:\/\/api.w.org\/{rel}","templated":true}]}}