{"id":3448,"date":"2023-11-06T11:01:18","date_gmt":"2023-11-06T10:01:18","guid":{"rendered":"https:\/\/afea.fr\/news\/seminar\/sem-rencontres-avec-rachel-blau-duplessis-ecole-normale-superieure-15-et-16-novembre-2023\/3448\/"},"modified":"2023-11-06T11:01:18","modified_gmt":"2023-11-06T10:01:18","slug":"sem-rencontres-avec-rachel-blau-duplessis-ecole-normale-superieure-15-et-16-novembre-2023","status":"publish","type":"post","link":"https:\/\/afea.fr\/news\/seminar\/sem-rencontres-avec-rachel-blau-duplessis-ecole-normale-superieure-15-et-16-novembre-2023\/3448\/","title":{"rendered":"SEM\u00a0Rencontres avec Rachel Blau DuPlessis (Ecole normale sup\u00e9rieure, 15 et 16 novembre 2023)"},"content":{"rendered":"<p>Ch\u00e8res et chers coll\u00e8gues,<\/p>\n<p>Nous avons le plaisir de vous annoncer la tenue, les 15 et 16 novembre 2023, d&rsquo;un symposium organis\u00e9 par l&rsquo;\u00c9cole Normale Sup\u00e9rieure (UAR 3608 R\u00e9publique des savoirs) autour de Rachel Blau DuPlessis. Vous en trouverez le programme ci-dessous.<\/p>\n<p>Nous esp\u00e9rons vous y retrouver nombreux !<\/p>\n<p>Bien cordialement,<\/p>\n<p>H\u00e9l\u00e8ne Aji et Beno\u00eet Bondroit<\/p>\n<p><strong>Rencontres avec Rachel Blau DuPlessis<\/strong><\/p>\n<p><strong>\u00c9cole normale sup\u00e9rieure \u2013 45 rue d\u2019Ulm 75005 Paris<\/strong><\/p>\n<p><strong>TABLE RONDE \u2013 mercredi 15 novembre 15.00-17.00<\/strong><\/p>\n<p><strong>Espace recherche Lettres 1 (escalier A, 2e \u00e9tage, couloir jaune)<\/strong><\/p>\n<p>Discutants: He\u0301le\u0300ne Aji (ENS), Benoi\u0302t Bondroit (Centrale Lille Institut \/ Universit\u00e9 Paris 3 &#8211; Sorbonne Nouvelle), Juliette Bouanani (Universit\u00e9 Paris Nanterre), Xavier Kalck (Universit\u00e9 de Lille).<\/p>\n<p>Cet e\u0301ve\u0301nement est ouvert sur inscription pre\u0301alable aupre\u0300s d\u2019H\u00e9l\u00e8ne Aji (helene.aji) et sous re\u0301serve de places disponibles.<\/p>\n<p><strong>LECTURE \u2013 jeudi 16 novembre 18.30-20.00<\/strong><\/p>\n<p><strong>ENS &#8211; Bibliothe\u0300que des lettres &#8211; salle historique. <\/strong><\/p>\n<p>Cet e\u0301ve\u0301nement est ouvert sur inscription pre\u0301alable et sous re\u0301serve de places disponibles.<\/p>\n<p><a href=\"https:\/\/bib.ens.psl.eu\/form\/lecture-de-poesie-jeudi-26-novem\">https:\/\/bib.ens.psl.eu\/form\/lecture-de-poesie-jeudi-26-novem<\/a><\/p>\n<p><strong>Pour contacter les organisateurs :<\/strong><br \/>\nHe\u0301le\u0300ne Aji (helene.aji), Benoi\u0302t Bondroit (benoit.bondroit)<\/p>\n","protected":false},"excerpt":{"rendered":"<p>Ch\u00e8res et chers coll\u00e8gues, Nous avons le plaisir de vous annoncer la tenue, les 15 et 16 novembre 2023, d&rsquo;un [&hellip;]<\/p>\n","protected":false},"author":1,"featured_media":0,"comment_status":"","ping_status":"open","sticky":false,"template":"","format":"standard","meta":{"_uag_custom_page_level_css":"","site-sidebar-layout":"default","site-content-layout":"","ast-site-content-layout":"default","site-content-style":"default","site-sidebar-style":"default","ast-global-header-display":"","ast-banner-title-visibility":"","ast-main-header-display":"","ast-hfb-above-header-display":"","ast-hfb-below-header-display":"","ast-hfb-mobile-header-display":"","site-post-title":"","ast-breadcrumbs-content":"","ast-featured-img":"","footer-sml-layout":"","ast-disable-related-posts":"","theme-transparent-header-meta":"","adv-header-id-meta":"","stick-header-meta":"","header-above-stick-meta":"","header-main-stick-meta":"","header-below-stick-meta":"","astra-migrate-meta-layouts":"default","ast-page-background-enabled":"default","ast-page-background-meta":{"desktop":{"background-color":"var(--ast-global-color-5)","background-image":"","background-repeat":"repeat","background-position":"center center","background-size":"auto","background-attachment":"scroll","background-type":"","background-media":"","overlay-type":"","overlay-color":"","overlay-opacity":"","overlay-gradient":""},"tablet":{"background-color":"","background-image":"","background-repeat":"repeat","background-position":"center center","background-size":"auto","background-attachment":"scroll","background-type":"","background-media":"","overlay-type":"","overlay-color":"","overlay-opacity":"","overlay-gradient":""},"mobile":{"background-color":"","background-image":"","background-repeat":"repeat","background-position":"center center","background-size":"auto","background-attachment":"scroll","background-type":"","background-media":"","overlay-type":"","overlay-color":"","overlay-opacity":"","overlay-gradient":""}},"ast-content-background-meta":{"desktop":{"background-color":"var(--ast-global-color-4)","background-image":"","background-repeat":"repeat","background-position":"center center","background-size":"auto","background-attachment":"scroll","background-type":"","background-media":"","overlay-type":"","overlay-color":"","overlay-opacity":"","overlay-gradient":""},"tablet":{"background-color":"var(--ast-global-color-4)","background-image":"","background-repeat":"repeat","background-position":"center center","background-size":"auto","background-attachment":"scroll","background-type":"","background-media":"","overlay-type":"","overlay-color":"","overlay-opacity":"","overlay-gradient":""},"mobile":{"background-color":"var(--ast-global-color-4)","background-image":"","background-repeat":"repeat","background-position":"center center","background-size":"auto","background-attachment":"scroll","background-type":"","background-media":"","overlay-type":"","overlay-color":"","overlay-opacity":"","overlay-gradient":""}},"_jetpack_memberships_contains_paid_content":false,"footnotes":""},"categories":[100],"tags":[1628,1627],"class_list":["post-3448","post","type-post","status-publish","format-standard","hentry","category-seminar","tag-lecture","tag-rachel-blau-duplessis"],"jetpack_featured_media_url":"","uagb_featured_image_src":{"full":false,"thumbnail":false,"medium":false,"medium_large":false,"large":false,"1536x1536":false,"2048x2048":false},"uagb_author_info":{"display_name":"Admin","author_link":"https:\/\/afea.fr\/news\/author\/yanb\/"},"uagb_comment_info":0,"uagb_excerpt":"Ch\u00e8res et chers coll\u00e8gues, Nous avons le plaisir de vous annoncer la tenue, les 15 et 16 novembre 2023, d&rsquo;un [&hellip;]","jetpack_sharing_enabled":true,"_links":{"self":[{"href":"https:\/\/afea.fr\/news\/wp-json\/wp\/v2\/posts\/3448"}],"collection":[{"href":"https:\/\/afea.fr\/news\/wp-json\/wp\/v2\/posts"}],"about":[{"href":"https:\/\/afea.fr\/news\/wp-json\/wp\/v2\/types\/post"}],"author":[{"embeddable":true,"href":"https:\/\/afea.fr\/news\/wp-json\/wp\/v2\/users\/1"}],"replies":[{"embeddable":true,"href":"https:\/\/afea.fr\/news\/wp-json\/wp\/v2\/comments?post=3448"}],"version-history":[{"count":0,"href":"https:\/\/afea.fr\/news\/wp-json\/wp\/v2\/posts\/3448\/revisions"}],"wp:attachment":[{"href":"https:\/\/afea.fr\/news\/wp-json\/wp\/v2\/media?parent=3448"}],"wp:term":[{"taxonomy":"category","embeddable":true,"href":"https:\/\/afea.fr\/news\/wp-json\/wp\/v2\/categories?post=3448"},{"taxonomy":"post_tag","embeddable":true,"href":"https:\/\/afea.fr\/news\/wp-json\/wp\/v2\/tags?post=3448"}],"curies":[{"name":"wp","href":"https:\/\/api.w.org\/{rel}","templated":true}]}}