{"id":3411,"date":"2023-10-26T11:09:51","date_gmt":"2023-10-26T09:09:51","guid":{"rendered":"https:\/\/afea.fr\/news\/cfp\/cfp-penser-lintersectionnalite-minorites-et-dominations-plurielles-aux-etats-unis-2\/3411\/"},"modified":"2023-10-26T11:26:05","modified_gmt":"2023-10-26T09:26:05","slug":"cfp-penser-lintersectionnalite-minorites-et-dominations-plurielles-aux-etats-unis-2","status":"publish","type":"post","link":"https:\/\/afea.fr\/news\/cfp\/cfp-penser-lintersectionnalite-minorites-et-dominations-plurielles-aux-etats-unis-2\/3411\/","title":{"rendered":"CFP : Penser l&rsquo;intersectionnalit\u00e9 : Minorit\u00e9s et dominations plurielles aux \u00c9tats-Unis"},"content":{"rendered":"<p>Chers et ch\u00e8res coll\u00e8gues,<\/p>\n<p>Veuillez trouver ci-dessous l&rsquo;appel \u00e0 communication pour un colloque qui se tiendra \u00e0 Lorient (Universit\u00e9 Bretagne Sud) les 11 et 12 avril 2023.<\/p>\n<p>Les propositions de communications, <strong>en fran\u00e7ais ou en anglais<\/strong> (une quinzaine de lignes en plus d\u2019une courte biographie) sont \u00e0 envoyer \u00e0 Marie-Christine Michaud et Eliane Elmaleh avant <strong>le 16 d\u00e9cembre <b>2023 <\/b>: <a class=\"moz-txt-link-abbreviated moz-txt-link-freetext\" href=\"mailto:marie-christine.michaud@univ-ubs.fr\">marie-christine.michaud@univ-ubs.fr<\/a> et \u00e0 <a class=\"moz-txt-link-abbreviated moz-txt-link-freetext\" href=\"mailto:eliane.elmaleh@univ-lemans.fr\">eliane.elmaleh@univ-lemans.fr<\/a>\u00a0<\/strong><\/p>\n<p><strong>\u00ab\u00a0Penser l&rsquo;intersectionnalit\u00e9 : Minorit\u00e9s et dominations plurielles aux \u00c9tats-Unis\u00a0\u00bb. <\/strong>Colloque international, 11 et 12 avril 2024, Universit\u00e9 Bretagne Sud, Lorient<\/p>\n<p>Pays longtemps consid\u00e9r\u00e9 comme biracial, les \u00c9tats-Unis affichent d\u00e9sormais l&rsquo;image d&rsquo;une nation multiraciale dans laquelle les rapports majorit\u00e9 blanche \/ \u00ab minorit\u00e9s \u00bb ethniques et raciales ont \u00e9volu\u00e9 au gr\u00e9 de la progression des nouvelles minorit\u00e9s (asiatiques et hispaniques). Le dernier recensement g\u00e9n\u00e9ral de la population (2020) confirme l&rsquo;ampleur des changements en cours sur un plan d\u00e9mographique, culturel et g\u00e9ographique et questionne la place des minorit\u00e9s dans la nation : les Am\u00e9ricains s&rsquo;identifiant comme \u00e9tant de \u00ab race blanche \u00bb et non-hispaniques repr\u00e9sentent d\u00e9sormais 57,8 % de la population globale, contre 63,7 % en 2010 et pr\u00e8s de 80 % il y a quarante ans. Au rythme de la diversification ethno-raciale du pays, engag\u00e9e d\u00e8s les ann\u00e9es 1960, la d\u00e9finition et l&rsquo;appr\u00e9hension de ce qu&rsquo;est une \u00ab minorit\u00e9 \u00bb s&rsquo;est complexifi\u00e9e.<\/p>\n<p>Les groupes qui retiendront ici notre attention sont ceux qui concernent des \u00ab minorit\u00e9s ethniques \u00bb, ou encore \u00ab racialis\u00e9es \u00bb \u2013 c&rsquo;est-\u00e0-dire minoris\u00e9es \u2013 en raison de leur origine ou de la couleur de leur peau. Nous utiliserons ici la d\u00e9finition sociologique d&rsquo;une \u00ab minorit\u00e9 \u00bb qui met l&rsquo;accent non pas sur un crit\u00e8re num\u00e9rique, mais sur l&rsquo;exp\u00e9rience de la discrimination comme d\u00e9nominateur commun d&rsquo;un groupe social : \u00ab un groupe de personnes qui, en raison de leurs caract\u00e9ristiques physiques ou culturelles, sont distingu\u00e9es des autres dans la soci\u00e9t\u00e9 dans lesquelles elles vivent, par un traitement diff\u00e9rentiel et in\u00e9gal, et qui par cons\u00e9quent se produisent comme objets d&rsquo;une discrimination collective \u00bb (Louis Wirth). Le concept de \u00ab minoris\u00e9 \u00bb permet alors de rendre compte de cette position domin\u00e9e dans la soci\u00e9t\u00e9.<\/p>\n<p>Si l&rsquo;on parle d&rsquo;intersectionnalit\u00e9 un peu partout dans le monde \u2013 non seulement en Am\u00e9rique du Nord et en Europe, mais aussi en Am\u00e9rique latine, en Afrique du Sud ou en Inde \u2013, c&rsquo;est Kimberl\u00e9 Crenshaw, juriste afro-am\u00e9ricaine, qui est la premi\u00e8re \u00e0 l&rsquo;utiliser dans deux articles publi\u00e9s dans des revues de droit au tournant des ann\u00e9es 1990. Elle s&rsquo;inscrit alors dans la lign\u00e9e d&rsquo;un \u00ab f\u00e9minisme noir \u00bb \u00e9tatsunien, qui dans les ann\u00e9es 1980 met l&rsquo;accent sur les aveuglements du mouvement des droits civiques et du mouvement des femmes. L&rsquo;intersectionnalit\u00e9 viserait \u00e0 lutter contre l&rsquo;assignation discriminatoire \u00e0 un groupe (femmes, Noirs, ou autre).<\/p>\n<p>Ce colloque s&rsquo;int\u00e9ressera ainsi \u00e0 l&rsquo;articulation entre classe, race et genre qui peut se jouer par exemple autour du concept de blanchit\u00e9 (<em>whiteness<\/em>), ce qui serait le rappel que la race ne concerne pas seulement les \u00ab autres \u00bb mais que la racialisation traverse la soci\u00e9t\u00e9 dans son ensemble. Les participants.e.s pourraient d\u00e9terminer la fa\u00e7on dont les syst\u00e8mes de pouvoir sont imbriqu\u00e9s et exploitent ceux qui sont les plus marginalis\u00e9s de la soci\u00e9t\u00e9. Comment la notion d&rsquo;intersectionnalit\u00e9 peut-elle interroger les analyses qui d\u00e9finissent chaque axe d&rsquo;oppression de mani\u00e8re isol\u00e9e ? Ainsi, la discrimination contre les femmes noires et pauvres peut-elle \u00eatre expliqu\u00e9e comme une combinaison de misogynie, de racisme et d&rsquo;exclusion sociale ? Comment l&rsquo;intersectionnalit\u00e9 a-t-elle abord\u00e9 les th\u00e8mes de la triple oppression ? Certaines f\u00e9ministes ont r\u00e9vis\u00e9 les \u00ab conceptualisations occidentales de l&rsquo;intersectionnalit\u00e9 \u00bb qui supposent que toutes les femmes subissent le m\u00eame type d&rsquo;oppression raciale et de genre. \u00c0 quoi se r\u00e9f\u00e8rent-elles ? Comment les pratiques appel\u00e9es \u00ab intersectionnelles \u00bb peuvent-elles \u00eatre mises en \u0153uvre ? Faut-il limiter l&rsquo;intersectionnalit\u00e9 \u00e0 la compr\u00e9hension des exp\u00e9riences individuelles et \u00e0 la th\u00e9orisation de l&rsquo;identit\u00e9 ? Est-elle id\u00e9ale pour explorer comment les cat\u00e9gories de race, de classe et de genre sont entrelac\u00e9es ? Peut-elle expliquer la fa\u00e7on dont la race est \u00ab genr\u00e9e \u00bb et dont le genre est \u00ab racialis\u00e9 \u00bb ?<\/p>\n<p>Ce colloque est ouvert \u00e0 toute proposition qui offre une nouvelle perspective et une nouvelle approche des questions de minorit\u00e9, de dominations plurielles et bien s\u00fbr d&rsquo;intersectionnalit\u00e9 associ\u00e9e \u00e0 la classe et aux in\u00e9galit\u00e9s aux \u00c9tats-Unis.<\/p>\n","protected":false},"excerpt":{"rendered":"<p>Chers et ch\u00e8res coll\u00e8gues, Veuillez trouver ci-dessous l&rsquo;appel \u00e0 communication pour un colloque qui se tiendra \u00e0 Lorient (Universit\u00e9 Bretagne [&hellip;]<\/p>\n","protected":false},"author":1,"featured_media":0,"comment_status":"closed","ping_status":"open","sticky":false,"template":"","format":"standard","meta":{"_uag_custom_page_level_css":"","site-sidebar-layout":"default","site-content-layout":"","ast-site-content-layout":"default","site-content-style":"default","site-sidebar-style":"default","ast-global-header-display":"","ast-banner-title-visibility":"","ast-main-header-display":"","ast-hfb-above-header-display":"","ast-hfb-below-header-display":"","ast-hfb-mobile-header-display":"","site-post-title":"","ast-breadcrumbs-content":"","ast-featured-img":"","footer-sml-layout":"","ast-disable-related-posts":"","theme-transparent-header-meta":"","adv-header-id-meta":"","stick-header-meta":"","header-above-stick-meta":"","header-main-stick-meta":"","header-below-stick-meta":"","astra-migrate-meta-layouts":"set","ast-page-background-enabled":"default","ast-page-background-meta":{"desktop":{"background-color":"var(--ast-global-color-5)","background-image":"","background-repeat":"repeat","background-position":"center center","background-size":"auto","background-attachment":"scroll","background-type":"","background-media":"","overlay-type":"","overlay-color":"","overlay-opacity":"","overlay-gradient":""},"tablet":{"background-color":"","background-image":"","background-repeat":"repeat","background-position":"center center","background-size":"auto","background-attachment":"scroll","background-type":"","background-media":"","overlay-type":"","overlay-color":"","overlay-opacity":"","overlay-gradient":""},"mobile":{"background-color":"","background-image":"","background-repeat":"repeat","background-position":"center center","background-size":"auto","background-attachment":"scroll","background-type":"","background-media":"","overlay-type":"","overlay-color":"","overlay-opacity":"","overlay-gradient":""}},"ast-content-background-meta":{"desktop":{"background-color":"var(--ast-global-color-4)","background-image":"","background-repeat":"repeat","background-position":"center center","background-size":"auto","background-attachment":"scroll","background-type":"","background-media":"","overlay-type":"","overlay-color":"","overlay-opacity":"","overlay-gradient":""},"tablet":{"background-color":"var(--ast-global-color-4)","background-image":"","background-repeat":"repeat","background-position":"center center","background-size":"auto","background-attachment":"scroll","background-type":"","background-media":"","overlay-type":"","overlay-color":"","overlay-opacity":"","overlay-gradient":""},"mobile":{"background-color":"var(--ast-global-color-4)","background-image":"","background-repeat":"repeat","background-position":"center center","background-size":"auto","background-attachment":"scroll","background-type":"","background-media":"","overlay-type":"","overlay-color":"","overlay-opacity":"","overlay-gradient":""}},"_jetpack_memberships_contains_paid_content":false,"footnotes":""},"categories":[99],"tags":[912,1525,951,1523,1524,185],"class_list":["post-3411","post","type-post","status-publish","format-standard","hentry","category-cfp","tag-classe","tag-dominations","tag-genre","tag-intersectionnalite","tag-minorites","tag-race"],"jetpack_featured_media_url":"","uagb_featured_image_src":{"full":false,"thumbnail":false,"medium":false,"medium_large":false,"large":false,"1536x1536":false,"2048x2048":false},"uagb_author_info":{"display_name":"Admin","author_link":"https:\/\/afea.fr\/news\/author\/yanb\/"},"uagb_comment_info":0,"uagb_excerpt":"Chers et ch\u00e8res coll\u00e8gues, Veuillez trouver ci-dessous l&rsquo;appel \u00e0 communication pour un colloque qui se tiendra \u00e0 Lorient (Universit\u00e9 Bretagne [&hellip;]","jetpack_sharing_enabled":true,"_links":{"self":[{"href":"https:\/\/afea.fr\/news\/wp-json\/wp\/v2\/posts\/3411"}],"collection":[{"href":"https:\/\/afea.fr\/news\/wp-json\/wp\/v2\/posts"}],"about":[{"href":"https:\/\/afea.fr\/news\/wp-json\/wp\/v2\/types\/post"}],"author":[{"embeddable":true,"href":"https:\/\/afea.fr\/news\/wp-json\/wp\/v2\/users\/1"}],"replies":[{"embeddable":true,"href":"https:\/\/afea.fr\/news\/wp-json\/wp\/v2\/comments?post=3411"}],"version-history":[{"count":1,"href":"https:\/\/afea.fr\/news\/wp-json\/wp\/v2\/posts\/3411\/revisions"}],"predecessor-version":[{"id":3423,"href":"https:\/\/afea.fr\/news\/wp-json\/wp\/v2\/posts\/3411\/revisions\/3423"}],"wp:attachment":[{"href":"https:\/\/afea.fr\/news\/wp-json\/wp\/v2\/media?parent=3411"}],"wp:term":[{"taxonomy":"category","embeddable":true,"href":"https:\/\/afea.fr\/news\/wp-json\/wp\/v2\/categories?post=3411"},{"taxonomy":"post_tag","embeddable":true,"href":"https:\/\/afea.fr\/news\/wp-json\/wp\/v2\/tags?post=3411"}],"curies":[{"name":"wp","href":"https:\/\/api.w.org\/{rel}","templated":true}]}}