{"id":3410,"date":"2023-10-26T11:05:43","date_gmt":"2023-10-26T09:05:43","guid":{"rendered":"https:\/\/afea.fr\/news\/seminar\/sem-w19-27-octobre-o-simeon-a-narvaez\/3410\/"},"modified":"2023-10-26T11:05:43","modified_gmt":"2023-10-26T09:05:43","slug":"sem-w19-27-octobre-o-simeon-a-narvaez","status":"publish","type":"post","link":"https:\/\/afea.fr\/news\/seminar\/sem-w19-27-octobre-o-simeon-a-narvaez\/3410\/","title":{"rendered":"SEM W19 &#8211; 27 octobre &#8211; O. Sim\u00e9on \/ A. Narvaez"},"content":{"rendered":"<p>Ch\u00e8res et chers coll\u00e8gues,<\/p>\n<p>La premi\u00e8re s\u00e9ance du s\u00e9minaire Nineteenth-Century Worlds (W19), intitul\u00e9e \u00ab R\u00e9seaux f\u00e9ministes transnationaux \u00bb, se tiendra<strong> vendredi 27 octobre de 14h \u00e0 16h<\/strong> au b\u00e2timent Max Weber de l\u2019universit\u00e9 Paris Nanterre (salle de s\u00e9minaire 1).<\/p>\n<p><strong>Oph\u00e9lie Sim\u00e9on<\/strong> (Universit\u00e9 Sorbonne Nouvelle) pr\u00e9sentera son article paru dans le dernier num\u00e9ro de la <em>Revue d\u2019histoire du XIXe si\u00e8cle<\/em>, \u00ab Vers une \u201cassociation universelle\u201d des femmes ? \u00c9mancipation, circulations intellectuelles et r\u00e9seaux franco-britanniques dans la <em>Tribune des femmes<\/em> et <em>The Crisis<\/em> (1832\u20111834) \u00bb.<\/p>\n<p><strong>Aur\u00e9liane Narvaez<\/strong> (Universit\u00e9 Paris Nanterre) pr\u00e9sentera une communication intitul\u00e9e \u00ab \u201c<em>A kind of Thomas Paine among her sisterhood<\/em>\u201d : la libre pens\u00e9e cosmopolite d\u2019Ernestine Rose et les sources h\u00e9t\u00e9rodoxes du militantisme pour les droits des femmes aux \u00c9tats-Unis (1830-1860) \u00bb.<\/p>\n<p>Les r\u00e9sum\u00e9s des interventions sont consultables \u00e0 la page suivante :<\/p>\n<p><a href=\"https:\/\/crea.parisnanterre.fr\/seminaires\/w19-reseaux-feministes-transnationaux\">https:\/\/crea.parisnanterre.fr\/seminaires\/w19-reseaux-feministes-transnationaux<\/a><\/p>\n<p>La s\u00e9ance pourra \u00eatre suivie \u00e0 distance. Merci de nous contacter (michael.roy\/ anarvaez) si vous souhaitez obtenir le lien de connexion.<\/p>\n<p>Le programme complet du s\u00e9minaire est \u00e9galement disponible via le lien suivant : <a href=\"https:\/\/crea.parisnanterre.fr\/seminaires\/nineteenth-century-worlds-w19\">https:\/\/crea.parisnanterre.fr\/seminaires\/nineteenth-century-worlds-w19<\/a><\/p>\n<p>Bien cordialement,<br \/>\nAur\u00e9liane Narvaez et Micha\u00ebl Roy<\/p>\n","protected":false},"excerpt":{"rendered":"<p>Ch\u00e8res et chers coll\u00e8gues, La premi\u00e8re s\u00e9ance du s\u00e9minaire Nineteenth-Century Worlds (W19), intitul\u00e9e \u00ab R\u00e9seaux f\u00e9ministes transnationaux \u00bb, se tiendra [&hellip;]<\/p>\n","protected":false},"author":1,"featured_media":0,"comment_status":"","ping_status":"open","sticky":false,"template":"","format":"standard","meta":{"_uag_custom_page_level_css":"","site-sidebar-layout":"default","site-content-layout":"","ast-site-content-layout":"default","site-content-style":"default","site-sidebar-style":"default","ast-global-header-display":"","ast-banner-title-visibility":"","ast-main-header-display":"","ast-hfb-above-header-display":"","ast-hfb-below-header-display":"","ast-hfb-mobile-header-display":"","site-post-title":"","ast-breadcrumbs-content":"","ast-featured-img":"","footer-sml-layout":"","ast-disable-related-posts":"","theme-transparent-header-meta":"","adv-header-id-meta":"","stick-header-meta":"","header-above-stick-meta":"","header-main-stick-meta":"","header-below-stick-meta":"","astra-migrate-meta-layouts":"default","ast-page-background-enabled":"default","ast-page-background-meta":{"desktop":{"background-color":"var(--ast-global-color-5)","background-image":"","background-repeat":"repeat","background-position":"center center","background-size":"auto","background-attachment":"scroll","background-type":"","background-media":"","overlay-type":"","overlay-color":"","overlay-opacity":"","overlay-gradient":""},"tablet":{"background-color":"","background-image":"","background-repeat":"repeat","background-position":"center center","background-size":"auto","background-attachment":"scroll","background-type":"","background-media":"","overlay-type":"","overlay-color":"","overlay-opacity":"","overlay-gradient":""},"mobile":{"background-color":"","background-image":"","background-repeat":"repeat","background-position":"center center","background-size":"auto","background-attachment":"scroll","background-type":"","background-media":"","overlay-type":"","overlay-color":"","overlay-opacity":"","overlay-gradient":""}},"ast-content-background-meta":{"desktop":{"background-color":"var(--ast-global-color-4)","background-image":"","background-repeat":"repeat","background-position":"center center","background-size":"auto","background-attachment":"scroll","background-type":"","background-media":"","overlay-type":"","overlay-color":"","overlay-opacity":"","overlay-gradient":""},"tablet":{"background-color":"var(--ast-global-color-4)","background-image":"","background-repeat":"repeat","background-position":"center center","background-size":"auto","background-attachment":"scroll","background-type":"","background-media":"","overlay-type":"","overlay-color":"","overlay-opacity":"","overlay-gradient":""},"mobile":{"background-color":"var(--ast-global-color-4)","background-image":"","background-repeat":"repeat","background-position":"center center","background-size":"auto","background-attachment":"scroll","background-type":"","background-media":"","overlay-type":"","overlay-color":"","overlay-opacity":"","overlay-gradient":""}},"_jetpack_memberships_contains_paid_content":false,"footnotes":""},"categories":[100],"tags":[1601,1600,1599],"class_list":["post-3410","post","type-post","status-publish","format-standard","hentry","category-seminar","tag-circulations","tag-emancipation","tag-womens-rights"],"jetpack_featured_media_url":"","uagb_featured_image_src":{"full":false,"thumbnail":false,"medium":false,"medium_large":false,"large":false,"1536x1536":false,"2048x2048":false},"uagb_author_info":{"display_name":"Admin","author_link":"https:\/\/afea.fr\/news\/author\/yanb\/"},"uagb_comment_info":0,"uagb_excerpt":"Ch\u00e8res et chers coll\u00e8gues, La premi\u00e8re s\u00e9ance du s\u00e9minaire Nineteenth-Century Worlds (W19), intitul\u00e9e \u00ab R\u00e9seaux f\u00e9ministes transnationaux \u00bb, se tiendra [&hellip;]","jetpack_sharing_enabled":true,"_links":{"self":[{"href":"https:\/\/afea.fr\/news\/wp-json\/wp\/v2\/posts\/3410"}],"collection":[{"href":"https:\/\/afea.fr\/news\/wp-json\/wp\/v2\/posts"}],"about":[{"href":"https:\/\/afea.fr\/news\/wp-json\/wp\/v2\/types\/post"}],"author":[{"embeddable":true,"href":"https:\/\/afea.fr\/news\/wp-json\/wp\/v2\/users\/1"}],"replies":[{"embeddable":true,"href":"https:\/\/afea.fr\/news\/wp-json\/wp\/v2\/comments?post=3410"}],"version-history":[{"count":0,"href":"https:\/\/afea.fr\/news\/wp-json\/wp\/v2\/posts\/3410\/revisions"}],"wp:attachment":[{"href":"https:\/\/afea.fr\/news\/wp-json\/wp\/v2\/media?parent=3410"}],"wp:term":[{"taxonomy":"category","embeddable":true,"href":"https:\/\/afea.fr\/news\/wp-json\/wp\/v2\/categories?post=3410"},{"taxonomy":"post_tag","embeddable":true,"href":"https:\/\/afea.fr\/news\/wp-json\/wp\/v2\/tags?post=3410"}],"curies":[{"name":"wp","href":"https:\/\/api.w.org\/{rel}","templated":true}]}}