{"id":3400,"date":"2023-10-20T09:33:34","date_gmt":"2023-10-20T07:33:34","guid":{"rendered":"https:\/\/afea.fr\/news\/seminar\/sem-laraja-a-upc-mardi-24-a-17h30-why-small-donor-democracy-worsens-us-politics\/3400\/"},"modified":"2023-10-20T09:33:34","modified_gmt":"2023-10-20T07:33:34","slug":"sem-laraja-a-upc-mardi-24-a-17h30-why-small-donor-democracy-worsens-us-politics","status":"publish","type":"post","link":"https:\/\/afea.fr\/news\/seminar\/sem-laraja-a-upc-mardi-24-a-17h30-why-small-donor-democracy-worsens-us-politics\/3400\/","title":{"rendered":"SEM LaRaja \u00e0 UPC mardi 24 \u00e0 17h30: Why Small Donor Democracy Worsens US Politics?"},"content":{"rendered":"<p>Ch\u00e8res et chers coll\u00e8gues,<\/p>\n<p>Les membres de l&rsquo;axe \u00ab\u00a0Histoire du politique\u00a0\u00bb du LARCA (UMR 8225) ont le plaisir de vous convier \u00e0 la prochaine s\u00e9ance de leur s\u00e9minaire, \u00e0 l&rsquo;occasion de laquelle nous recevrons le politiste <a href=\"https:\/\/polsci.umass.edu\/people\/ray-la-raja\">Ray La Raja<\/a>, professeur \u00e0 l&rsquo;Universit\u00e9 du Massachusetts \u00e0 Amherst, pour une s\u00e9ance autour du financement des campagnes \u00e9lectorales aux \u00c9tats-Unis intitul\u00e9e \u00ab\u00a0<strong>Why Small Donor Democracy Worsens US Politics<\/strong>?\u00a0\u00bb. Son intervention sera discut\u00e9e par <a href=\"https:\/\/larca.u-paris.fr\/membre\/sebastiani-clara\/\">Clara Sebastiani<\/a> (LARCA).<\/p>\n<p>La s\u00e9ance aura lieu le <strong>mardi 24 octobre de 17h30 \u00e0 19h<\/strong> en pr\u00e9sentiel \u00e0 Universit\u00e9 Paris Cit\u00e9, b\u00e2timent Olympe de Gouges (place Paul Ricoeur, dans le 13e), salle 830 (8e \u00e9tage).<br \/>\nVous pouvez y acc\u00e9der en laissant une pi\u00e8ce d&rsquo;identit\u00e9 \u00e0 l&rsquo;accueil en \u00e9change d&rsquo;un badge pour l&rsquo;ascenseur. N&rsquo;h\u00e9sitez pas \u00e0 me contacter \u00e0 hugo.bouvard si vous avez des questions \u00e0 propos de l&rsquo;accessibilit\u00e9.<\/p>\n<p>Vous trouverez le reste du programme du s\u00e9minaire pour l&rsquo;ann\u00e9e \u00e0 venir en cliquant <a href=\"https:\/\/larca.u-paris.fr\/seminaires-fr\/histoire-du-politique\/\">ici<\/a>.<\/p>\n<p>En esp\u00e9rant vous voir nombreux et nombreuses mardi,<br \/>\nCordialement,<br \/>\nHugo Bouvard, pour l&rsquo;axe Histoire du politique du LARCA.<\/p>\n","protected":false},"excerpt":{"rendered":"<p>Ch\u00e8res et chers coll\u00e8gues, Les membres de l&rsquo;axe \u00ab\u00a0Histoire du politique\u00a0\u00bb du LARCA (UMR 8225) ont le plaisir de vous [&hellip;]<\/p>\n","protected":false},"author":1,"featured_media":0,"comment_status":"","ping_status":"open","sticky":false,"template":"","format":"standard","meta":{"_uag_custom_page_level_css":"","site-sidebar-layout":"default","site-content-layout":"","ast-site-content-layout":"default","site-content-style":"default","site-sidebar-style":"default","ast-global-header-display":"","ast-banner-title-visibility":"","ast-main-header-display":"","ast-hfb-above-header-display":"","ast-hfb-below-header-display":"","ast-hfb-mobile-header-display":"","site-post-title":"","ast-breadcrumbs-content":"","ast-featured-img":"","footer-sml-layout":"","ast-disable-related-posts":"","theme-transparent-header-meta":"","adv-header-id-meta":"","stick-header-meta":"","header-above-stick-meta":"","header-main-stick-meta":"","header-below-stick-meta":"","astra-migrate-meta-layouts":"default","ast-page-background-enabled":"default","ast-page-background-meta":{"desktop":{"background-color":"var(--ast-global-color-5)","background-image":"","background-repeat":"repeat","background-position":"center center","background-size":"auto","background-attachment":"scroll","background-type":"","background-media":"","overlay-type":"","overlay-color":"","overlay-opacity":"","overlay-gradient":""},"tablet":{"background-color":"","background-image":"","background-repeat":"repeat","background-position":"center center","background-size":"auto","background-attachment":"scroll","background-type":"","background-media":"","overlay-type":"","overlay-color":"","overlay-opacity":"","overlay-gradient":""},"mobile":{"background-color":"","background-image":"","background-repeat":"repeat","background-position":"center center","background-size":"auto","background-attachment":"scroll","background-type":"","background-media":"","overlay-type":"","overlay-color":"","overlay-opacity":"","overlay-gradient":""}},"ast-content-background-meta":{"desktop":{"background-color":"var(--ast-global-color-4)","background-image":"","background-repeat":"repeat","background-position":"center center","background-size":"auto","background-attachment":"scroll","background-type":"","background-media":"","overlay-type":"","overlay-color":"","overlay-opacity":"","overlay-gradient":""},"tablet":{"background-color":"var(--ast-global-color-4)","background-image":"","background-repeat":"repeat","background-position":"center center","background-size":"auto","background-attachment":"scroll","background-type":"","background-media":"","overlay-type":"","overlay-color":"","overlay-opacity":"","overlay-gradient":""},"mobile":{"background-color":"var(--ast-global-color-4)","background-image":"","background-repeat":"repeat","background-position":"center center","background-size":"auto","background-attachment":"scroll","background-type":"","background-media":"","overlay-type":"","overlay-color":"","overlay-opacity":"","overlay-gradient":""}},"_jetpack_memberships_contains_paid_content":false,"footnotes":""},"categories":[100],"tags":[184,1593,158,1592],"class_list":["post-3400","post","type-post","status-publish","format-standard","hentry","category-seminar","tag-democracy","tag-donation","tag-politics","tag-small-donors"],"jetpack_featured_media_url":"","uagb_featured_image_src":{"full":false,"thumbnail":false,"medium":false,"medium_large":false,"large":false,"1536x1536":false,"2048x2048":false},"uagb_author_info":{"display_name":"Admin","author_link":"https:\/\/afea.fr\/news\/author\/yanb\/"},"uagb_comment_info":0,"uagb_excerpt":"Ch\u00e8res et chers coll\u00e8gues, Les membres de l&rsquo;axe \u00ab\u00a0Histoire du politique\u00a0\u00bb du LARCA (UMR 8225) ont le plaisir de vous [&hellip;]","jetpack_sharing_enabled":true,"_links":{"self":[{"href":"https:\/\/afea.fr\/news\/wp-json\/wp\/v2\/posts\/3400"}],"collection":[{"href":"https:\/\/afea.fr\/news\/wp-json\/wp\/v2\/posts"}],"about":[{"href":"https:\/\/afea.fr\/news\/wp-json\/wp\/v2\/types\/post"}],"author":[{"embeddable":true,"href":"https:\/\/afea.fr\/news\/wp-json\/wp\/v2\/users\/1"}],"replies":[{"embeddable":true,"href":"https:\/\/afea.fr\/news\/wp-json\/wp\/v2\/comments?post=3400"}],"version-history":[{"count":0,"href":"https:\/\/afea.fr\/news\/wp-json\/wp\/v2\/posts\/3400\/revisions"}],"wp:attachment":[{"href":"https:\/\/afea.fr\/news\/wp-json\/wp\/v2\/media?parent=3400"}],"wp:term":[{"taxonomy":"category","embeddable":true,"href":"https:\/\/afea.fr\/news\/wp-json\/wp\/v2\/categories?post=3400"},{"taxonomy":"post_tag","embeddable":true,"href":"https:\/\/afea.fr\/news\/wp-json\/wp\/v2\/tags?post=3400"}],"curies":[{"name":"wp","href":"https:\/\/api.w.org\/{rel}","templated":true}]}}