{"id":3399,"date":"2023-10-20T09:32:09","date_gmt":"2023-10-20T07:32:09","guid":{"rendered":"https:\/\/afea.fr\/news\/seminar\/seminaire-intermedialites-sensibles-restitutions-du-vivant-universite-de-bourg-ogne-dijon-27-octobre\/3399\/"},"modified":"2023-10-20T09:37:46","modified_gmt":"2023-10-20T07:37:46","slug":"seminaire-intermedialites-sensibles-restitutions-du-vivant-universite-de-bourg-ogne-dijon-27-octobre","status":"publish","type":"post","link":"https:\/\/afea.fr\/news\/seminar\/seminaire-intermedialites-sensibles-restitutions-du-vivant-universite-de-bourg-ogne-dijon-27-octobre\/3399\/","title":{"rendered":"S\u00e9minaire \u00ab\u00a0Interm\u00e9dialit\u00e9s sensibles: Restitution(s) du vivant\u00a0\u00bb, Universit\u00e9 de Bourg ogne (Dijon) &#8211; 27 octobre"},"content":{"rendered":"<p>Ch\u00e8res et chers coll\u00e8gues,<\/p>\n<p>L\u2019\u00e9quipe \u00ab Image et Critique \u00bb du Centre Interlangues TIL (EA 4182) de l\u2019Universit\u00e9 de Bourgogne lance son nouveau s\u00e9minaire <strong>\u00ab Interm\u00e9dialit\u00e9s sensibles : restitution(s) du vivant \u00bb <\/strong>(voir notre Carnet Hypoth\u00e8ses <a href=\"https:\/\/ictil.hypotheses.org\/\"><strong>ici<\/strong><\/a>).<\/p>\n<p>La premi\u00e8re s\u00e9ance du s\u00e9minaire portera sur la mus\u00e9ologie exp\u00e9rimentale et s\u2019int\u00e9ressera \u00e0 la question de la restitution en mati\u00e8re de paysage. Elle aura lieu <strong>vendredi 27 octobre (10h \u00e0 12h)<\/strong> en <strong>format hybride<\/strong> : elle se tiendra en pr\u00e9sentiel \u00e0 la <strong>MSH de Dijon<\/strong> (\u00e0 l\u2019amphith\u00e9\u00e2tre) et sur <strong>Teams<\/strong>.<br \/>\nNous aurons le plaisir d\u2019accueillir <strong>Daniel Jaquet<\/strong> du laboratoire eM+ de l\u2019EPFL. Il nous montrera comment on s\u2019effor\u00e7ait au 19\u00e8 si\u00e8cle de cr\u00e9er une illusion d\u2019immersion par l\u2019entremise d\u2019immenses panoramas peints et comment ce premier \u00ab m\u00e9dia de masse \u00bb \u00e9claire les exp\u00e9riences d\u2019immersion virtuelle que permet aujourd\u2019hui la technologie num\u00e9rique (r\u00e9alit\u00e9 virtuelle et immersion, r\u00e9alit\u00e9 augment\u00e9e). A l\u2019appui de son propos, Daniel Jaquet pr\u00e9sentera notamment le projet DIAGRAM qui vise \u00e0 cr\u00e9er le double num\u00e9rique d\u2019un panorama peint de 1000m2 repr\u00e9sentant la bataille de Morat qui opposa en 1476 les Conf\u00e9d\u00e9r\u00e9s suisses et les troupes du Duc de Bourgogne, Charles Le T\u00e9m\u00e9raire. (<a href=\"https:\/\/www.epfl.ch\/labs\/emplus\/projects\/diagram\/\">Projet DIAGRAM<\/a>)<\/p>\n<p><strong>Si vous souhaitez assister \u00e0 cette s\u00e9ance \u00e0 distance, contactez : <a href=\"mailto:christelle.chaussinand@u-bourgogne.fr\" target=\"_blank\" rel=\"noopener nofollow noreferrer\">christelle.chaussinand@u-bourgogne.fr<\/a><\/strong><\/p>\n<p>Cette s\u00e9ance de s\u00e9minaire est organis\u00e9e de concert avec une JE Accessibilit\u00e9 organis\u00e9e par l&rsquo;\u00e9quipe \u00ab Mod\u00e8le et Discours \u00bb de Centre Interlangues TIL et le Master T2M. Le programme g\u00e9n\u00e9ral est accessible <a href=\"https:\/\/events.teams.microsoft.com\/event\/a4eb87e7-b414-4aa7-97e5-ee6afc792bba@2fa58faf-7eb1-48b9-9964-a92659d1c5b8\">ici<\/a>.<\/p>\n<p>Christelle Ser\u00e9e-Chaussinand<\/p>\n","protected":false},"excerpt":{"rendered":"<p>Ch\u00e8res et chers coll\u00e8gues, L\u2019\u00e9quipe \u00ab Image et Critique \u00bb du Centre Interlangues TIL (EA 4182) de l\u2019Universit\u00e9 de Bourgogne [&hellip;]<\/p>\n","protected":false},"author":1,"featured_media":0,"comment_status":"closed","ping_status":"open","sticky":false,"template":"","format":"standard","meta":{"_uag_custom_page_level_css":"","site-sidebar-layout":"default","site-content-layout":"","ast-site-content-layout":"default","site-content-style":"default","site-sidebar-style":"default","ast-global-header-display":"","ast-banner-title-visibility":"","ast-main-header-display":"","ast-hfb-above-header-display":"","ast-hfb-below-header-display":"","ast-hfb-mobile-header-display":"","site-post-title":"","ast-breadcrumbs-content":"","ast-featured-img":"","footer-sml-layout":"","ast-disable-related-posts":"","theme-transparent-header-meta":"","adv-header-id-meta":"","stick-header-meta":"","header-above-stick-meta":"","header-main-stick-meta":"","header-below-stick-meta":"","astra-migrate-meta-layouts":"set","ast-page-background-enabled":"default","ast-page-background-meta":{"desktop":{"background-color":"var(--ast-global-color-5)","background-image":"","background-repeat":"repeat","background-position":"center center","background-size":"auto","background-attachment":"scroll","background-type":"","background-media":"","overlay-type":"","overlay-color":"","overlay-opacity":"","overlay-gradient":""},"tablet":{"background-color":"","background-image":"","background-repeat":"repeat","background-position":"center center","background-size":"auto","background-attachment":"scroll","background-type":"","background-media":"","overlay-type":"","overlay-color":"","overlay-opacity":"","overlay-gradient":""},"mobile":{"background-color":"","background-image":"","background-repeat":"repeat","background-position":"center center","background-size":"auto","background-attachment":"scroll","background-type":"","background-media":"","overlay-type":"","overlay-color":"","overlay-opacity":"","overlay-gradient":""}},"ast-content-background-meta":{"desktop":{"background-color":"var(--ast-global-color-4)","background-image":"","background-repeat":"repeat","background-position":"center center","background-size":"auto","background-attachment":"scroll","background-type":"","background-media":"","overlay-type":"","overlay-color":"","overlay-opacity":"","overlay-gradient":""},"tablet":{"background-color":"var(--ast-global-color-4)","background-image":"","background-repeat":"repeat","background-position":"center center","background-size":"auto","background-attachment":"scroll","background-type":"","background-media":"","overlay-type":"","overlay-color":"","overlay-opacity":"","overlay-gradient":""},"mobile":{"background-color":"var(--ast-global-color-4)","background-image":"","background-repeat":"repeat","background-position":"center center","background-size":"auto","background-attachment":"scroll","background-type":"","background-media":"","overlay-type":"","overlay-color":"","overlay-opacity":"","overlay-gradient":""}},"_jetpack_memberships_contains_paid_content":false,"footnotes":""},"categories":[100],"tags":[1591,1587,1590,1589,1588],"class_list":["post-3399","post","type-post","status-publish","format-standard","hentry","category-seminar","tag-immersion-virtuelle","tag-intermedialites-sensibles","tag-media-de-masse","tag-restitutions","tag-vivant"],"jetpack_featured_media_url":"","uagb_featured_image_src":{"full":false,"thumbnail":false,"medium":false,"medium_large":false,"large":false,"1536x1536":false,"2048x2048":false},"uagb_author_info":{"display_name":"Admin","author_link":"https:\/\/afea.fr\/news\/author\/yanb\/"},"uagb_comment_info":0,"uagb_excerpt":"Ch\u00e8res et chers coll\u00e8gues, L\u2019\u00e9quipe \u00ab Image et Critique \u00bb du Centre Interlangues TIL (EA 4182) de l\u2019Universit\u00e9 de Bourgogne [&hellip;]","jetpack_sharing_enabled":true,"_links":{"self":[{"href":"https:\/\/afea.fr\/news\/wp-json\/wp\/v2\/posts\/3399"}],"collection":[{"href":"https:\/\/afea.fr\/news\/wp-json\/wp\/v2\/posts"}],"about":[{"href":"https:\/\/afea.fr\/news\/wp-json\/wp\/v2\/types\/post"}],"author":[{"embeddable":true,"href":"https:\/\/afea.fr\/news\/wp-json\/wp\/v2\/users\/1"}],"replies":[{"embeddable":true,"href":"https:\/\/afea.fr\/news\/wp-json\/wp\/v2\/comments?post=3399"}],"version-history":[{"count":1,"href":"https:\/\/afea.fr\/news\/wp-json\/wp\/v2\/posts\/3399\/revisions"}],"predecessor-version":[{"id":3403,"href":"https:\/\/afea.fr\/news\/wp-json\/wp\/v2\/posts\/3399\/revisions\/3403"}],"wp:attachment":[{"href":"https:\/\/afea.fr\/news\/wp-json\/wp\/v2\/media?parent=3399"}],"wp:term":[{"taxonomy":"category","embeddable":true,"href":"https:\/\/afea.fr\/news\/wp-json\/wp\/v2\/categories?post=3399"},{"taxonomy":"post_tag","embeddable":true,"href":"https:\/\/afea.fr\/news\/wp-json\/wp\/v2\/tags?post=3399"}],"curies":[{"name":"wp","href":"https:\/\/api.w.org\/{rel}","templated":true}]}}