{"id":3398,"date":"2023-10-20T09:26:49","date_gmt":"2023-10-20T07:26:49","guid":{"rendered":"https:\/\/afea.fr\/news\/cfp\/cfp-colloque-pas-de-reconciliation-sans-decolonisation-poitiers-mars-2024-2\/3398\/"},"modified":"2023-10-20T09:26:49","modified_gmt":"2023-10-20T07:26:49","slug":"cfp-colloque-pas-de-reconciliation-sans-decolonisation-poitiers-mars-2024-2","status":"publish","type":"post","link":"https:\/\/afea.fr\/news\/cfp\/cfp-colloque-pas-de-reconciliation-sans-decolonisation-poitiers-mars-2024-2\/3398\/","title":{"rendered":"CFP Colloque \u00ab\u00a0Pas de (r\u00e9)conciliation sans d\u00e9colonisation ?\u00a0\u00bb, Poitiers, mars 2024"},"content":{"rendered":"<p>Chers et ch\u00e8res coll\u00e8gues,<\/p>\n<p>J&rsquo;ai le plaisir de vous transmettre le lien vers notre appel \u00e0 communication (fran\u00e7ais\/anglais) pour le colloque international \u00ab\u00a0<strong>Pas de (r\u00e9)conciliation sans d\u00e9colonisation ? Dialogue(s) et dissonance(s) entre communaut\u00e9s autochtones, allochtones et autorit\u00e9s publiques en Am\u00e9rique du Nord\u00a0\u00bb<\/strong> que nous organisons avec mes coll\u00e8gues Andr\u00e9 Magord et Julien Zarifian. Le colloque aura lieu les 7, 8 et 9 mars 2024, \u00e0 l&rsquo;Universit\u00e9 de Poitiers.<\/p>\n<p>Voici le lien vers l&rsquo;appel \u00e0 communication: <a href=\"https:\/\/mimmoc.labo.univ-poitiers.fr\/colloque-international-pas-de-reconciliation-sans-decolonisation\/\">https:\/\/mimmoc.labo.univ-poitiers.fr\/colloque-international-pas-de-reconciliation-sans-decolonisation\/<\/a><\/p>\n<p>Nous nous r\u00e9jouissons de recevoir des propositions des coll\u00e8gues.<\/p>\n<p>Merci beaucoup et tr\u00e8s bonne journ\u00e9e.<\/p>\n<p>Bien cordialement,<\/p>\n<p>Kelly Fazilleau<\/p>\n<p>Ma\u00eetre de conf\u00e9rences en civilisation nord-am\u00e9ricaine<br \/>\nMembre du MIMMOC (EA 3812) <a href=\"http:\/\/mimmoc.labo.univ-poitiers.fr\">http:\/\/mimmoc.labo.univ-poitiers.fr<\/a><br \/>\nD\u00e9partement d&rsquo;\u00e9tudes anglophones &#8211; bureau A108<br \/>\nFacult\u00e9 de Lettres et Langues- Universit\u00e9 de Poitiers<\/p>\n","protected":false},"excerpt":{"rendered":"<p>Chers et ch\u00e8res coll\u00e8gues, J&rsquo;ai le plaisir de vous transmettre le lien vers notre appel \u00e0 communication (fran\u00e7ais\/anglais) pour le [&hellip;]<\/p>\n","protected":false},"author":1,"featured_media":0,"comment_status":"","ping_status":"open","sticky":false,"template":"","format":"standard","meta":{"_uag_custom_page_level_css":"","site-sidebar-layout":"default","site-content-layout":"","ast-site-content-layout":"default","site-content-style":"default","site-sidebar-style":"default","ast-global-header-display":"","ast-banner-title-visibility":"","ast-main-header-display":"","ast-hfb-above-header-display":"","ast-hfb-below-header-display":"","ast-hfb-mobile-header-display":"","site-post-title":"","ast-breadcrumbs-content":"","ast-featured-img":"","footer-sml-layout":"","ast-disable-related-posts":"","theme-transparent-header-meta":"","adv-header-id-meta":"","stick-header-meta":"","header-above-stick-meta":"","header-main-stick-meta":"","header-below-stick-meta":"","astra-migrate-meta-layouts":"default","ast-page-background-enabled":"default","ast-page-background-meta":{"desktop":{"background-color":"var(--ast-global-color-5)","background-image":"","background-repeat":"repeat","background-position":"center center","background-size":"auto","background-attachment":"scroll","background-type":"","background-media":"","overlay-type":"","overlay-color":"","overlay-opacity":"","overlay-gradient":""},"tablet":{"background-color":"","background-image":"","background-repeat":"repeat","background-position":"center center","background-size":"auto","background-attachment":"scroll","background-type":"","background-media":"","overlay-type":"","overlay-color":"","overlay-opacity":"","overlay-gradient":""},"mobile":{"background-color":"","background-image":"","background-repeat":"repeat","background-position":"center center","background-size":"auto","background-attachment":"scroll","background-type":"","background-media":"","overlay-type":"","overlay-color":"","overlay-opacity":"","overlay-gradient":""}},"ast-content-background-meta":{"desktop":{"background-color":"var(--ast-global-color-4)","background-image":"","background-repeat":"repeat","background-position":"center center","background-size":"auto","background-attachment":"scroll","background-type":"","background-media":"","overlay-type":"","overlay-color":"","overlay-opacity":"","overlay-gradient":""},"tablet":{"background-color":"var(--ast-global-color-4)","background-image":"","background-repeat":"repeat","background-position":"center center","background-size":"auto","background-attachment":"scroll","background-type":"","background-media":"","overlay-type":"","overlay-color":"","overlay-opacity":"","overlay-gradient":""},"mobile":{"background-color":"var(--ast-global-color-4)","background-image":"","background-repeat":"repeat","background-position":"center center","background-size":"auto","background-attachment":"scroll","background-type":"","background-media":"","overlay-type":"","overlay-color":"","overlay-opacity":"","overlay-gradient":""}},"_jetpack_memberships_contains_paid_content":false,"footnotes":""},"categories":[99],"tags":[1545,1586,1585,1542,1584,1543],"class_list":["post-3398","post","type-post","status-publish","format-standard","hentry","category-cfp","tag-allochtones","tag-autorites-publiques","tag-communautes-autochtones","tag-decolonisation","tag-dialogue-dissonance","tag-reconciliation"],"jetpack_featured_media_url":"","uagb_featured_image_src":{"full":false,"thumbnail":false,"medium":false,"medium_large":false,"large":false,"1536x1536":false,"2048x2048":false},"uagb_author_info":{"display_name":"Admin","author_link":"https:\/\/afea.fr\/news\/author\/yanb\/"},"uagb_comment_info":0,"uagb_excerpt":"Chers et ch\u00e8res coll\u00e8gues, J&rsquo;ai le plaisir de vous transmettre le lien vers notre appel \u00e0 communication (fran\u00e7ais\/anglais) pour le [&hellip;]","jetpack_sharing_enabled":true,"_links":{"self":[{"href":"https:\/\/afea.fr\/news\/wp-json\/wp\/v2\/posts\/3398"}],"collection":[{"href":"https:\/\/afea.fr\/news\/wp-json\/wp\/v2\/posts"}],"about":[{"href":"https:\/\/afea.fr\/news\/wp-json\/wp\/v2\/types\/post"}],"author":[{"embeddable":true,"href":"https:\/\/afea.fr\/news\/wp-json\/wp\/v2\/users\/1"}],"replies":[{"embeddable":true,"href":"https:\/\/afea.fr\/news\/wp-json\/wp\/v2\/comments?post=3398"}],"version-history":[{"count":0,"href":"https:\/\/afea.fr\/news\/wp-json\/wp\/v2\/posts\/3398\/revisions"}],"wp:attachment":[{"href":"https:\/\/afea.fr\/news\/wp-json\/wp\/v2\/media?parent=3398"}],"wp:term":[{"taxonomy":"category","embeddable":true,"href":"https:\/\/afea.fr\/news\/wp-json\/wp\/v2\/categories?post=3398"},{"taxonomy":"post_tag","embeddable":true,"href":"https:\/\/afea.fr\/news\/wp-json\/wp\/v2\/tags?post=3398"}],"curies":[{"name":"wp","href":"https:\/\/api.w.org\/{rel}","templated":true}]}}