{"id":3396,"date":"2023-10-20T09:19:05","date_gmt":"2023-10-20T07:19:05","guid":{"rendered":"https:\/\/afea.fr\/news\/conference-symposium\/journee-detude-justice-et-injustices-raciales-aux-etats-unis-27-octobre\/3396\/"},"modified":"2023-10-20T09:19:05","modified_gmt":"2023-10-20T07:19:05","slug":"journee-detude-justice-et-injustices-raciales-aux-etats-unis-27-octobre","status":"publish","type":"post","link":"https:\/\/afea.fr\/news\/conference-symposium\/journee-detude-justice-et-injustices-raciales-aux-etats-unis-27-octobre\/3396\/","title":{"rendered":"Journ\u00e9e d&rsquo;\u00e9tude \u00ab\u00a0Justice et injustices raciales aux Etats-Unis\u00a0\u00bb 27 octobre"},"content":{"rendered":"<p>Ch\u00e8res coll\u00e8gues, chers coll\u00e8gues<\/p>\n<p>Nous avons le plaisir de vous informer de la tenue de la journ\u00e9e d&rsquo;\u00e9tude \u00ab\u00a0Justice et injustices raciales aux Etats-Unis\u00a0\u00bb le vendredi 27 octobre, de 13h30 \u00e0 18h30, organis\u00e9e par David Diallo (IRM), Sarah-Marie Cabon (ISCJ) et Thomas Acar (CERCCLE).<\/p>\n<p>Cet \u00e9v\u00e8nement est sans inscription et aura lieu \u00e0 l&rsquo;amphi Duguit au p\u00f4le juridique et judiciaire de l&rsquo;Universit\u00e9 de Bordeaux. Il est \u00e9galement possible d&rsquo;y assister par zoom (lien de connexion : <a href=\"https:\/\/u-bordeaux-fr.zoom.us\/j\/87821620818?pwd=R2xxQlVFWHhCZ1FudTl5OEVkQkhhdz09\">https:\/\/u-bordeaux-fr.zoom.us\/j\/87821620818?pwd=R2xxQlVFWHhCZ1FudTl5OEVkQkhhdz09<\/a> )<\/p>\n<p>Le but de cette journ\u00e9e d\u2019\u00e9tudes est de proposer une r\u00e9flexion crois\u00e9e et pluridisciplinaire sur l\u2019oppression juridique qui p\u00e8se sur certains groupes aux \u00c9tats-Unis. Cette r\u00e9flexion s\u2019articulera sur une analyse de l\u2019histoire intellectuelle du droit US, dont plusieurs doctrines juridiques h\u00e9rit\u00e9es des p\u00e9riodes d\u2019esclavage et s\u00e9gr\u00e9gationnistes ont contribu\u00e9 \u00e0 la s\u00e9dimentation d\u2019un traitement asym\u00e9trique, notamment en mati\u00e8re de proc\u00e9dure p\u00e9nale, des populations noires du pays.<br \/>\nprogramme et affiche en suivant le lien ci-dessous:<\/p>\n<p><a href=\"https:\/\/irm.u-bordeaux.fr\/Actualites\/27-octobre-Justice-et-injustices-raciales-aux-Etats-Unis\">https:\/\/irm.u-bordeaux.fr\/Actualites\/27-octobre-Justice-et-injustices-raciales-aux-Etats-Unis<\/a><\/p>\n","protected":false},"excerpt":{"rendered":"<p>Ch\u00e8res coll\u00e8gues, chers coll\u00e8gues Nous avons le plaisir de vous informer de la tenue de la journ\u00e9e d&rsquo;\u00e9tude \u00ab\u00a0Justice et [&hellip;]<\/p>\n","protected":false},"author":1,"featured_media":0,"comment_status":"","ping_status":"open","sticky":false,"template":"","format":"standard","meta":{"_uag_custom_page_level_css":"","site-sidebar-layout":"default","site-content-layout":"","ast-site-content-layout":"default","site-content-style":"default","site-sidebar-style":"default","ast-global-header-display":"","ast-banner-title-visibility":"","ast-main-header-display":"","ast-hfb-above-header-display":"","ast-hfb-below-header-display":"","ast-hfb-mobile-header-display":"","site-post-title":"","ast-breadcrumbs-content":"","ast-featured-img":"","footer-sml-layout":"","ast-disable-related-posts":"","theme-transparent-header-meta":"","adv-header-id-meta":"","stick-header-meta":"","header-above-stick-meta":"","header-main-stick-meta":"","header-below-stick-meta":"","astra-migrate-meta-layouts":"default","ast-page-background-enabled":"default","ast-page-background-meta":{"desktop":{"background-color":"var(--ast-global-color-5)","background-image":"","background-repeat":"repeat","background-position":"center center","background-size":"auto","background-attachment":"scroll","background-type":"","background-media":"","overlay-type":"","overlay-color":"","overlay-opacity":"","overlay-gradient":""},"tablet":{"background-color":"","background-image":"","background-repeat":"repeat","background-position":"center center","background-size":"auto","background-attachment":"scroll","background-type":"","background-media":"","overlay-type":"","overlay-color":"","overlay-opacity":"","overlay-gradient":""},"mobile":{"background-color":"","background-image":"","background-repeat":"repeat","background-position":"center center","background-size":"auto","background-attachment":"scroll","background-type":"","background-media":"","overlay-type":"","overlay-color":"","overlay-opacity":"","overlay-gradient":""}},"ast-content-background-meta":{"desktop":{"background-color":"var(--ast-global-color-4)","background-image":"","background-repeat":"repeat","background-position":"center center","background-size":"auto","background-attachment":"scroll","background-type":"","background-media":"","overlay-type":"","overlay-color":"","overlay-opacity":"","overlay-gradient":""},"tablet":{"background-color":"var(--ast-global-color-4)","background-image":"","background-repeat":"repeat","background-position":"center center","background-size":"auto","background-attachment":"scroll","background-type":"","background-media":"","overlay-type":"","overlay-color":"","overlay-opacity":"","overlay-gradient":""},"mobile":{"background-color":"var(--ast-global-color-4)","background-image":"","background-repeat":"repeat","background-position":"center center","background-size":"auto","background-attachment":"scroll","background-type":"","background-media":"","overlay-type":"","overlay-color":"","overlay-opacity":"","overlay-gradient":""}},"_jetpack_memberships_contains_paid_content":false,"footnotes":""},"categories":[568],"tags":[893,1577,1513,1579,1578,1580],"class_list":["post-3396","post","type-post","status-publish","format-standard","hentry","category-conference-symposium","tag-esclavage","tag-injustice","tag-justice","tag-oppression-juridique","tag-racisme","tag-segregationnisme"],"jetpack_featured_media_url":"","uagb_featured_image_src":{"full":false,"thumbnail":false,"medium":false,"medium_large":false,"large":false,"1536x1536":false,"2048x2048":false},"uagb_author_info":{"display_name":"Admin","author_link":"https:\/\/afea.fr\/news\/author\/yanb\/"},"uagb_comment_info":0,"uagb_excerpt":"Ch\u00e8res coll\u00e8gues, chers coll\u00e8gues Nous avons le plaisir de vous informer de la tenue de la journ\u00e9e d&rsquo;\u00e9tude \u00ab\u00a0Justice et [&hellip;]","jetpack_sharing_enabled":true,"_links":{"self":[{"href":"https:\/\/afea.fr\/news\/wp-json\/wp\/v2\/posts\/3396"}],"collection":[{"href":"https:\/\/afea.fr\/news\/wp-json\/wp\/v2\/posts"}],"about":[{"href":"https:\/\/afea.fr\/news\/wp-json\/wp\/v2\/types\/post"}],"author":[{"embeddable":true,"href":"https:\/\/afea.fr\/news\/wp-json\/wp\/v2\/users\/1"}],"replies":[{"embeddable":true,"href":"https:\/\/afea.fr\/news\/wp-json\/wp\/v2\/comments?post=3396"}],"version-history":[{"count":0,"href":"https:\/\/afea.fr\/news\/wp-json\/wp\/v2\/posts\/3396\/revisions"}],"wp:attachment":[{"href":"https:\/\/afea.fr\/news\/wp-json\/wp\/v2\/media?parent=3396"}],"wp:term":[{"taxonomy":"category","embeddable":true,"href":"https:\/\/afea.fr\/news\/wp-json\/wp\/v2\/categories?post=3396"},{"taxonomy":"post_tag","embeddable":true,"href":"https:\/\/afea.fr\/news\/wp-json\/wp\/v2\/tags?post=3396"}],"curies":[{"name":"wp","href":"https:\/\/api.w.org\/{rel}","templated":true}]}}