{"id":3365,"date":"2023-10-11T09:30:41","date_gmt":"2023-10-11T07:30:41","guid":{"rendered":"https:\/\/afea.fr\/news\/publication\/podcast-la-panamericaine-5eme-episode-sur-le-genre-et-la-race-de-la-voix-aux-etats-unis\/3365\/"},"modified":"2023-10-11T09:30:41","modified_gmt":"2023-10-11T07:30:41","slug":"podcast-la-panamericaine-5eme-episode-sur-le-genre-et-la-race-de-la-voix-aux-etats-unis","status":"publish","type":"post","link":"https:\/\/afea.fr\/news\/publication\/podcast-la-panamericaine-5eme-episode-sur-le-genre-et-la-race-de-la-voix-aux-etats-unis\/3365\/","title":{"rendered":"Podcast &#8211; La Panam\u00e9ricaine, 5\u00e8me \u00e9pisode sur \u00ab\u00a0Le genre et la race de la voix aux Etats-Unis\u00a0\u00bb"},"content":{"rendered":"<p><strong>Texte : Nous avons le plaisir de vous annoncer la publication du 5<strong>\u00e8me \u00e9pisode de La Panam\u00e9ricaine<\/strong>, le podcast des jeunes chercheur\u00b7euse\u00b7s en sciences sociales sur les Am\u00e9riques.<\/strong><\/p>\n<p>Le nouvel \u00e9pisode du podcast La Panam\u00e9ricaine accueille Tristan Le Bras, doctorant en histoire \u00e0 l&rsquo;EHESS et \u00e0 Mondes Am\u00e9ricains, et Ana\u00efs Le F\u00e8vre-Berthelot, ma\u00eetresse de conf\u00e9rences \u00e0 l&rsquo;Universit\u00e9 Rennes 2, qui nous parlent de leurs recherches sur les voix \u00e0 la radio et dans les s\u00e9ries t\u00e9l\u00e9vis\u00e9es aux \u00c9tats-Unis.<br \/>\nL&rsquo;\u00e9pisode a pour titre : \u00ab\u00a0Le genre et la race de la voix\u00a0\u00bb<\/p>\n<p><strong><strong>\u2666 <\/strong><a href=\"https:\/\/open.spotify.com\/episode\/0LEhFsz5ZCK6HZWpTzfT06?si=3b19244ce3fd4eeb&amp;nd=1\"><strong>\u00c9coutez le podcast sur Spotify<\/strong><\/a> (L&rsquo;\u00e9pisode est aussi disponible sur Apple et Google Podcast).<\/strong><\/p>\n<p><strong>N&rsquo;h\u00e9sitez-pas \u00e0 nous contacter sur lapanamericainepodcast si vous avez des id\u00e9es d&rsquo;\u00e9pisodes ou tout retour \u00e0 nous faire !<br \/>\n(Et suivez-nous sur <a href=\"https:\/\/www.instagram.com\/la_panamericaine\/\">Instagram<\/a>, <a href=\"https:\/\/twitter.com\/LaPanamericaine\">Twitter<\/a> et <a href=\"https:\/\/www.facebook.com\/LaPanamericainePodcast\">Facebook<\/a>).<\/p>\n<p>\u2666 <a href=\"http:\/\/mondes-americains.ehess.fr\/index.php?3806\">Pour en savoir plus<\/a><\/strong><\/p>\n","protected":false},"excerpt":{"rendered":"<p>Texte : Nous avons le plaisir de vous annoncer la publication du 5\u00e8me \u00e9pisode de La Panam\u00e9ricaine, le podcast des [&hellip;]<\/p>\n","protected":false},"author":1,"featured_media":0,"comment_status":"","ping_status":"open","sticky":false,"template":"","format":"standard","meta":{"_uag_custom_page_level_css":"","site-sidebar-layout":"default","site-content-layout":"","ast-site-content-layout":"default","site-content-style":"default","site-sidebar-style":"default","ast-global-header-display":"","ast-banner-title-visibility":"","ast-main-header-display":"","ast-hfb-above-header-display":"","ast-hfb-below-header-display":"","ast-hfb-mobile-header-display":"","site-post-title":"","ast-breadcrumbs-content":"","ast-featured-img":"","footer-sml-layout":"","ast-disable-related-posts":"","theme-transparent-header-meta":"","adv-header-id-meta":"","stick-header-meta":"","header-above-stick-meta":"","header-main-stick-meta":"","header-below-stick-meta":"","astra-migrate-meta-layouts":"default","ast-page-background-enabled":"default","ast-page-background-meta":{"desktop":{"background-color":"var(--ast-global-color-5)","background-image":"","background-repeat":"repeat","background-position":"center center","background-size":"auto","background-attachment":"scroll","background-type":"","background-media":"","overlay-type":"","overlay-color":"","overlay-opacity":"","overlay-gradient":""},"tablet":{"background-color":"","background-image":"","background-repeat":"repeat","background-position":"center center","background-size":"auto","background-attachment":"scroll","background-type":"","background-media":"","overlay-type":"","overlay-color":"","overlay-opacity":"","overlay-gradient":""},"mobile":{"background-color":"","background-image":"","background-repeat":"repeat","background-position":"center center","background-size":"auto","background-attachment":"scroll","background-type":"","background-media":"","overlay-type":"","overlay-color":"","overlay-opacity":"","overlay-gradient":""}},"ast-content-background-meta":{"desktop":{"background-color":"var(--ast-global-color-4)","background-image":"","background-repeat":"repeat","background-position":"center center","background-size":"auto","background-attachment":"scroll","background-type":"","background-media":"","overlay-type":"","overlay-color":"","overlay-opacity":"","overlay-gradient":""},"tablet":{"background-color":"var(--ast-global-color-4)","background-image":"","background-repeat":"repeat","background-position":"center center","background-size":"auto","background-attachment":"scroll","background-type":"","background-media":"","overlay-type":"","overlay-color":"","overlay-opacity":"","overlay-gradient":""},"mobile":{"background-color":"var(--ast-global-color-4)","background-image":"","background-repeat":"repeat","background-position":"center center","background-size":"auto","background-attachment":"scroll","background-type":"","background-media":"","overlay-type":"","overlay-color":"","overlay-opacity":"","overlay-gradient":""}},"_jetpack_memberships_contains_paid_content":false,"footnotes":""},"categories":[103],"tags":[1539,1538,660,764],"class_list":["post-3365","post","type-post","status-publish","format-standard","hentry","category-publication","tag-genre-et-race","tag-podcast","tag-sciences-sociales","tag-voix"],"jetpack_featured_media_url":"","uagb_featured_image_src":{"full":false,"thumbnail":false,"medium":false,"medium_large":false,"large":false,"1536x1536":false,"2048x2048":false},"uagb_author_info":{"display_name":"Admin","author_link":"https:\/\/afea.fr\/news\/author\/yanb\/"},"uagb_comment_info":0,"uagb_excerpt":"Texte : Nous avons le plaisir de vous annoncer la publication du 5\u00e8me \u00e9pisode de La Panam\u00e9ricaine, le podcast des [&hellip;]","jetpack_sharing_enabled":true,"_links":{"self":[{"href":"https:\/\/afea.fr\/news\/wp-json\/wp\/v2\/posts\/3365"}],"collection":[{"href":"https:\/\/afea.fr\/news\/wp-json\/wp\/v2\/posts"}],"about":[{"href":"https:\/\/afea.fr\/news\/wp-json\/wp\/v2\/types\/post"}],"author":[{"embeddable":true,"href":"https:\/\/afea.fr\/news\/wp-json\/wp\/v2\/users\/1"}],"replies":[{"embeddable":true,"href":"https:\/\/afea.fr\/news\/wp-json\/wp\/v2\/comments?post=3365"}],"version-history":[{"count":0,"href":"https:\/\/afea.fr\/news\/wp-json\/wp\/v2\/posts\/3365\/revisions"}],"wp:attachment":[{"href":"https:\/\/afea.fr\/news\/wp-json\/wp\/v2\/media?parent=3365"}],"wp:term":[{"taxonomy":"category","embeddable":true,"href":"https:\/\/afea.fr\/news\/wp-json\/wp\/v2\/categories?post=3365"},{"taxonomy":"post_tag","embeddable":true,"href":"https:\/\/afea.fr\/news\/wp-json\/wp\/v2\/tags?post=3365"}],"curies":[{"name":"wp","href":"https:\/\/api.w.org\/{rel}","templated":true}]}}