{"id":3355,"date":"2023-09-28T09:43:51","date_gmt":"2023-09-28T07:43:51","guid":{"rendered":"https:\/\/afea.fr\/news\/?p=3355"},"modified":"2023-09-28T09:43:51","modified_gmt":"2023-09-28T07:43:51","slug":"programme-langues-et-langages-des-minorites-dans-le-cinema-et-la-television-anglophones-mino-rity-languages-and-voices-in-english-speaking-cinema-and-television-u-de-lille-12-et-13-oct-2023","status":"publish","type":"post","link":"https:\/\/afea.fr\/news\/conference-symposium\/programme-langues-et-langages-des-minorites-dans-le-cinema-et-la-television-anglophones-mino-rity-languages-and-voices-in-english-speaking-cinema-and-television-u-de-lille-12-et-13-oct-2023\/3355\/","title":{"rendered":"Programme \u00ab\u00a0Langues et langages des minorit\u00e9s dans le cin\u00e9ma et la t\u00e9l\u00e9vision anglophones \/\/ Mino rity Languages and Voices in English-Speaking Cinema and Television\u00a0\u00bb &#8211; U. de Lille, 12 et 13 oct 2023"},"content":{"rendered":"<p>Ch\u00e8res et chers coll\u00e8gues,<\/p>\n<p>J&rsquo;ai le plaisir de vous adresser en pi\u00e8ce jointe le programme du colloque \u00ab\u00a0Langues et langages des minorit\u00e9s dans le cin\u00e9ma et la t\u00e9l\u00e9vision anglophones \/\/ Minority Voices and Languages in English-Speaking Cinema and Television\u00a0\u00bb, qui se tiendra \u00e0 la maison de la recherche (F0.41) du campus Pont de Bois de l&rsquo;Universit\u00e9 de Lille les <strong>12 et 13 octobre 2023<\/strong>.<\/p>\n<p>Le colloque pourra \u00e9galement \u00eatre accessible en ligne en vous inscrivant au pr\u00e9alable. Dans le cas o\u00f9 vous souhaiteriez obtenir les liens Zoom, merci de bien vouloir m&rsquo;envoyer un mail \u00e0 l&rsquo;adresse suivante: mikael.toulza au plus tard <strong>le 8 octobre<\/strong>.<\/p>\n<p>Bien cordialement,<\/p>\n<p><a href=\"https:\/\/pro.univ-lille.fr\/mikael-toulza\/\"><strong>Mika\u00ebl Toulza<\/strong><\/a><br \/>\nMa\u00eetre de conf\u00e9rences en \u00e9tudes filmiques anglophones et civilisation des \u00c9tats-Unis<br \/>\nLaboratoire CECILLE (EA 4074)<br \/>\nD\u00e9partement d&rsquo;\u00e9tudes anglophones, Facult\u00e9 LCS<br \/>\nUniversit\u00e9 de Lille<\/p>\n<p>Dear colleagues,<\/p>\n<p>I am delighted to share with you the program for the upcoming event \u00ab\u00a0Langues et langages des minorit\u00e9s dans le cin\u00e9ma et la t\u00e9l\u00e9vision anglophones \/\/ Minority Languages and Voices in English-Speaking Cinema and Television\u00a0\u00bb, which will take place at the University of Lille (Pont de Bois campus, Maison de la Recherche) on <strong>October 12 and 13, 2023.<\/strong><\/p>\n<p>Should you wish to access the conference online, please register by sending me an e-mail to the following address: mikael.toulza by <strong>October 8<\/strong> at the latest.<\/p>\n<p>Best regards,<\/p>\n<p><a href=\"https:\/\/pro.univ-lille.fr\/mikael-toulza\/\"><strong>Mika\u00ebl Toulza<\/strong><\/a><br \/>\nMa\u00eetre de conf\u00e9rences en \u00e9tudes filmiques anglophones et civilisation des \u00c9tats-Unis<br \/>\nLaboratoire CECILLE (EA 4074)<br \/>\nD\u00e9partement d&rsquo;\u00e9tudes anglophones, Facult\u00e9 LCS<br \/>\nUniversit\u00e9 de Lille<\/p>\n<p><a href=\"https:\/\/afea.fr\/news\/wp-content\/uploads\/sites\/2\/2023\/09\/Programme-langues-et-langages-des-minorites.pdf\">Programme langues et langages des minorite\u0301s.pdf<\/a><\/p>\n","protected":false},"excerpt":{"rendered":"<p>Ch\u00e8res et chers coll\u00e8gues, J&rsquo;ai le plaisir de vous adresser en pi\u00e8ce jointe le programme du colloque \u00ab\u00a0Langues et langages [&hellip;]<\/p>\n","protected":false},"author":1,"featured_media":0,"comment_status":"closed","ping_status":"open","sticky":false,"template":"","format":"standard","meta":{"_uag_custom_page_level_css":"","site-sidebar-layout":"default","site-content-layout":"","ast-site-content-layout":"default","site-content-style":"default","site-sidebar-style":"default","ast-global-header-display":"","ast-banner-title-visibility":"","ast-main-header-display":"","ast-hfb-above-header-display":"","ast-hfb-below-header-display":"","ast-hfb-mobile-header-display":"","site-post-title":"","ast-breadcrumbs-content":"","ast-featured-img":"","footer-sml-layout":"","ast-disable-related-posts":"","theme-transparent-header-meta":"","adv-header-id-meta":"","stick-header-meta":"","header-above-stick-meta":"","header-main-stick-meta":"","header-below-stick-meta":"","astra-migrate-meta-layouts":"default","ast-page-background-enabled":"default","ast-page-background-meta":{"desktop":{"background-color":"var(--ast-global-color-5)","background-image":"","background-repeat":"repeat","background-position":"center center","background-size":"auto","background-attachment":"scroll","background-type":"","background-media":"","overlay-type":"","overlay-color":"","overlay-opacity":"","overlay-gradient":""},"tablet":{"background-color":"","background-image":"","background-repeat":"repeat","background-position":"center center","background-size":"auto","background-attachment":"scroll","background-type":"","background-media":"","overlay-type":"","overlay-color":"","overlay-opacity":"","overlay-gradient":""},"mobile":{"background-color":"","background-image":"","background-repeat":"repeat","background-position":"center center","background-size":"auto","background-attachment":"scroll","background-type":"","background-media":"","overlay-type":"","overlay-color":"","overlay-opacity":"","overlay-gradient":""}},"ast-content-background-meta":{"desktop":{"background-color":"var(--ast-global-color-4)","background-image":"","background-repeat":"repeat","background-position":"center center","background-size":"auto","background-attachment":"scroll","background-type":"","background-media":"","overlay-type":"","overlay-color":"","overlay-opacity":"","overlay-gradient":""},"tablet":{"background-color":"var(--ast-global-color-4)","background-image":"","background-repeat":"repeat","background-position":"center center","background-size":"auto","background-attachment":"scroll","background-type":"","background-media":"","overlay-type":"","overlay-color":"","overlay-opacity":"","overlay-gradient":""},"mobile":{"background-color":"var(--ast-global-color-4)","background-image":"","background-repeat":"repeat","background-position":"center center","background-size":"auto","background-attachment":"scroll","background-type":"","background-media":"","overlay-type":"","overlay-color":"","overlay-opacity":"","overlay-gradient":""}},"_jetpack_memberships_contains_paid_content":false,"footnotes":""},"categories":[568],"tags":[123,621,401,380,767],"class_list":["post-3355","post","type-post","status-publish","format-standard","hentry","category-conference-symposium","tag-cinema","tag-languages","tag-minorities","tag-television","tag-voices"],"jetpack_featured_media_url":"","uagb_featured_image_src":{"full":false,"thumbnail":false,"medium":false,"medium_large":false,"large":false,"1536x1536":false,"2048x2048":false},"uagb_author_info":{"display_name":"Admin","author_link":"https:\/\/afea.fr\/news\/author\/yanb\/"},"uagb_comment_info":0,"uagb_excerpt":"Ch\u00e8res et chers coll\u00e8gues, J&rsquo;ai le plaisir de vous adresser en pi\u00e8ce jointe le programme du colloque \u00ab\u00a0Langues et langages [&hellip;]","jetpack_sharing_enabled":true,"_links":{"self":[{"href":"https:\/\/afea.fr\/news\/wp-json\/wp\/v2\/posts\/3355"}],"collection":[{"href":"https:\/\/afea.fr\/news\/wp-json\/wp\/v2\/posts"}],"about":[{"href":"https:\/\/afea.fr\/news\/wp-json\/wp\/v2\/types\/post"}],"author":[{"embeddable":true,"href":"https:\/\/afea.fr\/news\/wp-json\/wp\/v2\/users\/1"}],"replies":[{"embeddable":true,"href":"https:\/\/afea.fr\/news\/wp-json\/wp\/v2\/comments?post=3355"}],"version-history":[{"count":1,"href":"https:\/\/afea.fr\/news\/wp-json\/wp\/v2\/posts\/3355\/revisions"}],"predecessor-version":[{"id":3357,"href":"https:\/\/afea.fr\/news\/wp-json\/wp\/v2\/posts\/3355\/revisions\/3357"}],"wp:attachment":[{"href":"https:\/\/afea.fr\/news\/wp-json\/wp\/v2\/media?parent=3355"}],"wp:term":[{"taxonomy":"category","embeddable":true,"href":"https:\/\/afea.fr\/news\/wp-json\/wp\/v2\/categories?post=3355"},{"taxonomy":"post_tag","embeddable":true,"href":"https:\/\/afea.fr\/news\/wp-json\/wp\/v2\/tags?post=3355"}],"curies":[{"name":"wp","href":"https:\/\/api.w.org\/{rel}","templated":true}]}}