{"id":3354,"date":"2023-09-28T09:37:21","date_gmt":"2023-09-28T07:37:21","guid":{"rendered":"https:\/\/afea.fr\/news\/other-news\/festival-les-nords-univ-paris-nanterre-4-6-octobre\/3354\/"},"modified":"2023-09-28T09:37:21","modified_gmt":"2023-09-28T07:37:21","slug":"festival-les-nords-univ-paris-nanterre-4-6-octobre","status":"publish","type":"post","link":"https:\/\/afea.fr\/news\/other-news\/festival-les-nords-univ-paris-nanterre-4-6-octobre\/3354\/","title":{"rendered":"Festival \u00ab\u00a0Les Nords\u00a0\u00bb &#8211; Univ. Paris Nanterre 4-6 octobre"},"content":{"rendered":"<p>Ch\u00e8res et chers coll\u00e8gues,<\/p>\n<p>nous avons le plaisir de vous inviter au festival \u00ab\u00a0Les Nords\u00a0\u00bb qui aura lieu \u00e0 l&rsquo;Universit\u00e9 Paris Nanterre (b\u00e2timent Weber) les 4, 5 &amp; 6 octobre prochains et mettra \u00e0 l&rsquo;honneur les identit\u00e9s nordiques dans le monde anglophone gr\u00e2ce \u00e0 une expo-photo (\u00ab\u00a0L&rsquo;Irlande des Po\u00e8tes\u00a0\u00bb) et \u00e0 3 projections-d\u00e9bats.<\/p>\n<p>Ci-dessous un aper\u00e7u du programme:<br \/>\nMercredi 4 octobre 2023 (17h-19h) Projection-d\u00e9bat Broen vs. The Tunnel<br \/>\nJeudi 5 octobre 2023 (17h-19h) Projection-d\u00e9bat Frozen River<br \/>\nVendredi 6 octobre 2023 (17h-19h) Projection-d\u00e9bat Lyra en pr\u00e9sence de la r\u00e9alisatrice Alison Millar<\/p>\n<p>Pour plus d&rsquo;informations : <a href=\"https:\/\/crea.parisnanterre.fr\/colloques-et-journees-detude\/festival-les-nords\">https:\/\/crea.parisnanterre.fr\/colloques-et-journees-detude\/festival-les-nords<\/a><\/p>\n<p>N&rsquo;h\u00e9sitez pas \u00e0 en parler \u00e0 vos \u00e9tudiantes et \u00e9tudiants \u00e0 qui ce festival est bien \u00e9videmment destin\u00e9.<\/p>\n<p>En esp\u00e9rant vous y voir nombreuses et nombreux!<\/p>\n<p>Nordiquement v\u00f4tres,<\/p>\n<p>C\u00e9cile Viollain, Flore Coulouma, Anne-Marie Paquet-Deyris et Hugo Chatellier<\/p>\n","protected":false},"excerpt":{"rendered":"<p>Ch\u00e8res et chers coll\u00e8gues, nous avons le plaisir de vous inviter au festival \u00ab\u00a0Les Nords\u00a0\u00bb qui aura lieu \u00e0 l&rsquo;Universit\u00e9 [&hellip;]<\/p>\n","protected":false},"author":1,"featured_media":0,"comment_status":"","ping_status":"open","sticky":false,"template":"","format":"standard","meta":{"_uag_custom_page_level_css":"","site-sidebar-layout":"default","site-content-layout":"","ast-site-content-layout":"default","site-content-style":"default","site-sidebar-style":"default","ast-global-header-display":"","ast-banner-title-visibility":"","ast-main-header-display":"","ast-hfb-above-header-display":"","ast-hfb-below-header-display":"","ast-hfb-mobile-header-display":"","site-post-title":"","ast-breadcrumbs-content":"","ast-featured-img":"","footer-sml-layout":"","ast-disable-related-posts":"","theme-transparent-header-meta":"","adv-header-id-meta":"","stick-header-meta":"","header-above-stick-meta":"","header-main-stick-meta":"","header-below-stick-meta":"","astra-migrate-meta-layouts":"default","ast-page-background-enabled":"default","ast-page-background-meta":{"desktop":{"background-color":"var(--ast-global-color-5)","background-image":"","background-repeat":"repeat","background-position":"center center","background-size":"auto","background-attachment":"scroll","background-type":"","background-media":"","overlay-type":"","overlay-color":"","overlay-opacity":"","overlay-gradient":""},"tablet":{"background-color":"","background-image":"","background-repeat":"repeat","background-position":"center center","background-size":"auto","background-attachment":"scroll","background-type":"","background-media":"","overlay-type":"","overlay-color":"","overlay-opacity":"","overlay-gradient":""},"mobile":{"background-color":"","background-image":"","background-repeat":"repeat","background-position":"center center","background-size":"auto","background-attachment":"scroll","background-type":"","background-media":"","overlay-type":"","overlay-color":"","overlay-opacity":"","overlay-gradient":""}},"ast-content-background-meta":{"desktop":{"background-color":"var(--ast-global-color-4)","background-image":"","background-repeat":"repeat","background-position":"center center","background-size":"auto","background-attachment":"scroll","background-type":"","background-media":"","overlay-type":"","overlay-color":"","overlay-opacity":"","overlay-gradient":""},"tablet":{"background-color":"var(--ast-global-color-4)","background-image":"","background-repeat":"repeat","background-position":"center center","background-size":"auto","background-attachment":"scroll","background-type":"","background-media":"","overlay-type":"","overlay-color":"","overlay-opacity":"","overlay-gradient":""},"mobile":{"background-color":"var(--ast-global-color-4)","background-image":"","background-repeat":"repeat","background-position":"center center","background-size":"auto","background-attachment":"scroll","background-type":"","background-media":"","overlay-type":"","overlay-color":"","overlay-opacity":"","overlay-gradient":""}},"_jetpack_memberships_contains_paid_content":false,"footnotes":""},"categories":[119],"tags":[1534,233,1531,1532,778,1533],"class_list":["post-3354","post","type-post","status-publish","format-standard","hentry","category-other-news","tag-debat","tag-festival","tag-identites-nordiques","tag-irlande","tag-poesie","tag-projection"],"jetpack_featured_media_url":"","uagb_featured_image_src":{"full":false,"thumbnail":false,"medium":false,"medium_large":false,"large":false,"1536x1536":false,"2048x2048":false},"uagb_author_info":{"display_name":"Admin","author_link":"https:\/\/afea.fr\/news\/author\/yanb\/"},"uagb_comment_info":0,"uagb_excerpt":"Ch\u00e8res et chers coll\u00e8gues, nous avons le plaisir de vous inviter au festival \u00ab\u00a0Les Nords\u00a0\u00bb qui aura lieu \u00e0 l&rsquo;Universit\u00e9 [&hellip;]","jetpack_sharing_enabled":true,"_links":{"self":[{"href":"https:\/\/afea.fr\/news\/wp-json\/wp\/v2\/posts\/3354"}],"collection":[{"href":"https:\/\/afea.fr\/news\/wp-json\/wp\/v2\/posts"}],"about":[{"href":"https:\/\/afea.fr\/news\/wp-json\/wp\/v2\/types\/post"}],"author":[{"embeddable":true,"href":"https:\/\/afea.fr\/news\/wp-json\/wp\/v2\/users\/1"}],"replies":[{"embeddable":true,"href":"https:\/\/afea.fr\/news\/wp-json\/wp\/v2\/comments?post=3354"}],"version-history":[{"count":0,"href":"https:\/\/afea.fr\/news\/wp-json\/wp\/v2\/posts\/3354\/revisions"}],"wp:attachment":[{"href":"https:\/\/afea.fr\/news\/wp-json\/wp\/v2\/media?parent=3354"}],"wp:term":[{"taxonomy":"category","embeddable":true,"href":"https:\/\/afea.fr\/news\/wp-json\/wp\/v2\/categories?post=3354"},{"taxonomy":"post_tag","embeddable":true,"href":"https:\/\/afea.fr\/news\/wp-json\/wp\/v2\/tags?post=3354"}],"curies":[{"name":"wp","href":"https:\/\/api.w.org\/{rel}","templated":true}]}}