{"id":3353,"date":"2023-09-28T09:34:52","date_gmt":"2023-09-28T07:34:52","guid":{"rendered":"https:\/\/afea.fr\/news\/conference-symposium\/comparative-health-huimanities-symposium\/3353\/"},"modified":"2023-09-28T09:34:52","modified_gmt":"2023-09-28T07:34:52","slug":"comparative-health-huimanities-symposium","status":"publish","type":"post","link":"https:\/\/afea.fr\/news\/conference-symposium\/comparative-health-huimanities-symposium\/3353\/","title":{"rendered":"Comparative Health Huimanities Symposium"},"content":{"rendered":"<p>Ch\u00e8res et chers coll\u00e8gues (<em>English below)<\/em><\/p>\n<p>Apr\u00e8s une <a href=\"https:\/\/calendar.northeastern.edu\/event\/the_comparative_health_humanities_symposium_a_multi-day_event_at_northeastern_university_and_harvard_university_on_monday_april_24th_and_tuesday_april_25th_2863\">premi\u00e8re \u00e9dition \u00e0 Boston <\/a>en avril dernier, le second Symposium \u00ab\u00a0Comparative Health Humanities\u00a0\u00bb se tiendra \u00e0 l&rsquo;Institut d\u2019\u00c9tudes Avanc\u00e9es de Paris les <strong>5-6 Octobre 2023 (apr\u00e8s-midis)<\/strong>.<\/p>\n<p>Ce symposium propose de comparer des id\u00e9es, concepts et m\u00e9thodes autour des humanit\u00e9s en sant\u00e9 en France et aux \u00c9tats-Unis. Nous analyserons notamment les impens\u00e9s de l&rsquo;impact des infrastructures et contextes nationaux et locaux sur l&rsquo;\u00e9laboration des concepts en humanit\u00e9s m\u00e9dicales. La moiti\u00e9 des sessions seront consacr\u00e9es \u00e0 des questions g\u00e9n\u00e9rales sur les humanit\u00e9s en sant\u00e9 en France et aux \u00c9tats-Unis (environnement et de sant\u00e9 ; donn\u00e9es m\u00e9dicales; traduction des notions et obstacles \u00e0 la traduction; humanit\u00e9s m\u00e9dicales et professions de sant\u00e9), et les autres aborderont plus sp\u00e9cifiquement les questions raciales, de migrations et d&rsquo;histoire coloniale et post-coloniale dans les humanit\u00e9s en sant\u00e9 en France et aux \u00c9tats-Unis.<\/p>\n<p>Vous trouverez le programme d\u00e9taill\u00e9 \u00e0 la fin de ce courriel.<\/p>\n<p>Liste des intervenant.e.s:<\/p>\n<p>Eram Alam, Universit\u00e9 de Harvard<br \/>\nSari Altschuler, Universit\u00e9 de Northeastern<br \/>\nRita Charon, Universit\u00e9 de Columbia<br \/>\nDavid Shumway Jones, Universit\u00e9 de Harvard<br \/>\nJonathan Kahn, Universit\u00e9 de Northeastern<br \/>\nGuillaume Lachenal, Sciences Po<br \/>\nC\u00e9line Lef\u00e8ve, Universit\u00e9 Paris Cit\u00e9<br \/>\nSol\u00e8ne Lellinger, Universit\u00e9 Paris Cit\u00e9<br \/>\nChris Parsons, Universit\u00e9 de Northeastern<br \/>\nPaul-Andr\u00e9 Rosental, Sciences Po<br \/>\nKaren Thornber, Universit\u00e9 de Harvard<br \/>\nSophie Vasset, Universit\u00e9 Paul Val\u00e9ry Montpellier<br \/>\nJean-Christian Vinel, Universit\u00e9 Paris Cit\u00e9<br \/>\nSimeng Wang, Cermes3, CNRS<br \/>\nPatricia Williams, Universit\u00e9 de Northeastern<\/p>\n<p>L&rsquo;\u00e9v\u00e9nement est ouvert \u00e0 toutes et \u00e0 tous sur inscription <strong>obligatoire en suivant ce <\/strong><a href=\"https:\/\/docs.google.com\/forms\/d\/e\/1FAIpQLScSWDr80TnqSvGUpGz3DARPx5ry1Fg10FW9pQHMPY0gcfJx7A\/viewform?usp=sf_link\"><strong>lien<\/strong><\/a>. Il pourra \u00eatre suivi en pr\u00e9sentiel et en distanciel. Vous trouverez le programme ci-dessous et l&rsquo;affiche en pi\u00e8ce jointe.<\/p>\n<p>Ce symposium est soutenu par l&rsquo;Institut \u00ab\u00a0La Personne en M\u00e9decine\u00a0\u00bb de l&rsquo;Universit\u00e9 Paris-Cit\u00e9, le Centre National de la Recherche Scientifique (CNRS), le Laboratoire de Recherche sur les Cultures Anglophones (LARCA, UMR 8225), le \u00ab\u00a0Health, Humanities, and Society and Humanities Center\u00a0\u00bb de l&rsquo;Universit\u00e9 de Northeastern \u00e0 Boston, et le \u00ab\u00a0Critical Health Humanities seminar\u00a0\u00bb du \u00ab\u00a0Mahindra Humanities Center\u00a0\u00bb de l&rsquo;Universit\u00e9 de Harvard.<\/p>\n<p>L&rsquo;\u00e9v\u00e9nement sera enti\u00e8rement en anglais, mais les questions pourront \u00eatre pos\u00e9es en fran\u00e7ais.<\/p>\n<p>Bien cordialement,<\/p>\n<p>Sari Altschuler, co-organisatrice<br \/>\nSophie Vasset, co-organisatrice<br \/>\nC\u00e9line Lef\u00e8ve, co-directrice de l&rsquo;Institut la Personne en M\u00e9decine<\/p>\n","protected":false},"excerpt":{"rendered":"<p>Ch\u00e8res et chers coll\u00e8gues (English below) Apr\u00e8s une premi\u00e8re \u00e9dition \u00e0 Boston en avril dernier, le second Symposium \u00ab\u00a0Comparative Health [&hellip;]<\/p>\n","protected":false},"author":1,"featured_media":0,"comment_status":"","ping_status":"open","sticky":false,"template":"","format":"standard","meta":{"_uag_custom_page_level_css":"","site-sidebar-layout":"default","site-content-layout":"","ast-site-content-layout":"default","site-content-style":"default","site-sidebar-style":"default","ast-global-header-display":"","ast-banner-title-visibility":"","ast-main-header-display":"","ast-hfb-above-header-display":"","ast-hfb-below-header-display":"","ast-hfb-mobile-header-display":"","site-post-title":"","ast-breadcrumbs-content":"","ast-featured-img":"","footer-sml-layout":"","ast-disable-related-posts":"","theme-transparent-header-meta":"","adv-header-id-meta":"","stick-header-meta":"","header-above-stick-meta":"","header-main-stick-meta":"","header-below-stick-meta":"","astra-migrate-meta-layouts":"default","ast-page-background-enabled":"default","ast-page-background-meta":{"desktop":{"background-color":"var(--ast-global-color-5)","background-image":"","background-repeat":"repeat","background-position":"center center","background-size":"auto","background-attachment":"scroll","background-type":"","background-media":"","overlay-type":"","overlay-color":"","overlay-opacity":"","overlay-gradient":""},"tablet":{"background-color":"","background-image":"","background-repeat":"repeat","background-position":"center center","background-size":"auto","background-attachment":"scroll","background-type":"","background-media":"","overlay-type":"","overlay-color":"","overlay-opacity":"","overlay-gradient":""},"mobile":{"background-color":"","background-image":"","background-repeat":"repeat","background-position":"center center","background-size":"auto","background-attachment":"scroll","background-type":"","background-media":"","overlay-type":"","overlay-color":"","overlay-opacity":"","overlay-gradient":""}},"ast-content-background-meta":{"desktop":{"background-color":"var(--ast-global-color-4)","background-image":"","background-repeat":"repeat","background-position":"center center","background-size":"auto","background-attachment":"scroll","background-type":"","background-media":"","overlay-type":"","overlay-color":"","overlay-opacity":"","overlay-gradient":""},"tablet":{"background-color":"var(--ast-global-color-4)","background-image":"","background-repeat":"repeat","background-position":"center center","background-size":"auto","background-attachment":"scroll","background-type":"","background-media":"","overlay-type":"","overlay-color":"","overlay-opacity":"","overlay-gradient":""},"mobile":{"background-color":"var(--ast-global-color-4)","background-image":"","background-repeat":"repeat","background-position":"center center","background-size":"auto","background-attachment":"scroll","background-type":"","background-media":"","overlay-type":"","overlay-color":"","overlay-opacity":"","overlay-gradient":""}},"_jetpack_memberships_contains_paid_content":false,"footnotes":""},"categories":[568],"tags":[1529,1530,620],"class_list":["post-3353","post","type-post","status-publish","format-standard","hentry","category-conference-symposium","tag-comparative-health-humanities","tag-humanites-medicales","tag-traduction"],"jetpack_featured_media_url":"","uagb_featured_image_src":{"full":false,"thumbnail":false,"medium":false,"medium_large":false,"large":false,"1536x1536":false,"2048x2048":false},"uagb_author_info":{"display_name":"Admin","author_link":"https:\/\/afea.fr\/news\/author\/yanb\/"},"uagb_comment_info":0,"uagb_excerpt":"Ch\u00e8res et chers coll\u00e8gues (English below) Apr\u00e8s une premi\u00e8re \u00e9dition \u00e0 Boston en avril dernier, le second Symposium \u00ab\u00a0Comparative Health [&hellip;]","jetpack_sharing_enabled":true,"_links":{"self":[{"href":"https:\/\/afea.fr\/news\/wp-json\/wp\/v2\/posts\/3353"}],"collection":[{"href":"https:\/\/afea.fr\/news\/wp-json\/wp\/v2\/posts"}],"about":[{"href":"https:\/\/afea.fr\/news\/wp-json\/wp\/v2\/types\/post"}],"author":[{"embeddable":true,"href":"https:\/\/afea.fr\/news\/wp-json\/wp\/v2\/users\/1"}],"replies":[{"embeddable":true,"href":"https:\/\/afea.fr\/news\/wp-json\/wp\/v2\/comments?post=3353"}],"version-history":[{"count":0,"href":"https:\/\/afea.fr\/news\/wp-json\/wp\/v2\/posts\/3353\/revisions"}],"wp:attachment":[{"href":"https:\/\/afea.fr\/news\/wp-json\/wp\/v2\/media?parent=3353"}],"wp:term":[{"taxonomy":"category","embeddable":true,"href":"https:\/\/afea.fr\/news\/wp-json\/wp\/v2\/categories?post=3353"},{"taxonomy":"post_tag","embeddable":true,"href":"https:\/\/afea.fr\/news\/wp-json\/wp\/v2\/tags?post=3353"}],"curies":[{"name":"wp","href":"https:\/\/api.w.org\/{rel}","templated":true}]}}