{"id":3352,"date":"2023-09-28T09:32:54","date_gmt":"2023-09-28T07:32:54","guid":{"rendered":"https:\/\/afea.fr\/news\/parution\/literary-neo-avant-gardes-politics-of-form-revisited-modernity-modernism\/3352\/"},"modified":"2023-10-26T11:18:29","modified_gmt":"2023-10-26T09:18:29","slug":"literary-neo-avant-gardes-politics-of-form-revisited-modernity-modernism","status":"publish","type":"post","link":"https:\/\/afea.fr\/news\/publication\/literary-neo-avant-gardes-politics-of-form-revisited-modernity-modernism\/3352\/","title":{"rendered":"\u00ab\u00a0Literary Neo-Avant-Gardes: Politics of Form Revisited\u00a0\u00bb Modernity\/Modernism"},"content":{"rendered":"<p>Ch\u00e8res et chers coll\u00e8gues,<\/p>\n<p>Le num\u00e9ro \u00ab\u00a0Literary Neo-Avant-Gardes: Politics of Form Revisited\u00a0\u00bb que j&rsquo;ai coordonn\u00e9 avec Lars Bernaerts et Sabine M\u00fcller a \u00e9t\u00e9 publi\u00e9 par la revue <em>Modernism\/Modernity<\/em>.<br \/>\n<a href=\"https:\/\/doi.org\/10.26597\/mod.0266\">https:\/\/doi.org\/10.26597\/mod.0266<\/a><\/p>\n<p>Sommaire:<br \/>\n&gt; Lars Bernaerts, Vincent Broqua, Sabine M\u00fcller: \u00ab\u00a0Literary Neo-Avant-Gardes \u2013 Historicizing the Politics of Form,\u00a0\u00bb (introduction au num\u00e9ro)<br \/>\n<a href=\"https:\/\/doi.org\/10.26597\/mod.0266\">https:\/\/doi.org\/10.26597\/mod.0266<\/a><\/p>\n<p>&gt; Michel Delville, Thomas Eder, and Hans Vandevoorde: \u00ab\u00a0Post-Avant Translation Practices: Language Poetry in Austria &amp; The Low Countries\u00a0\u00bb<br \/>\n<a href=\"https:\/\/doi.org\/10.26597\/mod.0267\">https:\/\/doi.org\/10.26597\/mod.0267<\/a><br \/>\n&gt; Vincent Broqua, Dirk De Geest, and Bart Vervaeck : \u00ab\u00a0Neo-Avant-Garde Politics and Poetics from a Transnational Perspective: The Conversation between the Beats and Labris\u00a0\u00bb<br \/>\n<a href=\"https:\/\/doi.org\/10.26597\/mod.0268\">https:\/\/doi.org\/10.26597\/mod.0268<\/a><br \/>\n&gt; Inge Arteel and Sabine M\u00fcller: \u00ab\u00a0Reworking the Collective Body: Practices of Choric Speaking in the German and Austrian New Radio Play\u00a0\u00bb<br \/>\n<a href=\"https:\/\/doi.org\/10.26597\/mod.0269\">https:\/\/doi.org\/10.26597\/mod.0269<\/a><\/p>\n<p>&gt; Johan Gardfors, Roland Innerhofer, and Isabelle Krzywkowski: \u00ab\u00a0Demilitarization of Languages: Sound Poetry in Austria, France, and Sweden\u00a0\u00bb<br \/>\n<a href=\"https:\/\/doi.org\/10.26597\/mod.0270\">https:\/\/doi.org\/10.26597\/mod.0270<\/a><\/p>\n<p>Ce num\u00e9ro est le fruit du travail du programme de recherche ENAG (<a href=\"https:\/\/enag.be\/\">https:\/\/enag.be\/<\/a>), financ\u00e9 par le FWO et men\u00e9 par Ghent University, KU Leuven, Universit\u00e9 de Li\u00e8ge, Vrije Universiteit Brussel, Universit\u00e4t Wien, et l&rsquo;Universit\u00e9 de Paris 8.<\/p>\n<p>Bien \u00e0 vous,<br \/>\nVincent Broqua<\/p>\n","protected":false},"excerpt":{"rendered":"<p>Ch\u00e8res et chers coll\u00e8gues, Le num\u00e9ro \u00ab\u00a0Literary Neo-Avant-Gardes: Politics of Form Revisited\u00a0\u00bb que j&rsquo;ai coordonn\u00e9 avec Lars Bernaerts et Sabine [&hellip;]<\/p>\n","protected":false},"author":1,"featured_media":0,"comment_status":"closed","ping_status":"open","sticky":false,"template":"","format":"standard","meta":{"_uag_custom_page_level_css":"","site-sidebar-layout":"default","site-content-layout":"","ast-site-content-layout":"default","site-content-style":"default","site-sidebar-style":"default","ast-global-header-display":"","ast-banner-title-visibility":"","ast-main-header-display":"","ast-hfb-above-header-display":"","ast-hfb-below-header-display":"","ast-hfb-mobile-header-display":"","site-post-title":"","ast-breadcrumbs-content":"","ast-featured-img":"","footer-sml-layout":"","ast-disable-related-posts":"","theme-transparent-header-meta":"","adv-header-id-meta":"","stick-header-meta":"","header-above-stick-meta":"","header-main-stick-meta":"","header-below-stick-meta":"","astra-migrate-meta-layouts":"default","ast-page-background-enabled":"default","ast-page-background-meta":{"desktop":{"background-color":"var(--ast-global-color-5)","background-image":"","background-repeat":"repeat","background-position":"center center","background-size":"auto","background-attachment":"scroll","background-type":"","background-media":"","overlay-type":"","overlay-color":"","overlay-opacity":"","overlay-gradient":""},"tablet":{"background-color":"","background-image":"","background-repeat":"repeat","background-position":"center center","background-size":"auto","background-attachment":"scroll","background-type":"","background-media":"","overlay-type":"","overlay-color":"","overlay-opacity":"","overlay-gradient":""},"mobile":{"background-color":"","background-image":"","background-repeat":"repeat","background-position":"center center","background-size":"auto","background-attachment":"scroll","background-type":"","background-media":"","overlay-type":"","overlay-color":"","overlay-opacity":"","overlay-gradient":""}},"ast-content-background-meta":{"desktop":{"background-color":"var(--ast-global-color-4)","background-image":"","background-repeat":"repeat","background-position":"center center","background-size":"auto","background-attachment":"scroll","background-type":"","background-media":"","overlay-type":"","overlay-color":"","overlay-opacity":"","overlay-gradient":""},"tablet":{"background-color":"var(--ast-global-color-4)","background-image":"","background-repeat":"repeat","background-position":"center center","background-size":"auto","background-attachment":"scroll","background-type":"","background-media":"","overlay-type":"","overlay-color":"","overlay-opacity":"","overlay-gradient":""},"mobile":{"background-color":"var(--ast-global-color-4)","background-image":"","background-repeat":"repeat","background-position":"center center","background-size":"auto","background-attachment":"scroll","background-type":"","background-media":"","overlay-type":"","overlay-color":"","overlay-opacity":"","overlay-gradient":""}},"_jetpack_memberships_contains_paid_content":false,"footnotes":""},"categories":[103],"tags":[1528,1526,1527],"class_list":["post-3352","post","type-post","status-publish","format-standard","hentry","category-publication","tag-literary-form","tag-neo-avant-garde","tag-revisiting"],"jetpack_featured_media_url":"","uagb_featured_image_src":{"full":false,"thumbnail":false,"medium":false,"medium_large":false,"large":false,"1536x1536":false,"2048x2048":false},"uagb_author_info":{"display_name":"Admin","author_link":"https:\/\/afea.fr\/news\/author\/yanb\/"},"uagb_comment_info":0,"uagb_excerpt":"Ch\u00e8res et chers coll\u00e8gues, Le num\u00e9ro \u00ab\u00a0Literary Neo-Avant-Gardes: Politics of Form Revisited\u00a0\u00bb que j&rsquo;ai coordonn\u00e9 avec Lars Bernaerts et Sabine [&hellip;]","jetpack_sharing_enabled":true,"_links":{"self":[{"href":"https:\/\/afea.fr\/news\/wp-json\/wp\/v2\/posts\/3352"}],"collection":[{"href":"https:\/\/afea.fr\/news\/wp-json\/wp\/v2\/posts"}],"about":[{"href":"https:\/\/afea.fr\/news\/wp-json\/wp\/v2\/types\/post"}],"author":[{"embeddable":true,"href":"https:\/\/afea.fr\/news\/wp-json\/wp\/v2\/users\/1"}],"replies":[{"embeddable":true,"href":"https:\/\/afea.fr\/news\/wp-json\/wp\/v2\/comments?post=3352"}],"version-history":[{"count":1,"href":"https:\/\/afea.fr\/news\/wp-json\/wp\/v2\/posts\/3352\/revisions"}],"predecessor-version":[{"id":3420,"href":"https:\/\/afea.fr\/news\/wp-json\/wp\/v2\/posts\/3352\/revisions\/3420"}],"wp:attachment":[{"href":"https:\/\/afea.fr\/news\/wp-json\/wp\/v2\/media?parent=3352"}],"wp:term":[{"taxonomy":"category","embeddable":true,"href":"https:\/\/afea.fr\/news\/wp-json\/wp\/v2\/categories?post=3352"},{"taxonomy":"post_tag","embeddable":true,"href":"https:\/\/afea.fr\/news\/wp-json\/wp\/v2\/tags?post=3352"}],"curies":[{"name":"wp","href":"https:\/\/api.w.org\/{rel}","templated":true}]}}